{"id":311,"date":"2025-12-03T18:58:47","date_gmt":"2025-12-03T21:58:47","guid":{"rendered":"https:\/\/oexpressobr.com.br\/?p=311"},"modified":"2025-12-03T18:58:48","modified_gmt":"2025-12-03T21:58:48","slug":"ministerio-da-justica-demite-alexandre-ramagem-e-anderson-torres-da-pf-apos-condenacao-no-stf","status":"publish","type":"post","link":"https:\/\/oexpressobr.com.br\/?p=311","title":{"rendered":"Minist\u00e9rio da Justi\u00e7a Demite Alexandre Ramagem e Anderson Torres da PF Ap\u00f3s Condena\u00e7\u00e3o no STF"},"content":{"rendered":"\n<p class=\"wp-block-paragraph\">\u200bO Minist\u00e9rio da Justi\u00e7a e Seguran\u00e7a P\u00fablica formalizou nesta quarta-feira, 3 de dezembro de 2025, a demiss\u00e3o dos delegados da Pol\u00edcia Federal Alexandre Ramagem e Anderson Torres. A desvincula\u00e7\u00e3o dos dois foi efetivada por meio de portarias assinadas pelo ministro Ricardo Lewandowski e publicadas no Di\u00e1rio Oficial da Uni\u00e3o, cumprindo a decis\u00e3o do Supremo Tribunal Federal (STF) que os condenou por envolvimento na tentativa de golpe de Estado.<\/p>\n\n\n\n<p class=\"wp-block-paragraph\">\u200bAmbos foram condenados na a\u00e7\u00e3o penal que tamb\u00e9m sentenciou o ex-presidente Jair Bolsonaro (PL) a 27 anos e tr\u00eas meses de pris\u00e3o. A Corte considerou Ramagem, que \u00e9 deputado federal, e Torres, ex-ministro da Justi\u00e7a e ex-secret\u00e1rio de Seguran\u00e7a P\u00fablica do Distrito Federal, como parte do chamado &#8220;n\u00facleo crucial&#8221; da organiza\u00e7\u00e3o criminosa que tentou interromper a transi\u00e7\u00e3o democr\u00e1tica no Pa\u00eds.<\/p>\n\n\n\n<h3 class=\"wp-block-heading\">\u200bPerda do Cargo na PF e Pr\u00f3ximos Passos<\/h3>\n\n\n\n<p class=\"wp-block-paragraph\">\u200bA demiss\u00e3o da Pol\u00edcia Federal ocorre ap\u00f3s o tr\u00e2nsito em julgado da condena\u00e7\u00e3o no STF, o que significa que n\u00e3o h\u00e1 mais possibilidade de recursos contra a decis\u00e3o. O ministro Alexandre de Moraes, relator da a\u00e7\u00e3o, j\u00e1 havia determinado o in\u00edcio imediato do cumprimento das penas, todas em regime inicialmente fechado.<\/p>\n\n\n\n<p class=\"wp-block-paragraph\">\u200b<strong>Anderson Torres:<\/strong> Condenado a 24 anos de pris\u00e3o, Torres recorre da senten\u00e7a em liberdade, sob o monitoramento de tornozeleira eletr\u00f4nica.<\/p>\n\n\n\n<p class=\"wp-block-paragraph\">\u200b<strong>Alexandre Ramagem:<\/strong> Al\u00e9m da demiss\u00e3o da PF, o STF comunicou formalmente a C\u00e2mara dos Deputados para que a Mesa Diretora registre a perda de seu mandato, uma vez que a condena\u00e7\u00e3o em \u00f3rg\u00e3o colegiado implica a inelegibilidade, conforme a Lei da Ficha Limpa. Ramagem \u00e9 considerado foragido pela Justi\u00e7a, ap\u00f3s ter a pris\u00e3o decretada.<\/p>\n\n\n\n<p class=\"wp-block-paragraph\">\u200bA formaliza\u00e7\u00e3o da demiss\u00e3o do quadro da Pol\u00edcia Federal encerra o v\u00ednculo dos dois com a corpora\u00e7\u00e3o, mas n\u00e3o impede que os processos disciplinares internos, que j\u00e1 estavam em curso na PF contra Ramagem e Torres, sigam seus tr\u00e2mites para apurar as condutas.<\/p>\n","protected":false},"excerpt":{"rendered":"<p>\u200bO Minist\u00e9rio da Justi\u00e7a e Seguran\u00e7a P\u00fablica formalizou nesta quarta-feira, 3 de dezembro de 2025, a demiss\u00e3o dos delegados da Pol\u00edcia Federal Alexandre Ramagem e [&#8230;]<\/p>\n","protected":false},"author":1,"featured_media":312,"comment_status":"open","ping_status":"open","sticky":false,"template":"","format":"standard","meta":{"_crdt_document":"","_jetpack_memberships_contains_paid_content":false,"footnotes":"","jetpack_publicize_message":"","jetpack_publicize_feature_enabled":true,"jetpack_social_post_already_shared":false,"jetpack_social_options":{"image_generator_settings":{"template":"highway","default_image_id":0,"font":"","enabled":false},"version":2}},"categories":[8],"tags":[],"class_list":["post-311","post","type-post","status-publish","format-standard","has-post-thumbnail","hentry","category-judiciario"],"jetpack_publicize_connections":[],"jetpack_featured_media_url":"https:\/\/i0.wp.com\/oexpressobr.com.br\/wp-content\/uploads\/2025\/12\/IMG-20251203-WA0259.jpg?fit=1600%2C1067&ssl=1","jetpack_likes_enabled":true,"jetpack_sharing_enabled":true,"_links":{"self":[{"href":"https:\/\/oexpressobr.com.br\/index.php?rest_route=\/wp\/v2\/posts\/311","targetHints":{"allow":["GET"]}}],"collection":[{"href":"https:\/\/oexpressobr.com.br\/index.php?rest_route=\/wp\/v2\/posts"}],"about":[{"href":"https:\/\/oexpressobr.com.br\/index.php?rest_route=\/wp\/v2\/types\/post"}],"author":[{"embeddable":true,"href":"https:\/\/oexpressobr.com.br\/index.php?rest_route=\/wp\/v2\/users\/1"}],"replies":[{"embeddable":true,"href":"https:\/\/oexpressobr.com.br\/index.php?rest_route=%2Fwp%2Fv2%2Fcomments&post=311"}],"version-history":[{"count":0,"href":"https:\/\/oexpressobr.com.br\/index.php?rest_route=\/wp\/v2\/posts\/311\/revisions"}],"wp:featuredmedia":[{"embeddable":true,"href":"https:\/\/oexpressobr.com.br\/index.php?rest_route=\/wp\/v2\/media\/312"}],"wp:attachment":[{"href":"https:\/\/oexpressobr.com.br\/index.php?rest_route=%2Fwp%2Fv2%2Fmedia&parent=311"}],"wp:term":[{"taxonomy":"category","embeddable":true,"href":"https:\/\/oexpressobr.com.br\/index.php?rest_route=%2Fwp%2Fv2%2Fcategories&post=311"},{"taxonomy":"post_tag","embeddable":true,"href":"https:\/\/oexpressobr.com.br\/index.php?rest_route=%2Fwp%2Fv2%2Ftags&post=311"}],"curies":[{"name":"wp","href":"https:\/\/api.w.org\/{rel}","templated":true}]}}