{"id":3112,"date":"2026-02-02T20:10:11","date_gmt":"2026-02-02T23:10:11","guid":{"rendered":"https:\/\/oexpressobr.com.br\/?p=3112"},"modified":"2026-02-02T20:10:13","modified_gmt":"2026-02-02T23:10:13","slug":"requiao-filho-e-pdt-articulam-frente-ampla-para-romper-ciclo-politico-no-parana-em-2026","status":"publish","type":"post","link":"https:\/\/oexpressobr.com.br\/?p=3112","title":{"rendered":"Requi\u00e3o Filho e PDT articulam frente ampla para romper ciclo pol\u00edtico no Paran\u00e1 em 2026"},"content":{"rendered":"\n<p class=\"wp-block-paragraph\">A corrida pelo Pal\u00e1cio Igua\u00e7u em 2026 come\u00e7a a ganhar contornos definidos com a consolida\u00e7\u00e3o do deputado estadual <strong>Requi\u00e3o Filho (PDT)<\/strong> como o principal nome da oposi\u00e7\u00e3o para suceder Ratinho Junior. Ap\u00f3s sua migra\u00e7\u00e3o estrat\u00e9gica do PT para o PDT em meados de 2025, o parlamentar tem liderado uma articula\u00e7\u00e3o que busca unir o campo progressista e atrair eleitores descontentes com a polariza\u00e7\u00e3o nacional entre o &#8220;lulopetismo&#8221; e o &#8220;bolsonarismo&#8221;.<\/p>\n\n\n\n<h3 class=\"wp-block-heading\">\u200bA constru\u00e7\u00e3o de uma terceira via paranaense<\/h3>\n\n\n\n<p class=\"wp-block-paragraph\">\u200bRequi\u00e3o Filho tem pautado sua pr\u00e9-candidatura em um discurso de &#8220;independ\u00eancia real&#8221;. Ao se distanciar das estruturas tradicionais da c\u00fapula do PT, mas mantendo o apoio da <strong>Federa\u00e7\u00e3o Brasil da Esperan\u00e7a<\/strong> (PT, PCdoB e PV), o deputado tenta se posicionar como um gestor focado em problemas locais, como as cr\u00edticas ao modelo de privatiza\u00e7\u00f5es (Copel e rodovias) e a defesa das empresas estatais.<\/p>\n\n\n\n<p class=\"wp-block-paragraph\">\u200b&#8221;N\u00e3o se trata apenas de um nome, mas de um projeto que fuja do dogmatismo ideol\u00f3gico para discutir o Paran\u00e1 real&#8221;, afirmou o parlamentar em encontros recentes com a milit\u00e2ncia trabalhista.<\/p>\n\n\n\n<h3 class=\"wp-block-heading\">\u200bO cen\u00e1rio eleitoral e os principais advers\u00e1rios<\/h3>\n\n\n\n<p class=\"wp-block-paragraph\">\u200bPesquisas recentes indicam que Requi\u00e3o Filho figura com dois d\u00edgitos nas inten\u00e7\u00f5es de voto, aparecendo como o principal perseguidor do senador <strong>Sergio Moro (Uni\u00e3o)<\/strong>, que lidera os levantamentos atuais. Enquanto o grupo pol\u00edtico do governador <strong>Ratinho Junior (PSD)<\/strong> ainda hesita entre nomes como <strong>Alexandre Curi<\/strong>, <strong>Rafael Greca<\/strong> e <strong>Guto Silva<\/strong>, a oposi\u00e7\u00e3o j\u00e1 trabalha na forma\u00e7\u00e3o de uma &#8220;frente ampla&#8221; que pode incluir at\u00e9 oito partidos, entre eles PSB, PSOL e Rede.<\/p>\n\n\n\n<h3 class=\"wp-block-heading\">\u200bDen\u00fancias e oposi\u00e7\u00e3o ativa<\/h3>\n\n\n\n<p class=\"wp-block-paragraph\">\u200bA estrat\u00e9gia de Requi\u00e3o Filho para 2026 \u00e9 fundamentada em seu hist\u00f3rico na Assembleia Legislativa do Paran\u00e1 (ALEP), onde mant\u00e9m uma postura de fiscaliza\u00e7\u00e3o rigorosa. Entre as principais bandeiras da pr\u00e9-campanha est\u00e3o:<\/p>\n\n\n\n<ul class=\"wp-block-list\">\n<li>\u200b<strong>Transpar\u00eancia P\u00fablica:<\/strong> Den\u00fancias consistentes sobre gastos com publicidade governamental e contratos de terceiriza\u00e7\u00e3o na educa\u00e7\u00e3o.<\/li>\n\n\n\n<li>\u200b<strong>Seguran\u00e7a P\u00fablica:<\/strong> Cr\u00edticas ao aumento da letalidade policial e propostas para uma seguran\u00e7a mais comunit\u00e1ria.<\/li>\n\n\n\n<li>\u200b<strong>Economia:<\/strong> Defesa de incentivos fiscais para pequenos produtores e o agroneg\u00f3cio familiar, contrapondo-se ao que chama de &#8220;privil\u00e9gios para multinacionais&#8221;.<\/li>\n<\/ul>\n\n\n\n<h3 class=\"wp-block-heading\">\u200bO fator &#8220;Fam\u00edlia Requi\u00e3o&#8221;<\/h3>\n\n\n\n<p class=\"wp-block-paragraph\">\u200bA chapa do PDT deve ganhar ainda mais peso com a prov\u00e1vel candidatura do ex-governador <strong>Roberto Requi\u00e3o<\/strong>, que deve buscar uma vaga na C\u00e2mara dos Deputados ou no Senado, refor\u00e7ando o palanque do filho no interior do estado.<\/p>\n\n\n\n<p class=\"wp-block-paragraph\">\u200bCom o desgaste natural de dois mandatos da atual gest\u00e3o e um eleitorado paranaense tradicionalmente exigente, Requi\u00e3o Filho simboliza a tentativa de iniciar um novo ciclo pol\u00edtico, apostando no di\u00e1logo direto com o cidad\u00e3o cansado do embate &#8220;n\u00f3s contra eles&#8221; que paralisou o debate de pol\u00edticas p\u00fablicas nos \u00faltimos anos.<\/p>\n","protected":false},"excerpt":{"rendered":"<p>A corrida pelo Pal\u00e1cio Igua\u00e7u em 2026 come\u00e7a a ganhar contornos definidos com a consolida\u00e7\u00e3o do deputado estadual Requi\u00e3o Filho (PDT) como o principal nome [&#8230;]<\/p>\n","protected":false},"author":1,"featured_media":3113,"comment_status":"open","ping_status":"open","sticky":false,"template":"","format":"standard","meta":{"_crdt_document":"","_jetpack_memberships_contains_paid_content":false,"footnotes":"","jetpack_publicize_message":"","jetpack_publicize_feature_enabled":true,"jetpack_social_post_already_shared":true,"jetpack_social_options":{"image_generator_settings":{"template":"highway","default_image_id":0,"font":"","enabled":false},"version":2}},"categories":[5],"tags":[],"class_list":["post-3112","post","type-post","status-publish","format-standard","has-post-thumbnail","hentry","category-parana"],"jetpack_publicize_connections":[],"jetpack_featured_media_url":"https:\/\/i0.wp.com\/oexpressobr.com.br\/wp-content\/uploads\/2026\/02\/images25.jpg?fit=576%2C384&ssl=1","jetpack_likes_enabled":true,"jetpack_sharing_enabled":true,"_links":{"self":[{"href":"https:\/\/oexpressobr.com.br\/index.php?rest_route=\/wp\/v2\/posts\/3112","targetHints":{"allow":["GET"]}}],"collection":[{"href":"https:\/\/oexpressobr.com.br\/index.php?rest_route=\/wp\/v2\/posts"}],"about":[{"href":"https:\/\/oexpressobr.com.br\/index.php?rest_route=\/wp\/v2\/types\/post"}],"author":[{"embeddable":true,"href":"https:\/\/oexpressobr.com.br\/index.php?rest_route=\/wp\/v2\/users\/1"}],"replies":[{"embeddable":true,"href":"https:\/\/oexpressobr.com.br\/index.php?rest_route=%2Fwp%2Fv2%2Fcomments&post=3112"}],"version-history":[{"count":1,"href":"https:\/\/oexpressobr.com.br\/index.php?rest_route=\/wp\/v2\/posts\/3112\/revisions"}],"predecessor-version":[{"id":3114,"href":"https:\/\/oexpressobr.com.br\/index.php?rest_route=\/wp\/v2\/posts\/3112\/revisions\/3114"}],"wp:featuredmedia":[{"embeddable":true,"href":"https:\/\/oexpressobr.com.br\/index.php?rest_route=\/wp\/v2\/media\/3113"}],"wp:attachment":[{"href":"https:\/\/oexpressobr.com.br\/index.php?rest_route=%2Fwp%2Fv2%2Fmedia&parent=3112"}],"wp:term":[{"taxonomy":"category","embeddable":true,"href":"https:\/\/oexpressobr.com.br\/index.php?rest_route=%2Fwp%2Fv2%2Fcategories&post=3112"},{"taxonomy":"post_tag","embeddable":true,"href":"https:\/\/oexpressobr.com.br\/index.php?rest_route=%2Fwp%2Fv2%2Ftags&post=3112"}],"curies":[{"name":"wp","href":"https:\/\/api.w.org\/{rel}","templated":true}]}}