{"id":3115,"date":"2026-02-02T20:17:58","date_gmt":"2026-02-02T23:17:58","guid":{"rendered":"https:\/\/oexpressobr.com.br\/?p=3115"},"modified":"2026-02-02T20:17:59","modified_gmt":"2026-02-02T23:17:59","slug":"familia-cunha-pereira-vende-controle-da-rpc-por-r-300-milhoes-e-encerra-hegemonia-de-seis-decadas-na-midia-paranaense","status":"publish","type":"post","link":"https:\/\/oexpressobr.com.br\/?p=3115","title":{"rendered":"FAM\u00cdLIA CUNHA Pereira vende controle da RPC por R$ 300 milh\u00f5es e encerra hegemonia de seis d\u00e9cadas na m\u00eddia paranaense"},"content":{"rendered":"\n<p class=\"wp-block-paragraph\">\u200bO cen\u00e1rio da comunica\u00e7\u00e3o no Paran\u00e1 sofreu uma mudan\u00e7a s\u00edsmica na \u00faltima semana de janeiro de 2026. A fam\u00edlia Cunha Pereira, que por mais de 60 anos ditou os rumos do jornalismo e do entretenimento no estado, confirmou a venda de sua participa\u00e7\u00e3o majorit\u00e1ria na <strong>RPC (Rede Paranaense de Comunica\u00e7\u00e3o)<\/strong>, a principal afiliada da TV Globo no pa\u00eds em termos de audi\u00eancia. O comprador \u00e9 o empres\u00e1rio <strong>Mariano Lemanski<\/strong>, at\u00e9 ent\u00e3o s\u00f3cio do grupo, que desembolsou cerca de <strong>R$ 300 milh\u00f5es<\/strong> para assumir o controle total da opera\u00e7\u00e3o audiovisual.<\/p>\n\n\n\n<h3 class=\"wp-block-heading\">\u200bO fim de um ciclo hist\u00f3rico<\/h3>\n\n\n\n<p class=\"wp-block-paragraph\">\u200bA transi\u00e7\u00e3o, comunicada oficialmente aos funcion\u00e1rios em 30 de janeiro de 2026, marca o desmembramento do GRPCOM (Grupo Paranaense de Comunica\u00e7\u00e3o). Com o acordo, os irm\u00e3os <strong>Guilherme Cunha Pereira<\/strong> e <strong>Ana Am\u00e9lia Filizola<\/strong> deixam o comando das oito emissoras de TV que cobrem o estado e das r\u00e1dios <strong>98FM<\/strong> e <strong>Mundo Livre FM<\/strong>.<\/p>\n\n\n\n<p class=\"wp-block-paragraph\">\u200bA partir de agora, o cl\u00e3 Cunha Pereira concentra seus esfor\u00e7os e estrutura exclusivamente no segmento de m\u00eddia impressa e digital, mantendo o controle dos jornais <strong>Gazeta do Povo<\/strong> e <strong>Tribuna do Paran\u00e1<\/strong>. Para analistas do setor, o movimento representa o &#8220;fim de uma era&#8221;, reduzindo o poder pol\u00edtico e econ\u00f4mico de uma das fam\u00edlias mais tradicionais do estado, que antes detinha um conglomerado cross-media quase imbat\u00edvel.<\/p>\n\n\n\n<h3 class=\"wp-block-heading\">\u200bDetalhes da nova gest\u00e3o<\/h3>\n\n\n\n<p class=\"wp-block-paragraph\">\u200bSob o comando de Mariano Lemanski, a RPC passa por uma reestrutura\u00e7\u00e3o administrativa. Embora a gest\u00e3o operacional deva manter figuras conhecidas, como o executivo Eduardo Boschetti, a mudan\u00e7a societ\u00e1ria visa dar &#8220;maior autonomia&#8221; a cada n\u00facleo de neg\u00f3cio.<\/p>\n\n\n\n<ul class=\"wp-block-list\">\n<li>\u200b<strong>Setor Audiovisual:<\/strong> Agora integralmente sob a batuta dos Lemanski, inclui as oito geradoras da Globo no Paran\u00e1.<\/li>\n\n\n\n<li>\u200b<strong>Setor de Jornais:<\/strong> Permanece com os Cunha Pereira, que nos \u00faltimos anos j\u00e1 haviam migrado o modelo de neg\u00f3cio da Gazeta do Povo para o ambiente digital, encerrando a circula\u00e7\u00e3o di\u00e1ria de papel.<\/li>\n<\/ul>\n\n\n\n<h3 class=\"wp-block-heading\">\u200bImpacto no mercado<\/h3>\n\n\n\n<p class=\"wp-block-paragraph\">\u200bA venda ocorre em um momento de profunda transforma\u00e7\u00e3o no consumo de m\u00eddia. Enquanto a RPC se consolida como uma pot\u00eancia de audi\u00eancia na TV aberta, os jornais enfrentam os desafios da monetiza\u00e7\u00e3o digital. A separa\u00e7\u00e3o dos ativos permite que cada fam\u00edlia foque em estrat\u00e9gias distintas: os Lemanski no fortalecimento do alcance regional da TV e r\u00e1dio, e os Cunha Pereira na manuten\u00e7\u00e3o da influ\u00eancia editorial conservadora e nacionalizada da Gazeta do Povo.<\/p>\n\n\n\n<p class=\"wp-block-paragraph\">\u200bA negocia\u00e7\u00e3o, embora descrita em nota oficial como uma decis\u00e3o tomada com &#8220;pesar&#8221; pela hist\u00f3ria constru\u00edda, \u00e9 vista como um passo pragm\u00e1tico para a sobreviv\u00eancia e especializa\u00e7\u00e3o das marcas em um mercado cada vez mais fragmentado.<\/p>\n\n\n\n<p class=\"wp-block-paragraph\"><\/p>\n","protected":false},"excerpt":{"rendered":"<p>\u200bO cen\u00e1rio da comunica\u00e7\u00e3o no Paran\u00e1 sofreu uma mudan\u00e7a s\u00edsmica na \u00faltima semana de janeiro de 2026. A fam\u00edlia Cunha Pereira, que por mais de [&#8230;]<\/p>\n","protected":false},"author":1,"featured_media":3116,"comment_status":"open","ping_status":"open","sticky":false,"template":"","format":"standard","meta":{"_crdt_document":"","_jetpack_memberships_contains_paid_content":false,"footnotes":"","jetpack_publicize_message":"","jetpack_publicize_feature_enabled":true,"jetpack_social_post_already_shared":true,"jetpack_social_options":{"image_generator_settings":{"template":"highway","default_image_id":0,"font":"","enabled":false},"version":2}},"categories":[5],"tags":[],"class_list":["post-3115","post","type-post","status-publish","format-standard","has-post-thumbnail","hentry","category-parana"],"jetpack_publicize_connections":[],"jetpack_featured_media_url":"https:\/\/i0.wp.com\/oexpressobr.com.br\/wp-content\/uploads\/2026\/02\/guilherme-doring-cunha-pereira.webp?fit=660%2C427&ssl=1","jetpack_likes_enabled":true,"jetpack_sharing_enabled":true,"_links":{"self":[{"href":"https:\/\/oexpressobr.com.br\/index.php?rest_route=\/wp\/v2\/posts\/3115","targetHints":{"allow":["GET"]}}],"collection":[{"href":"https:\/\/oexpressobr.com.br\/index.php?rest_route=\/wp\/v2\/posts"}],"about":[{"href":"https:\/\/oexpressobr.com.br\/index.php?rest_route=\/wp\/v2\/types\/post"}],"author":[{"embeddable":true,"href":"https:\/\/oexpressobr.com.br\/index.php?rest_route=\/wp\/v2\/users\/1"}],"replies":[{"embeddable":true,"href":"https:\/\/oexpressobr.com.br\/index.php?rest_route=%2Fwp%2Fv2%2Fcomments&post=3115"}],"version-history":[{"count":1,"href":"https:\/\/oexpressobr.com.br\/index.php?rest_route=\/wp\/v2\/posts\/3115\/revisions"}],"predecessor-version":[{"id":3117,"href":"https:\/\/oexpressobr.com.br\/index.php?rest_route=\/wp\/v2\/posts\/3115\/revisions\/3117"}],"wp:featuredmedia":[{"embeddable":true,"href":"https:\/\/oexpressobr.com.br\/index.php?rest_route=\/wp\/v2\/media\/3116"}],"wp:attachment":[{"href":"https:\/\/oexpressobr.com.br\/index.php?rest_route=%2Fwp%2Fv2%2Fmedia&parent=3115"}],"wp:term":[{"taxonomy":"category","embeddable":true,"href":"https:\/\/oexpressobr.com.br\/index.php?rest_route=%2Fwp%2Fv2%2Fcategories&post=3115"},{"taxonomy":"post_tag","embeddable":true,"href":"https:\/\/oexpressobr.com.br\/index.php?rest_route=%2Fwp%2Fv2%2Ftags&post=3115"}],"curies":[{"name":"wp","href":"https:\/\/api.w.org\/{rel}","templated":true}]}}