{"id":3118,"date":"2026-02-02T20:28:17","date_gmt":"2026-02-02T23:28:17","guid":{"rendered":"https:\/\/oexpressobr.com.br\/?p=3118"},"modified":"2026-02-02T20:28:18","modified_gmt":"2026-02-02T23:28:18","slug":"ricardo-gomyde-assume-democracia-crista-e-projeta-candidatura-ao-governo-do-parana-em-2026","status":"publish","type":"post","link":"https:\/\/oexpressobr.com.br\/?p=3118","title":{"rendered":"RICARDO Gomyde assume Democracia Crist\u00e3 e projeta candidatura ao Governo do Paran\u00e1 em 2026"},"content":{"rendered":"\n<p class=\"wp-block-paragraph\">\u200bO cen\u00e1rio pol\u00edtico paranaense ganha um novo e experiente articulador para o pr\u00f3ximo pleito majorit\u00e1rio. Ricardo Gomyde, figura conhecida na pol\u00edtica do estado e com tr\u00e2nsito nas esferas federais, assumiu oficialmente o comando da Democracia Crist\u00e3 (DC) no Paran\u00e1. A movimenta\u00e7\u00e3o estrat\u00e9gica n\u00e3o \u00e9 apenas administrativa: o novo presidente estadual da sigla j\u00e1 posiciona seu nome como pr\u00e9-candidato ao Pal\u00e1cio Igua\u00e7u nas elei\u00e7\u00f5es de 2026.<\/p>\n\n\n\n<p class=\"wp-block-paragraph\">\u200bA chegada de Gomyde \u00e0 DC ocorre ap\u00f3s um per\u00edodo de intensa atividade em outras frentes. Recentemente, ele atuou como Secret\u00e1rio Municipal de Rela\u00e7\u00f5es Internacionais na capital paulista, na gest\u00e3o de Ricardo Nunes, cargo que deixou para retomar o foco em sua base eleitoral de origem. Advogado e ex-deputado federal \u2014 tendo sido, em 1994, o parlamentar mais jovem eleito pelo Paran\u00e1 \u2014 Gomyde traz no curr\u00edculo passagens pelo Minist\u00e9rio do Esporte, onde geriu grandes eventos como a Copa do Mundo de 2014 e as Olimp\u00edadas de 2016.<\/p>\n\n\n\n<p class=\"wp-block-paragraph\">\u200b<strong>Estrat\u00e9gia e Renova\u00e7\u00e3o<\/strong><\/p>\n\n\n\n<p class=\"wp-block-paragraph\">A aposta da Democracia Crist\u00e3 em Gomyde visa elevar a competitividade da legenda no estado. Em 2022, Gomyde disputou o governo paranaense pelo PDT, terminando a corrida em terceiro lugar. Agora, \u00e0 frente da DC, ele busca construir uma alternativa vi\u00e1vel ao grupo pol\u00edtico que atualmente domina o estado, apostando em uma plataforma que une sua experi\u00eancia administrativa \u00e0 necessidade de renova\u00e7\u00e3o de projetos para o Paran\u00e1.<\/p>\n\n\n\n<p class=\"wp-block-paragraph\">\u200b&#8221;O objetivo \u00e9 fortalecer a DC em todos os munic\u00edpios paranaenses, preparando o partido para ser protagonista e n\u00e3o apenas coadjuvante no processo eleitoral de 2026&#8243;, afirmou o pol\u00edtico em declara\u00e7\u00f5es recentes.<\/p>\n\n\n\n<p class=\"wp-block-paragraph\">\u200b<strong>\u00daltimas Novidades e Movimenta\u00e7\u00f5es<\/strong><\/p>\n\n\n\n<ul class=\"wp-block-list\">\n<li>\u200b<strong>Articula\u00e7\u00e3o Regional:<\/strong> Gomyde j\u00e1 iniciou roteiros pelo interior do estado para filiar novas lideran\u00e7as e estruturar diret\u00f3rios municipais, focando inicialmente nas elei\u00e7\u00f5es municipais de 2024 como &#8220;term\u00f4metro&#8221; para o projeto maior.<\/li>\n\n\n\n<li>\u200b<strong>Perfil Moderado:<\/strong> O pol\u00edtico tem buscado se posicionar como um nome de di\u00e1logo, capaz de transitar entre diferentes setores da sociedade e atrair o eleitorado que busca uma terceira via consolidada no Paran\u00e1.<\/li>\n\n\n\n<li>\u200b<strong>Legado Esportivo:<\/strong> Ele continua a utilizar sua expertise na \u00e1rea de gest\u00e3o esportiva e pol\u00edticas p\u00fablicas como um dos pilares de seu discurso, defendendo o esporte como ferramenta de desenvolvimento econ\u00f4mico e social.<\/li>\n<\/ul>\n\n\n\n<p class=\"wp-block-paragraph\">\u200bCom a oficializa\u00e7\u00e3o de sua lideran\u00e7a na DC, o tabuleiro pol\u00edtico para a sucess\u00e3o de Ratinho J\u00fanior come\u00e7a a ganhar contornos mais definidos, com Ricardo Gomyde consolidando-se como um dos primeiros nomes a colocar o bloco na rua para 2026.<\/p>\n","protected":false},"excerpt":{"rendered":"<p>\u200bO cen\u00e1rio pol\u00edtico paranaense ganha um novo e experiente articulador para o pr\u00f3ximo pleito majorit\u00e1rio. Ricardo Gomyde, figura conhecida na pol\u00edtica do estado e com [&#8230;]<\/p>\n","protected":false},"author":1,"featured_media":3119,"comment_status":"open","ping_status":"open","sticky":false,"template":"","format":"standard","meta":{"_crdt_document":"","_jetpack_memberships_contains_paid_content":false,"footnotes":"","jetpack_publicize_message":"","jetpack_publicize_feature_enabled":true,"jetpack_social_post_already_shared":true,"jetpack_social_options":{"image_generator_settings":{"template":"highway","default_image_id":0,"font":"","enabled":false},"version":2}},"categories":[7],"tags":[],"class_list":["post-3118","post","type-post","status-publish","format-standard","has-post-thumbnail","hentry","category-politica"],"jetpack_publicize_connections":[],"jetpack_featured_media_url":"https:\/\/i0.wp.com\/oexpressobr.com.br\/wp-content\/uploads\/2026\/02\/gomyde-dc-parana.jpg?fit=1200%2C675&ssl=1","jetpack_likes_enabled":true,"jetpack_sharing_enabled":true,"_links":{"self":[{"href":"https:\/\/oexpressobr.com.br\/index.php?rest_route=\/wp\/v2\/posts\/3118","targetHints":{"allow":["GET"]}}],"collection":[{"href":"https:\/\/oexpressobr.com.br\/index.php?rest_route=\/wp\/v2\/posts"}],"about":[{"href":"https:\/\/oexpressobr.com.br\/index.php?rest_route=\/wp\/v2\/types\/post"}],"author":[{"embeddable":true,"href":"https:\/\/oexpressobr.com.br\/index.php?rest_route=\/wp\/v2\/users\/1"}],"replies":[{"embeddable":true,"href":"https:\/\/oexpressobr.com.br\/index.php?rest_route=%2Fwp%2Fv2%2Fcomments&post=3118"}],"version-history":[{"count":1,"href":"https:\/\/oexpressobr.com.br\/index.php?rest_route=\/wp\/v2\/posts\/3118\/revisions"}],"predecessor-version":[{"id":3120,"href":"https:\/\/oexpressobr.com.br\/index.php?rest_route=\/wp\/v2\/posts\/3118\/revisions\/3120"}],"wp:featuredmedia":[{"embeddable":true,"href":"https:\/\/oexpressobr.com.br\/index.php?rest_route=\/wp\/v2\/media\/3119"}],"wp:attachment":[{"href":"https:\/\/oexpressobr.com.br\/index.php?rest_route=%2Fwp%2Fv2%2Fmedia&parent=3118"}],"wp:term":[{"taxonomy":"category","embeddable":true,"href":"https:\/\/oexpressobr.com.br\/index.php?rest_route=%2Fwp%2Fv2%2Fcategories&post=3118"},{"taxonomy":"post_tag","embeddable":true,"href":"https:\/\/oexpressobr.com.br\/index.php?rest_route=%2Fwp%2Fv2%2Ftags&post=3118"}],"curies":[{"name":"wp","href":"https:\/\/api.w.org\/{rel}","templated":true}]}}