{"id":3127,"date":"2026-02-02T20:45:30","date_gmt":"2026-02-02T23:45:30","guid":{"rendered":"https:\/\/oexpressobr.com.br\/?p=3127"},"modified":"2026-02-02T20:45:31","modified_gmt":"2026-02-02T23:45:31","slug":"ministro-fachin-propoe-codigo-de-conduta-no-stf-e-pede-que-sistema-politico-reassuma-protagonismo","status":"publish","type":"post","link":"https:\/\/oexpressobr.com.br\/?p=3127","title":{"rendered":"Ministro Fachin prop\u00f5e c\u00f3digo de conduta no STF e pede que sistema pol\u00edtico reassuma protagonismo"},"content":{"rendered":"\n<p class=\"wp-block-paragraph\">Na abertura do Ano Judici\u00e1rio de 2026, ocorrida nesta segunda-feira (2), o presidente do Supremo Tribunal Federal (STF), ministro <strong>Edson Fachin<\/strong>, enviou recados claros sobre a necessidade de uma &#8220;autocorre\u00e7\u00e3o&#8221; institucional. Em um discurso que reuniu os chefes dos Tr\u00eas Poderes, Fachin oficializou a cria\u00e7\u00e3o de um <strong>C\u00f3digo de Conduta<\/strong> para a Corte, designando a ministra <strong>C\u00e1rmen L\u00facia<\/strong> como relatora da proposta.<\/p>\n\n\n\n<p class=\"wp-block-paragraph\">\u200bA iniciativa surge como uma resposta direta \u00e0s crises recentes de imagem e aos questionamentos sobre a transpar\u00eancia na atua\u00e7\u00e3o dos magistrados. Para o ministro, o tribunal vive um &#8220;momento de pondera\u00e7\u00f5es&#8221; e precisa estabelecer limites claros para proteger sua pr\u00f3pria legitimidade.<\/p>\n\n\n\n<h3 class=\"wp-block-heading\">\u200bEixos centrais do novo C\u00f3digo de \u00c9tica<\/h3>\n\n\n\n<p class=\"wp-block-paragraph\">\u200bO projeto, que Fachin classificou como um &#8220;compromisso de sua gest\u00e3o&#8221;, pretende enfrentar temas sens\u00edveis que frequentemente colocam o STF sob press\u00e3o da opini\u00e3o p\u00fablica e do Congresso:<\/p>\n\n\n\n<ul class=\"wp-block-list\">\n<li>\u200b<strong>Uso de redes sociais:<\/strong> O debate focar\u00e1 em quais s\u00e3o os limites democr\u00e1ticos para postagens de magistrados, visando preservar a sobriedade do cargo.<\/li>\n\n\n\n<li>\u200b<strong>Conflitos de interesse:<\/strong> Um dos pontos mais aguardados \u00e9 a transpar\u00eancia em rela\u00e7\u00e3o a familiares de ministros que atuam na advocacia. Fachin defendeu que, embora n\u00e3o se possa proibir a profiss\u00e3o de parentes, a clareza sobre onde e como atuam deve ser total.<\/li>\n\n\n\n<li>\u200b<strong>Atividade extrajudicial:<\/strong> A regulamenta\u00e7\u00e3o deve abranger a participa\u00e7\u00e3o de ju\u00edzes em eventos e a posse de a\u00e7\u00f5es em empresas, buscando evitar que escolhas individuais gerem custos institucionais \u00e0 Corte.<\/li>\n<\/ul>\n\n\n\n<h3 class=\"wp-block-heading\">\u200bO apelo \u00e0 autoconten\u00e7\u00e3o e ao sistema pol\u00edtico<\/h3>\n\n\n\n<p class=\"wp-block-paragraph\">\u200bFachin destacou que o protagonismo assumido pelo STF nos \u00faltimos anos, especialmente na defesa do sistema eleitoral, teve &#8220;\u00f4nus e efeitos para a legitimidade institucional&#8221;. Ele defendeu que o Brasil entre em uma fase de <strong>&#8220;retomada plena da triparti\u00e7\u00e3o de Poderes&#8221;<\/strong>, sinalizando que o Judici\u00e1rio deve reduzir sua inger\u00eancia em temas estritamente pol\u00edticos.<\/p>\n\n\n\n<blockquote class=\"wp-block-quote is-layout-flow wp-block-quote-is-layout-flow\">\n<p class=\"wp-block-paragraph\">\u200b&#8221;Sociedades democr\u00e1ticas produzem continuamente press\u00e3o por inclus\u00e3o. Quando esses canais [pol\u00edticos] saturam, a press\u00e3o n\u00e3o desaparece. Ela se desloca para o Judici\u00e1rio&#8221;, afirmou o ministro, refor\u00e7ando que o sistema pol\u00edtico precisa ser capaz de absorver e processar essas demandas sem sobrecarregar a Corte.<\/p>\n<\/blockquote>\n\n\n\n<h3 class=\"wp-block-heading\">\u200bElei\u00e7\u00f5es e IA: o desafio de 2026<\/h3>\n\n\n\n<p class=\"wp-block-paragraph\">\u200bCom o calend\u00e1rio eleitoral de 2026 no horizonte, o ministro alertou para o que chamou de <strong>&#8220;hemorragia de avatares eleitorais&#8221;<\/strong>. A preocupa\u00e7\u00e3o central recai sobre o uso de Intelig\u00eancia Artificial na cria\u00e7\u00e3o de conte\u00fados manipulados por candidatos e advers\u00e1rios. Fachin reiterou que a Justi\u00e7a Eleitoral atuar\u00e1 com rigor para coibir abusos e fake news, garantindo que a tecnologia n\u00e3o corroa o ambiente democr\u00e1tico.<\/p>\n\n\n\n<p class=\"wp-block-paragraph\">\u200b<strong>Pr\u00f3ximos passos:<\/strong><\/p>\n\n\n\n<p class=\"wp-block-paragraph\">A proposta do C\u00f3digo de Conduta deve ser debatida internamente pelos ministros ao longo do primeiro semestre.<\/p>\n","protected":false},"excerpt":{"rendered":"<p>Na abertura do Ano Judici\u00e1rio de 2026, ocorrida nesta segunda-feira (2), o presidente do Supremo Tribunal Federal (STF), ministro Edson Fachin, enviou recados claros sobre [&#8230;]<\/p>\n","protected":false},"author":1,"featured_media":3128,"comment_status":"open","ping_status":"open","sticky":false,"template":"","format":"standard","meta":{"_crdt_document":"","_jetpack_memberships_contains_paid_content":false,"footnotes":"","jetpack_publicize_message":"","jetpack_publicize_feature_enabled":true,"jetpack_social_post_already_shared":true,"jetpack_social_options":{"image_generator_settings":{"template":"highway","default_image_id":0,"font":"","enabled":false},"version":2}},"categories":[8],"tags":[],"class_list":["post-3127","post","type-post","status-publish","format-standard","has-post-thumbnail","hentry","category-judiciario"],"jetpack_publicize_connections":[],"jetpack_featured_media_url":"https:\/\/i0.wp.com\/oexpressobr.com.br\/wp-content\/uploads\/2026\/02\/IMG-20260202-WA0292.jpg?fit=1114%2C666&ssl=1","jetpack_likes_enabled":true,"jetpack_sharing_enabled":true,"_links":{"self":[{"href":"https:\/\/oexpressobr.com.br\/index.php?rest_route=\/wp\/v2\/posts\/3127","targetHints":{"allow":["GET"]}}],"collection":[{"href":"https:\/\/oexpressobr.com.br\/index.php?rest_route=\/wp\/v2\/posts"}],"about":[{"href":"https:\/\/oexpressobr.com.br\/index.php?rest_route=\/wp\/v2\/types\/post"}],"author":[{"embeddable":true,"href":"https:\/\/oexpressobr.com.br\/index.php?rest_route=\/wp\/v2\/users\/1"}],"replies":[{"embeddable":true,"href":"https:\/\/oexpressobr.com.br\/index.php?rest_route=%2Fwp%2Fv2%2Fcomments&post=3127"}],"version-history":[{"count":1,"href":"https:\/\/oexpressobr.com.br\/index.php?rest_route=\/wp\/v2\/posts\/3127\/revisions"}],"predecessor-version":[{"id":3129,"href":"https:\/\/oexpressobr.com.br\/index.php?rest_route=\/wp\/v2\/posts\/3127\/revisions\/3129"}],"wp:featuredmedia":[{"embeddable":true,"href":"https:\/\/oexpressobr.com.br\/index.php?rest_route=\/wp\/v2\/media\/3128"}],"wp:attachment":[{"href":"https:\/\/oexpressobr.com.br\/index.php?rest_route=%2Fwp%2Fv2%2Fmedia&parent=3127"}],"wp:term":[{"taxonomy":"category","embeddable":true,"href":"https:\/\/oexpressobr.com.br\/index.php?rest_route=%2Fwp%2Fv2%2Fcategories&post=3127"},{"taxonomy":"post_tag","embeddable":true,"href":"https:\/\/oexpressobr.com.br\/index.php?rest_route=%2Fwp%2Fv2%2Ftags&post=3127"}],"curies":[{"name":"wp","href":"https:\/\/api.w.org\/{rel}","templated":true}]}}