{"id":3130,"date":"2026-02-02T23:58:35","date_gmt":"2026-02-03T02:58:35","guid":{"rendered":"https:\/\/oexpressobr.com.br\/?p=3130"},"modified":"2026-02-03T00:01:04","modified_gmt":"2026-02-03T03:01:04","slug":"ratinho-jr-e-tarcisio-de-freitas-sucessao-no-parana-trava-planos-nacionais","status":"publish","type":"post","link":"https:\/\/oexpressobr.com.br\/?p=3130","title":{"rendered":"Ratinho Jr e Tarc\u00edsio de Freitas: sucess\u00e3o no Paran\u00e1 trava planos nacionais"},"content":{"rendered":"\n<p class=\"wp-block-paragraph\">\u200bA declara\u00e7\u00e3o recente do governador de S\u00e3o Paulo, <strong>Tarc\u00edsio de Freitas<\/strong>, de que pretende buscar a reelei\u00e7\u00e3o em solo paulista, n\u00e3o apenas alterou o tabuleiro nacional, mas escancarou o que os bastidores do <strong>Pal\u00e1cio Igua\u00e7u<\/strong> j\u00e1 cochichavam: o governador do Paran\u00e1, <strong>Ratinho Junior (PSD)<\/strong>, est\u00e1 cada vez mais &#8220;preso&#8221; ao cargo. A estrat\u00e9gia \u00e9 evitar um fiasco na pr\u00f3pria sucess\u00e3o, diante de um cen\u00e1rio em que seus principais aliados ainda n\u00e3o decolaram nas pesquisas.<\/p>\n\n\n\n<h3 class=\"wp-block-heading\">\u200bO impasse sucess\u00f3rio e o &#8220;fator Moro&#8221;<\/h3>\n\n\n\n<p class=\"wp-block-paragraph\">\u200bO pano de fundo para a perman\u00eancia de Ratinho Jr. at\u00e9 o \u00faltimo dia do mandato \u00e9 puramente matem\u00e1tico. Levantamentos recentes da <strong>Paran\u00e1 Pesquisas<\/strong>, divulgados em janeiro de 2026, mostram o senador <strong>Sergio Moro (Uni\u00e3o)<\/strong> liderando com folga a corrida ao governo estadual, alcan\u00e7ando marcas acima de <strong>40%<\/strong>.<\/p>\n\n\n\n<p class=\"wp-block-paragraph\">\u200bEnquanto isso, os nomes da &#8220;cozinha&#8221; palaciana enfrentam dificuldades:<\/p>\n\n\n\n<ul class=\"wp-block-list\">\n<li>\u200b<strong>Alexandre Curi (PSD):<\/strong> Atual presidente da Assembleia Legislativa, aparece oscilando entre <strong>7% e 11%<\/strong>.<\/li>\n\n\n\n<li>\u200b<strong>Guto Silva (PSD):<\/strong> Secret\u00e1rio das Cidades e nome de confian\u00e7a do governador, registra \u00edndices entre <strong>5% e 9%<\/strong>.<\/li>\n\n\n\n<li>\u200b<strong>Rafael Greca (PSD):<\/strong> O ex-prefeito de Curitiba tamb\u00e9m \u00e9 ventilado, mas sofre com a resist\u00eancia de ser um nome muito concentrado na capital.<\/li>\n<\/ul>\n\n\n\n<p class=\"wp-block-paragraph\">\u200bA leitura interna \u00e9 direta: sem Ratinho Jr. no corpo a corpo, colocando o capital pol\u00edtico da fam\u00edlia Massa e a estrutura do governo em jogo, os apadrinhados dificilmente ter\u00e3o f\u00f4lego para enfrentar figuras de recall nacional como Moro ou o ex-governador <strong>Alvaro Dias (MDB)<\/strong>, que tamb\u00e9m pontua alto.<\/p>\n\n\n\n<h3 class=\"wp-block-heading\">\u200bSil\u00eancio estrat\u00e9gico e articula\u00e7\u00f5es em Itapema<\/h3>\n\n\n\n<p class=\"wp-block-paragraph\">\u200bFontes pr\u00f3ximas ao governador confirmam que o plano de abrir m\u00e3o de uma candidatura ao Senado \u2014 onde Ratinho lidera com mais de <strong>60%<\/strong> das inten\u00e7\u00f5es de voto \u2014 ou mesmo \u00e0 Presid\u00eancia da Rep\u00fablica tem ganhado for\u00e7a em reuni\u00f5es privadas. Esses encontros, realizados frequentemente em propriedades da fam\u00edlia em <strong>Itapema (SC)<\/strong> e no litoral paranaense, desenham uma &#8220;opera\u00e7\u00e3o salvamento&#8221; da continuidade administrativa.<\/p>\n\n\n\n<p class=\"wp-block-paragraph\">\u200bRatinho Jr. tem mantido um sil\u00eancio obsequioso sobre as falas de Tarc\u00edsio, que o apontou como uma &#8220;alternativa natural&#8221; para a direita caso ele pr\u00f3prio n\u00e3o concorra ao Planalto. No entanto, para o PSD de <strong>Gilberto Kassab<\/strong>, o risco de perder o controle do estado do Paran\u00e1 para um advers\u00e1rio como Moro \u00e9 um pre\u00e7o alto demais a pagar por uma aventura nacional incerta.<\/p>\n\n\n\n<p class=\"wp-block-paragraph\">Ao decidir ficar no cargo at\u00e9 31 de dezembro de 2026, Ratinho Jr. abdica de disputar o Senado, mas garante o uso da m\u00e1quina p\u00fablica e de sua alta aprova\u00e7\u00e3o (que beira os 80%) para tentar transferir votos aos seus aliados no momento cr\u00edtico da campanha.<\/p>\n","protected":false},"excerpt":{"rendered":"<p>\u200bA declara\u00e7\u00e3o recente do governador de S\u00e3o Paulo, Tarc\u00edsio de Freitas, de que pretende buscar a reelei\u00e7\u00e3o em solo paulista, n\u00e3o apenas alterou o tabuleiro [&#8230;]<\/p>\n","protected":false},"author":1,"featured_media":3132,"comment_status":"open","ping_status":"open","sticky":false,"template":"","format":"standard","meta":{"_crdt_document":"","_jetpack_memberships_contains_paid_content":false,"footnotes":"","jetpack_publicize_message":"","jetpack_publicize_feature_enabled":true,"jetpack_social_post_already_shared":true,"jetpack_social_options":{"image_generator_settings":{"template":"highway","default_image_id":0,"font":"","enabled":false},"version":2}},"categories":[7],"tags":[],"class_list":["post-3130","post","type-post","status-publish","format-standard","has-post-thumbnail","hentry","category-politica"],"jetpack_publicize_connections":[],"jetpack_featured_media_url":"https:\/\/i0.wp.com\/oexpressobr.com.br\/wp-content\/uploads\/2026\/02\/tarcisio-freitas-ratinho-junior.jpg?fit=1920%2C1080&ssl=1","jetpack_likes_enabled":true,"jetpack_sharing_enabled":true,"_links":{"self":[{"href":"https:\/\/oexpressobr.com.br\/index.php?rest_route=\/wp\/v2\/posts\/3130","targetHints":{"allow":["GET"]}}],"collection":[{"href":"https:\/\/oexpressobr.com.br\/index.php?rest_route=\/wp\/v2\/posts"}],"about":[{"href":"https:\/\/oexpressobr.com.br\/index.php?rest_route=\/wp\/v2\/types\/post"}],"author":[{"embeddable":true,"href":"https:\/\/oexpressobr.com.br\/index.php?rest_route=\/wp\/v2\/users\/1"}],"replies":[{"embeddable":true,"href":"https:\/\/oexpressobr.com.br\/index.php?rest_route=%2Fwp%2Fv2%2Fcomments&post=3130"}],"version-history":[{"count":1,"href":"https:\/\/oexpressobr.com.br\/index.php?rest_route=\/wp\/v2\/posts\/3130\/revisions"}],"predecessor-version":[{"id":3131,"href":"https:\/\/oexpressobr.com.br\/index.php?rest_route=\/wp\/v2\/posts\/3130\/revisions\/3131"}],"wp:featuredmedia":[{"embeddable":true,"href":"https:\/\/oexpressobr.com.br\/index.php?rest_route=\/wp\/v2\/media\/3132"}],"wp:attachment":[{"href":"https:\/\/oexpressobr.com.br\/index.php?rest_route=%2Fwp%2Fv2%2Fmedia&parent=3130"}],"wp:term":[{"taxonomy":"category","embeddable":true,"href":"https:\/\/oexpressobr.com.br\/index.php?rest_route=%2Fwp%2Fv2%2Fcategories&post=3130"},{"taxonomy":"post_tag","embeddable":true,"href":"https:\/\/oexpressobr.com.br\/index.php?rest_route=%2Fwp%2Fv2%2Ftags&post=3130"}],"curies":[{"name":"wp","href":"https:\/\/api.w.org\/{rel}","templated":true}]}}