{"id":3139,"date":"2026-02-03T00:16:43","date_gmt":"2026-02-03T03:16:43","guid":{"rendered":"https:\/\/oexpressobr.com.br\/?p=3139"},"modified":"2026-02-03T00:16:44","modified_gmt":"2026-02-03T03:16:44","slug":"tony-garcia-expoe-moro-e-gabriela-hardt-em-depoimentos-que-revelam-sistema-de-espionagem-judicial","status":"publish","type":"post","link":"https:\/\/oexpressobr.com.br\/?p=3139","title":{"rendered":"TONY Garcia exp\u00f5e Moro e Gabriela Hardt em depoimentos que revelam sistema de &#8220;espionagem judicial&#8221;"},"content":{"rendered":"\n<p class=\"wp-block-paragraph\">O cen\u00e1rio jur\u00eddico e pol\u00edtico brasileiro foi sacudido por novas e graves revela\u00e7\u00f5es envolvendo os m\u00e9todos da Opera\u00e7\u00e3o Lava Jato e sua &#8220;antecessora&#8221; espiritual, o caso Banestado. O empres\u00e1rio e ex-deputado Tony Garcia, em depoimentos que vieram \u00e0 tona recentemente e que haviam sido mantidos sob sigilo pela ju\u00edza Gabriela Hardt, detalha como teria atuado como um &#8220;agente infiltrado&#8221; a mando do ent\u00e3o juiz Sergio Moro.<\/p>\n\n\n\n<p class=\"wp-block-paragraph\">\u200bAs informa\u00e7\u00f5es, que agora integram inqu\u00e9ritos no Supremo Tribunal Federal (STF) sob a relatoria do ministro Dias Toffoli, sugerem que a estrutura da 13\u00aa Vara Federal de Curitiba foi utilizada para monitorar ilegalmente autoridades com foro privilegiado, incluindo desembargadores e pol\u00edticos de alto escal\u00e3o.<\/p>\n\n\n\n<h3 class=\"wp-block-heading\">\u200bO papel de &#8220;agente infiltrado&#8221;<\/h3>\n\n\n\n<p class=\"wp-block-paragraph\">\u200bSegundo Garcia, sua colabora\u00e7\u00e3o com Sergio Moro come\u00e7ou muito antes da Lava Jato, ainda em 2004. Ele afirma que foi coagido a realizar grava\u00e7\u00f5es clandestinas e a &#8220;plantar&#8221; situa\u00e7\u00f5es para incriminar advers\u00e1rios do grupo de Curitiba. Em um dos trechos mais impactantes de seus depoimentos, Garcia revela que utilizava o telefone da pr\u00f3pria 13\u00aa Vara Federal para entrar em contato com alvos das investiga\u00e7\u00f5es, conferindo uma apar\u00eancia de legalidade a opera\u00e7\u00f5es que, segundo ele, eram informais e ilegais.<\/p>\n\n\n\n<p class=\"wp-block-paragraph\">\u200b&#8221;Eu era um funcion\u00e1rio deles&#8221;, declarou o empres\u00e1rio em entrevistas recentes, referindo-se a Moro e aos procuradores da for\u00e7a-tarefa. Ele alega que sua miss\u00e3o inclu\u00eda perseguir figuras ligadas ao Partido dos Trabalhadores (PT) e monitorar membros do Tribunal de Contas do Paran\u00e1 e do Tribunal Regional Federal da 4\u00aa Regi\u00e3o (TRF-4).<\/p>\n\n\n\n<h3 class=\"wp-block-heading\">\u200bA omiss\u00e3o de Gabriela Hardt<\/h3>\n\n\n\n<p class=\"wp-block-paragraph\">\u200bO papel da ju\u00edza Gabriela Hardt, que substituiu Moro na Lava Jato, tamb\u00e9m est\u00e1 sob intenso escrut\u00ednio. Tony Garcia afirma ter relatado todos esses abusos \u00e0 magistrada em uma audi\u00eancia realizada em 2021. No entanto, o conte\u00fado do depoimento foi mantido oculto por cerca de dois anos, sem que as den\u00fancias de crimes cometidos por magistrados e procuradores fossem encaminhadas \u00e0s inst\u00e2ncias superiores.<\/p>\n\n\n\n<p class=\"wp-block-paragraph\">\u200bApenas ap\u00f3s a chegada do juiz Eduardo Appio \u00e0 13\u00aa Vara \u2014 magistrado que posteriormente foi afastado em meio a uma disputa ruidosa com o grupo de Moro \u2014 \u00e9 que esse material foi enviado ao STF, permitindo o in\u00edcio de uma investiga\u00e7\u00e3o oficial sobre prevarica\u00e7\u00e3o e abuso de autoridade.<\/p>\n\n\n\n<h3 class=\"wp-block-heading\">\u200bProvas encontradas pela Pol\u00edcia Federal<\/h3>\n\n\n\n<p class=\"wp-block-paragraph\">\u200bAs atualiza\u00e7\u00f5es mais recentes do caso confirmam que a Pol\u00edcia Federal, em dilig\u00eancias autorizadas pelo STF, encontrou documentos e relat\u00f3rios de intelig\u00eancia que corroboram as falas de Tony Garcia. Entre o material apreendido na 13\u00aa Vara de Curitiba, est\u00e3o transcri\u00e7\u00f5es de \u00e1udios envolvendo desembargadores do TRF-4 e o ex-presidente do Tribunal de Contas do Paran\u00e1, Heinz Herwig.<\/p>\n\n\n\n<p class=\"wp-block-paragraph\">\u200bEssas evid\u00eancias refor\u00e7am a tese de que houve uma &#8220;arapongagem&#8221; institucionalizada, onde delatores eram usados para investigar autoridades que Moro, por lei, n\u00e3o tinha compet\u00eancia para julgar.<\/p>\n\n\n\n<h3 class=\"wp-block-heading\">\u200bRea\u00e7\u00f5es e pr\u00f3ximos passos<\/h3>\n\n\n\n<p class=\"wp-block-paragraph\">\u200bO senador Sergio Moro tem classificado as declara\u00e7\u00f5es de Tony Garcia como &#8220;fantasiosas&#8221; e fruto de uma tentativa de vingan\u00e7a de um criminoso condenado. Por meio de notas, Moro afirma que todos os atos da Lava Jato foram pautados pela legalidade e revisados por inst\u00e2ncias superiores. Gabriela Hardt, por sua vez, tamb\u00e9m nega irregularidades e afirma que seguiu os ritos processuais adequados.<\/p>\n\n\n\n<p class=\"wp-block-paragraph\">\u200bNo entanto, o cerco jur\u00eddico parece se fechar. Com a valida\u00e7\u00e3o dos v\u00eddeos e documentos pelo STF, o ministro Dias Toffoli deve determinar novas per\u00edcias t\u00e9cnicas nas intercepta\u00e7\u00f5es realizadas nos anos 2000. O caso coloca em xeque a imparcialidade de decis\u00f5es hist\u00f3ricas da Justi\u00e7a Federal do Paran\u00e1 e pode levar \u00e0 anula\u00e7\u00e3o de diversos processos e \u00e0 responsabiliza\u00e7\u00e3o criminal dos envolvidos na condu\u00e7\u00e3o das investiga\u00e7\u00f5es.<\/p>\n","protected":false},"excerpt":{"rendered":"<p>O cen\u00e1rio jur\u00eddico e pol\u00edtico brasileiro foi sacudido por novas e graves revela\u00e7\u00f5es envolvendo os m\u00e9todos da Opera\u00e7\u00e3o Lava Jato e sua &#8220;antecessora&#8221; espiritual, o [&#8230;]<\/p>\n","protected":false},"author":1,"featured_media":3140,"comment_status":"open","ping_status":"open","sticky":false,"template":"","format":"standard","meta":{"_crdt_document":"","_jetpack_memberships_contains_paid_content":false,"footnotes":"","jetpack_publicize_message":"","jetpack_publicize_feature_enabled":true,"jetpack_social_post_already_shared":true,"jetpack_social_options":{"image_generator_settings":{"template":"highway","default_image_id":0,"font":"","enabled":false},"version":2}},"categories":[5],"tags":[],"class_list":["post-3139","post","type-post","status-publish","format-standard","has-post-thumbnail","hentry","category-parana"],"jetpack_publicize_connections":[],"jetpack_featured_media_url":"https:\/\/i0.wp.com\/oexpressobr.com.br\/wp-content\/uploads\/2026\/02\/1685994178647e3ac2ca875_1685994178_3x2_xl.jpg?fit=1200%2C800&ssl=1","jetpack_likes_enabled":true,"jetpack_sharing_enabled":true,"_links":{"self":[{"href":"https:\/\/oexpressobr.com.br\/index.php?rest_route=\/wp\/v2\/posts\/3139","targetHints":{"allow":["GET"]}}],"collection":[{"href":"https:\/\/oexpressobr.com.br\/index.php?rest_route=\/wp\/v2\/posts"}],"about":[{"href":"https:\/\/oexpressobr.com.br\/index.php?rest_route=\/wp\/v2\/types\/post"}],"author":[{"embeddable":true,"href":"https:\/\/oexpressobr.com.br\/index.php?rest_route=\/wp\/v2\/users\/1"}],"replies":[{"embeddable":true,"href":"https:\/\/oexpressobr.com.br\/index.php?rest_route=%2Fwp%2Fv2%2Fcomments&post=3139"}],"version-history":[{"count":1,"href":"https:\/\/oexpressobr.com.br\/index.php?rest_route=\/wp\/v2\/posts\/3139\/revisions"}],"predecessor-version":[{"id":3141,"href":"https:\/\/oexpressobr.com.br\/index.php?rest_route=\/wp\/v2\/posts\/3139\/revisions\/3141"}],"wp:featuredmedia":[{"embeddable":true,"href":"https:\/\/oexpressobr.com.br\/index.php?rest_route=\/wp\/v2\/media\/3140"}],"wp:attachment":[{"href":"https:\/\/oexpressobr.com.br\/index.php?rest_route=%2Fwp%2Fv2%2Fmedia&parent=3139"}],"wp:term":[{"taxonomy":"category","embeddable":true,"href":"https:\/\/oexpressobr.com.br\/index.php?rest_route=%2Fwp%2Fv2%2Fcategories&post=3139"},{"taxonomy":"post_tag","embeddable":true,"href":"https:\/\/oexpressobr.com.br\/index.php?rest_route=%2Fwp%2Fv2%2Ftags&post=3139"}],"curies":[{"name":"wp","href":"https:\/\/api.w.org\/{rel}","templated":true}]}}