{"id":3142,"date":"2026-02-03T00:24:11","date_gmt":"2026-02-03T03:24:11","guid":{"rendered":"https:\/\/oexpressobr.com.br\/?p=3142"},"modified":"2026-02-03T00:24:12","modified_gmt":"2026-02-03T03:24:12","slug":"moradores-de-jacarezinho-cohapar-e-governo-do-parana-enfrentam-polemica-sobre-abandono-de-casas-populares","status":"publish","type":"post","link":"https:\/\/oexpressobr.com.br\/?p=3142","title":{"rendered":"Moradores de Jacarezinho, Cohapar e Governo do Paran\u00e1 enfrentam pol\u00eamica sobre abandono de casas populares"},"content":{"rendered":"\n<p class=\"wp-block-paragraph\">O sonho da casa pr\u00f3pria tem se transformado em pesadelo para fam\u00edlias de baixa renda em Jacarezinho, no Norte Pioneiro do Paran\u00e1. Uma s\u00e9rie de den\u00fancias que circulam nas redes sociais e ganharam for\u00e7a nos \u00faltimos meses exp\u00f5e um cen\u00e1rio cr\u00edtico: im\u00f3veis da Companhia de Habita\u00e7\u00e3o do Paran\u00e1 (Cohapar) entregues ou em processo de ocupa\u00e7\u00e3o apresentam sinais graves de deteriora\u00e7\u00e3o, abandono e falta de manuten\u00e7\u00e3o b\u00e1sica.<\/p>\n\n\n\n<p class=\"wp-block-paragraph\">\u200bA situa\u00e7\u00e3o, que j\u00e1 havia sido destacada em portais de not\u00edcias locais como o <em>Di\u00e1rio Nacional Online<\/em>, revela um abismo entre o an\u00fancio de investimentos vultosos e a realidade vivida nas ruas. Enquanto o Governo do Estado e lideran\u00e7as pol\u00edticas celebram a entrega de centenas de novas unidades, moradores de conjuntos j\u00e1 estabelecidos relatam rachaduras, infraestrutura comprometida e a sensa\u00e7\u00e3o de esquecimento pelo poder p\u00fablico.<\/p>\n\n\n\n<h3 class=\"wp-block-heading\">\u200bO contraste entre o discurso e a pr\u00e1tica<\/h3>\n\n\n\n<p class=\"wp-block-paragraph\">\u200bRecentemente, o deputado Luiz Claudio Romanelli e o prefeito Marcelo Palhares anunciaram que Jacarezinho garantiu a moradia para mais 364 fam\u00edlias por meio do Residencial Parque dos Ip\u00eas, um investimento que ultrapassa os R$ 60 milh\u00f5es em parceria com o programa &#8220;Casa F\u00e1cil Paran\u00e1&#8221;. No entanto, para quem j\u00e1 recebeu as chaves em projetos anteriores, a celebra\u00e7\u00e3o d\u00e1 lugar \u00e0 indigna\u00e7\u00e3o.<\/p>\n\n\n\n<p class=\"wp-block-paragraph\">\u200bAs reclama\u00e7\u00f5es apontam que o acompanhamento p\u00f3s-ocupa\u00e7\u00e3o \u00e9 praticamente inexistente. &#8220;As casas deveriam representar dignidade, mas o que vemos \u00e9 descaso. Sem assist\u00eancia t\u00e9cnica ou reformas, a estrutura se desfaz&#8221;, afirma um dos relatos compartilhados por cidad\u00e3os que cobram uma postura mais firme da Cohapar e da prefeitura local.<\/p>\n\n\n\n<h3 class=\"wp-block-heading\">\u200bResposta oficial e novas medidas<\/h3>\n\n\n\n<p class=\"wp-block-paragraph\">\u200bEm meio ao desgaste da imagem p\u00fablica, o Governo do Paran\u00e1 lan\u00e7ou em setembro de 2025 uma proposta para perdoar d\u00edvidas de at\u00e9 R$ 7 mil de mutu\u00e1rios da Cohapar que estejam em situa\u00e7\u00e3o de vulnerabilidade. A medida visa regularizar a posse dos im\u00f3veis e aliviar financeiramente as fam\u00edlias, mas n\u00e3o resolve diretamente o problema da degrada\u00e7\u00e3o f\u00edsica das moradias denunciadas.<\/p>\n\n\n\n<p class=\"wp-block-paragraph\">\u200bA Cohapar, por sua vez, refor\u00e7a que mant\u00e9m canais oficiais de ouvidoria para receber reclama\u00e7\u00f5es t\u00e9cnicas, mas ressalta que a manuten\u00e7\u00e3o de uso dos im\u00f3veis, ap\u00f3s a entrega e o per\u00edodo de garantia da obra, muitas vezes recai sobre o propriet\u00e1rio, o que gera um impasse para fam\u00edlias que n\u00e3o possuem recursos para reformas emergenciais.<\/p>\n\n\n\n<h3 class=\"wp-block-heading\">\u200bCen\u00e1rio de incertezas<\/h3>\n\n\n\n<p class=\"wp-block-paragraph\">\u200bEmbora Jacarezinho esteja no centro de um grande volume de investimentos estaduais \u2014 que somam cerca de R$ 115 milh\u00f5es em diversas \u00e1reas, incluindo infraestrutura urbana e inova\u00e7\u00e3o tecnol\u00f3gica \u2014 o setor habitacional segue como um &#8220;ferida aberta&#8221;. A falta de um plano efetivo de zeladoria para os conjuntos habitacionais antigos amea\u00e7a transformar \u00e1reas de interesse social em novos focos de exclus\u00e3o urbana.<\/p>\n\n\n\n<p class=\"wp-block-paragraph\">\u200bA reportagem continuar\u00e1 acompanhando o desdobramento das den\u00fancias e aguarda um posicionamento detalhado da prefeitura sobre cronogramas de manuten\u00e7\u00e3o nas vias de acesso e infraestrutura b\u00e1sica dos bairros afetados pelo abandono.<\/p>\n","protected":false},"excerpt":{"rendered":"<p>O sonho da casa pr\u00f3pria tem se transformado em pesadelo para fam\u00edlias de baixa renda em Jacarezinho, no Norte Pioneiro do Paran\u00e1. Uma s\u00e9rie de [&#8230;]<\/p>\n","protected":false},"author":1,"featured_media":3143,"comment_status":"open","ping_status":"open","sticky":false,"template":"","format":"standard","meta":{"_crdt_document":"","_jetpack_memberships_contains_paid_content":false,"footnotes":"","jetpack_publicize_message":"","jetpack_publicize_feature_enabled":true,"jetpack_social_post_already_shared":true,"jetpack_social_options":{"image_generator_settings":{"template":"highway","default_image_id":0,"font":"","enabled":false},"version":2}},"categories":[16],"tags":[],"class_list":["post-3142","post","type-post","status-publish","format-standard","has-post-thumbnail","hentry","category-denuncia"],"jetpack_publicize_connections":[],"jetpack_featured_media_url":"https:\/\/i0.wp.com\/oexpressobr.com.br\/wp-content\/uploads\/2026\/02\/casass-edited-1536x1024-1.jpeg?fit=1536%2C1024&ssl=1","jetpack_likes_enabled":true,"jetpack_sharing_enabled":true,"_links":{"self":[{"href":"https:\/\/oexpressobr.com.br\/index.php?rest_route=\/wp\/v2\/posts\/3142","targetHints":{"allow":["GET"]}}],"collection":[{"href":"https:\/\/oexpressobr.com.br\/index.php?rest_route=\/wp\/v2\/posts"}],"about":[{"href":"https:\/\/oexpressobr.com.br\/index.php?rest_route=\/wp\/v2\/types\/post"}],"author":[{"embeddable":true,"href":"https:\/\/oexpressobr.com.br\/index.php?rest_route=\/wp\/v2\/users\/1"}],"replies":[{"embeddable":true,"href":"https:\/\/oexpressobr.com.br\/index.php?rest_route=%2Fwp%2Fv2%2Fcomments&post=3142"}],"version-history":[{"count":1,"href":"https:\/\/oexpressobr.com.br\/index.php?rest_route=\/wp\/v2\/posts\/3142\/revisions"}],"predecessor-version":[{"id":3144,"href":"https:\/\/oexpressobr.com.br\/index.php?rest_route=\/wp\/v2\/posts\/3142\/revisions\/3144"}],"wp:featuredmedia":[{"embeddable":true,"href":"https:\/\/oexpressobr.com.br\/index.php?rest_route=\/wp\/v2\/media\/3143"}],"wp:attachment":[{"href":"https:\/\/oexpressobr.com.br\/index.php?rest_route=%2Fwp%2Fv2%2Fmedia&parent=3142"}],"wp:term":[{"taxonomy":"category","embeddable":true,"href":"https:\/\/oexpressobr.com.br\/index.php?rest_route=%2Fwp%2Fv2%2Fcategories&post=3142"},{"taxonomy":"post_tag","embeddable":true,"href":"https:\/\/oexpressobr.com.br\/index.php?rest_route=%2Fwp%2Fv2%2Ftags&post=3142"}],"curies":[{"name":"wp","href":"https:\/\/api.w.org\/{rel}","templated":true}]}}