{"id":3151,"date":"2026-02-03T12:09:26","date_gmt":"2026-02-03T15:09:26","guid":{"rendered":"https:\/\/oexpressobr.com.br\/?p=3151"},"modified":"2026-02-03T12:09:28","modified_gmt":"2026-02-03T15:09:28","slug":"aldo-rebelo-se-filia-ao-dc-e-nova-cupula-estadual-assume-no-parana","status":"publish","type":"post","link":"https:\/\/oexpressobr.com.br\/?p=3151","title":{"rendered":"Aldo Rebelo se filia ao DC e nova c\u00fapula estadual assume no Paran\u00e1"},"content":{"rendered":"\n<p class=\"wp-block-paragraph\">\u200bA cena pol\u00edtica paranaense sofreu uma reviravolta dr\u00e1stica neste in\u00edcio de semana. O an\u00fancio da filia\u00e7\u00e3o de <strong>Aldo Rebelo<\/strong> ao Democracia Crist\u00e3 (DC) para disputar a Presid\u00eancia da Rep\u00fablica desencadeou uma interven\u00e7\u00e3o direta na estrutura estadual da legenda. A antiga comiss\u00e3o foi sumariamente destitu\u00edda, dando lugar a uma nova Regional sob o comando de <strong>Ricardo Gomide<\/strong>.<\/p>\n\n\n\n<p class=\"wp-block-paragraph\">\u200bA mudan\u00e7a, embora estrat\u00e9gica para os planos nacionais da sigla, abriu uma ferida profunda na base paranaense, que se identifica com pautas conservadoras e de direita.<\/p>\n\n\n\n<h3 class=\"wp-block-heading\">\u200bO estopim da crise e a indigna\u00e7\u00e3o em Maring\u00e1<\/h3>\n\n\n\n<p class=\"wp-block-paragraph\">\u200bEm Maring\u00e1, o cen\u00e1rio ainda \u00e9 de incerteza. Embora a comiss\u00e3o provis\u00f3ria local permane\u00e7a inalterada at\u00e9 o momento, as baixas j\u00e1 come\u00e7aram. <strong>Jos\u00e9 Marcos Badini<\/strong>, que consolidava sua pr\u00e9-candidatura a deputado estadual, anunciou a desist\u00eancia do pleito e n\u00e3o escondeu a revolta com a troca de comando.<\/p>\n\n\n\n<p class=\"wp-block-paragraph\">\u200bPara Badini e outros aliados, a chegada de Rebelo \u2014 pol\u00edtico com hist\u00f3rico ligado a pautas de esquerda e ex-ministro dos governos PT \u2014 representa uma afronta aos valores &#8220;crist\u00e3os e conservadores&#8221; que o partido vinha pregando no estado.<\/p>\n\n\n\n<h3 class=\"wp-block-heading\">\u200bRuptura e o an\u00fancio de uma &#8220;nova casa&#8221;<\/h3>\n\n\n\n<p class=\"wp-block-paragraph\">\u200bA antiga diretoria regional publicou uma nota contundente classificando a movimenta\u00e7\u00e3o da Nacional como uma &#8220;negociata inaceit\u00e1vel&#8221;. O texto utiliza met\u00e1foras de mudan\u00e7a para sinalizar que o grupo n\u00e3o pretende permanecer na sigla para apoiar o novo projeto.<\/p>\n\n\n\n<p class=\"wp-block-paragraph\">\u200b<strong>Pontos principais do comunicado:<\/strong><\/p>\n\n\n\n<ul class=\"wp-block-list\">\n<li>\u200b<strong>Acusa\u00e7\u00e3o de Trai\u00e7\u00e3o:<\/strong> A c\u00fapula nacional \u00e9 acusada de romper com a trajet\u00f3ria hist\u00f3rica do partido sem di\u00e1logo pr\u00e9vio.<\/li>\n\n\n\n<li>\u200b<strong>Rejei\u00e7\u00e3o ao &#8220;Comunismo&#8221;:<\/strong> A nota cita nominalmente a insatisfa\u00e7\u00e3o em marchar ao lado de &#8220;comunistas hist\u00f3ricos&#8221;.<\/li>\n\n\n\n<li>\u200b<strong>\u00caxodo Confirmado:<\/strong> O grupo afirma que o &#8220;caminh\u00e3o j\u00e1 est\u00e1 carregado&#8221; e que, nos pr\u00f3ximos dias, anunciar\u00e3o a migra\u00e7\u00e3o conjunta para uma legenda assumidamente de direita.<\/li>\n<\/ul>\n\n\n\n<h3 class=\"wp-block-heading\">\u200bO contexto nacional: Aldo Rebelo e o DC em 2026<\/h3>\n\n\n\n<p class=\"wp-block-paragraph\">\u200bA aposta do Democracia Crist\u00e3 em Aldo Rebelo reflete uma tentativa de ocupar um v\u00e1cuo de &#8220;centro-soberanista&#8221;. Rebelo tem circulado pelo pa\u00eds defendendo pautas ligadas \u00e0 defesa da Amaz\u00f4nia e ao desenvolvimento nacional, tentando desvincular sua imagem da polariza\u00e7\u00e3o extrema.<\/p>\n\n\n\n<p class=\"wp-block-paragraph\">\u200bContudo, no Paran\u00e1, onde o eleitorado de direita \u00e9 majorit\u00e1rio e consolidado, a estrat\u00e9gia de &#8220;abrigar todos os espectros&#8221; sob a bandeira crist\u00e3 parece ter gerado um curto-circuito dif\u00edcil de reparar.<\/p>\n\n\n\n<h3 class=\"wp-block-heading\">\u200bO que esperar a seguir?<\/h3>\n\n\n\n<p class=\"wp-block-paragraph\">\u200bA sa\u00edda do grupo dissidente deve esvaziar chapas proporcionais do DC em diversas regi\u00f5es do estado, especialmente no eixo Maring\u00e1-Londrina. A grande expectativa agora gira em torno de qual ser\u00e1 a &#8220;nova casa&#8221; mencionada no comunicado \u2014 partidos como <strong>PL<\/strong>, <strong>Novo<\/strong> ou <strong>PMB<\/strong> surgem como os destinos mais prov\u00e1veis para os \u00f3rf\u00e3os da antiga gest\u00e3o do DC.<\/p>\n","protected":false},"excerpt":{"rendered":"<p>\u200bA cena pol\u00edtica paranaense sofreu uma reviravolta dr\u00e1stica neste in\u00edcio de semana. O an\u00fancio da filia\u00e7\u00e3o de Aldo Rebelo ao Democracia Crist\u00e3 (DC) para disputar [&#8230;]<\/p>\n","protected":false},"author":1,"featured_media":3152,"comment_status":"open","ping_status":"open","sticky":false,"template":"","format":"standard","meta":{"_crdt_document":"","_jetpack_memberships_contains_paid_content":false,"footnotes":"","jetpack_publicize_message":"","jetpack_publicize_feature_enabled":true,"jetpack_social_post_already_shared":true,"jetpack_social_options":{"image_generator_settings":{"template":"highway","default_image_id":0,"font":"","enabled":false},"version":2}},"categories":[5],"tags":[],"class_list":["post-3151","post","type-post","status-publish","format-standard","has-post-thumbnail","hentry","category-parana"],"jetpack_publicize_connections":[],"jetpack_featured_media_url":"https:\/\/i0.wp.com\/oexpressobr.com.br\/wp-content\/uploads\/2026\/02\/Aldo-Rebelo-pre-candidato-presidencia-DC-2026-1.jpeg?fit=1024%2C576&ssl=1","jetpack_likes_enabled":true,"jetpack_sharing_enabled":true,"_links":{"self":[{"href":"https:\/\/oexpressobr.com.br\/index.php?rest_route=\/wp\/v2\/posts\/3151","targetHints":{"allow":["GET"]}}],"collection":[{"href":"https:\/\/oexpressobr.com.br\/index.php?rest_route=\/wp\/v2\/posts"}],"about":[{"href":"https:\/\/oexpressobr.com.br\/index.php?rest_route=\/wp\/v2\/types\/post"}],"author":[{"embeddable":true,"href":"https:\/\/oexpressobr.com.br\/index.php?rest_route=\/wp\/v2\/users\/1"}],"replies":[{"embeddable":true,"href":"https:\/\/oexpressobr.com.br\/index.php?rest_route=%2Fwp%2Fv2%2Fcomments&post=3151"}],"version-history":[{"count":1,"href":"https:\/\/oexpressobr.com.br\/index.php?rest_route=\/wp\/v2\/posts\/3151\/revisions"}],"predecessor-version":[{"id":3153,"href":"https:\/\/oexpressobr.com.br\/index.php?rest_route=\/wp\/v2\/posts\/3151\/revisions\/3153"}],"wp:featuredmedia":[{"embeddable":true,"href":"https:\/\/oexpressobr.com.br\/index.php?rest_route=\/wp\/v2\/media\/3152"}],"wp:attachment":[{"href":"https:\/\/oexpressobr.com.br\/index.php?rest_route=%2Fwp%2Fv2%2Fmedia&parent=3151"}],"wp:term":[{"taxonomy":"category","embeddable":true,"href":"https:\/\/oexpressobr.com.br\/index.php?rest_route=%2Fwp%2Fv2%2Fcategories&post=3151"},{"taxonomy":"post_tag","embeddable":true,"href":"https:\/\/oexpressobr.com.br\/index.php?rest_route=%2Fwp%2Fv2%2Ftags&post=3151"}],"curies":[{"name":"wp","href":"https:\/\/api.w.org\/{rel}","templated":true}]}}