{"id":3155,"date":"2026-02-03T15:20:30","date_gmt":"2026-02-03T18:20:30","guid":{"rendered":"https:\/\/oexpressobr.com.br\/?p=3155"},"modified":"2026-02-03T15:23:18","modified_gmt":"2026-02-03T18:23:18","slug":"prefeito-adriano-ramos-anuncia-pagamento-de-progressoes-e-novo-piso-salarial-para-professores-em-paranagua","status":"publish","type":"post","link":"https:\/\/oexpressobr.com.br\/?p=3155","title":{"rendered":"Prefeito Adriano Ramos anuncia pagamento de progress\u00f5es e novo piso salarial para professores em Paranagu\u00e1"},"content":{"rendered":"\n<p class=\"wp-block-paragraph\">\u200bA gest\u00e3o municipal de Paranagu\u00e1 confirmou um pacote de valoriza\u00e7\u00e3o para os profissionais da educa\u00e7\u00e3o nesta semana. O prefeito <strong>Adriano Ramos<\/strong> anunciou que o pagamento das progress\u00f5es de carreira ser\u00e1 realizado em <strong>parcela \u00fanica<\/strong> nesta sexta-feira, dia 6. O benef\u00edcio atende a uma demanda hist\u00f3rica da categoria por reconhecimento ao tempo de servi\u00e7o e qualifica\u00e7\u00e3o profissional.<\/p>\n\n\n\n<p class=\"wp-block-paragraph\">\u200bAl\u00e9m do acerto das progress\u00f5es, o cronograma financeiro da prefeitura prev\u00ea que o pagamento do dia 20 j\u00e1 inclua o ajuste do <strong>piso nacional do magist\u00e9rio<\/strong>. Com essa medida, o munic\u00edpio se alinha \u00e0s diretrizes federais de remunera\u00e7\u00e3o, garantindo que nenhum docente receba abaixo do valor estabelecido por lei para a jornada correspondente.<\/p>\n\n\n\n<h3 class=\"wp-block-heading\">\u200bO que muda para o educador parnanguara:<\/h3>\n\n\n\n<ul class=\"wp-block-list\">\n<li>\u200b<strong>Progress\u00f5es (Dia 06):<\/strong> Pagamento integral do valor retroativo ou acumulado referente ao plano de carreira, sem parcelamentos.<\/li>\n\n\n\n<li>\u200b<strong>Piso Nacional (Dia 20):<\/strong> Atualiza\u00e7\u00e3o salarial autom\u00e1tica na folha de pagamento deste m\u00eas.<\/li>\n\n\n\n<li>\u200b<strong>Impacto:<\/strong> A medida visa n\u00e3o apenas o cumprimento legal, mas tamb\u00e9m a reten\u00e7\u00e3o de talentos e o est\u00edmulo \u00e0 forma\u00e7\u00e3o continuada dos professores da rede municipal.<\/li>\n<\/ul>\n\n\n\n<h3 class=\"wp-block-heading\">\u200bPanorama da Educa\u00e7\u00e3o<\/h3>\n\n\n\n<p class=\"wp-block-paragraph\">\u200bO an\u00fancio ocorre em um momento estrat\u00e9gico, refor\u00e7ando o compromisso da atual gest\u00e3o com o funcionalismo p\u00fablico. Segundo a prefeitura, a organiza\u00e7\u00e3o das contas permitiu que o pagamento da progress\u00e3o fosse feito \u00e0 vista, injetando recursos na economia local e trazendo seguran\u00e7a financeira aos profissionais de ensino.<\/p>\n\n\n\n<p class=\"wp-block-paragraph\">\u200bO v\u00eddeo do an\u00fancio, que circula nas redes sociais, destaca que a valoriza\u00e7\u00e3o \u00e9 o pilar para os avan\u00e7os nos \u00edndices de aprendizagem das crian\u00e7as de Paranagu\u00e1.<\/p>\n","protected":false},"excerpt":{"rendered":"<p>\u200bA gest\u00e3o municipal de Paranagu\u00e1 confirmou um pacote de valoriza\u00e7\u00e3o para os profissionais da educa\u00e7\u00e3o nesta semana. O prefeito Adriano Ramos anunciou que o pagamento [&#8230;]<\/p>\n","protected":false},"author":1,"featured_media":3157,"comment_status":"open","ping_status":"open","sticky":false,"template":"","format":"standard","meta":{"_crdt_document":"","_jetpack_memberships_contains_paid_content":false,"footnotes":"","jetpack_publicize_message":"","jetpack_publicize_feature_enabled":true,"jetpack_social_post_already_shared":true,"jetpack_social_options":{"image_generator_settings":{"template":"highway","default_image_id":0,"font":"","enabled":false},"version":2}},"categories":[6],"tags":[],"class_list":["post-3155","post","type-post","status-publish","format-standard","has-post-thumbnail","hentry","category-educacao"],"jetpack_publicize_connections":[],"jetpack_featured_media_url":"https:\/\/i0.wp.com\/oexpressobr.com.br\/wp-content\/uploads\/2026\/02\/images26.jpg?fit=547%2C365&ssl=1","jetpack_likes_enabled":true,"jetpack_sharing_enabled":true,"_links":{"self":[{"href":"https:\/\/oexpressobr.com.br\/index.php?rest_route=\/wp\/v2\/posts\/3155","targetHints":{"allow":["GET"]}}],"collection":[{"href":"https:\/\/oexpressobr.com.br\/index.php?rest_route=\/wp\/v2\/posts"}],"about":[{"href":"https:\/\/oexpressobr.com.br\/index.php?rest_route=\/wp\/v2\/types\/post"}],"author":[{"embeddable":true,"href":"https:\/\/oexpressobr.com.br\/index.php?rest_route=\/wp\/v2\/users\/1"}],"replies":[{"embeddable":true,"href":"https:\/\/oexpressobr.com.br\/index.php?rest_route=%2Fwp%2Fv2%2Fcomments&post=3155"}],"version-history":[{"count":1,"href":"https:\/\/oexpressobr.com.br\/index.php?rest_route=\/wp\/v2\/posts\/3155\/revisions"}],"predecessor-version":[{"id":3156,"href":"https:\/\/oexpressobr.com.br\/index.php?rest_route=\/wp\/v2\/posts\/3155\/revisions\/3156"}],"wp:featuredmedia":[{"embeddable":true,"href":"https:\/\/oexpressobr.com.br\/index.php?rest_route=\/wp\/v2\/media\/3157"}],"wp:attachment":[{"href":"https:\/\/oexpressobr.com.br\/index.php?rest_route=%2Fwp%2Fv2%2Fmedia&parent=3155"}],"wp:term":[{"taxonomy":"category","embeddable":true,"href":"https:\/\/oexpressobr.com.br\/index.php?rest_route=%2Fwp%2Fv2%2Fcategories&post=3155"},{"taxonomy":"post_tag","embeddable":true,"href":"https:\/\/oexpressobr.com.br\/index.php?rest_route=%2Fwp%2Fv2%2Ftags&post=3155"}],"curies":[{"name":"wp","href":"https:\/\/api.w.org\/{rel}","templated":true}]}}