{"id":3160,"date":"2026-02-03T15:27:55","date_gmt":"2026-02-03T18:27:55","guid":{"rendered":"https:\/\/oexpressobr.com.br\/?p=3160"},"modified":"2026-02-03T15:27:56","modified_gmt":"2026-02-03T18:27:56","slug":"delegada-paga-fianca-de-mulher-que-furtou-cremes-de-avela-e-gera-polemica-no-parana","status":"publish","type":"post","link":"https:\/\/oexpressobr.com.br\/?p=3160","title":{"rendered":"Delegada paga fian\u00e7a de mulher que furtou cremes de avel\u00e3 e gera pol\u00eamica no Paran\u00e1"},"content":{"rendered":"\n<p class=\"wp-block-paragraph\">\u200bO caso ocorreu na central de flagrantes de <strong>Uni\u00e3o da Vit\u00f3ria<\/strong>, no Sul do Paran\u00e1, e transformou um procedimento policial rotineiro em um intenso debate sobre \u00e9tica, seguran\u00e7a p\u00fablica e o conceito jur\u00eddico de <strong>crime fam\u00e9lico<\/strong>.<\/p>\n\n\n\n<h3 class=\"wp-block-heading\">\u200bO Flagrante e a Reincid\u00eancia<\/h3>\n\n\n\n<p class=\"wp-block-paragraph\">\u200bA ocorr\u00eancia teve in\u00edcio quando funcion\u00e1rios de um supermercado local monitoraram, via c\u00e2meras de seguran\u00e7a, uma mulher escondendo tr\u00eas potes de creme de avel\u00e3 (dois da marca Tuna e um Nutella) em sua bolsa. Ela foi abordada no estacionamento e detida pela <strong>Pol\u00edcia Militar<\/strong>.<\/p>\n\n\n\n<p class=\"wp-block-paragraph\">\u200bDe acordo com representantes do estabelecimento, a suspeita n\u00e3o era &#8220;rebu de primeira viagem&#8221;: ela j\u00e1 havia sido flagrada anteriormente furtando uma pe\u00e7a de picanha no mesmo local.<\/p>\n\n\n\n<h3 class=\"wp-block-heading\">\u200bA Decis\u00e3o da Delegada: &#8220;Gesto de Humanidade&#8221; ou Impunidade?<\/h3>\n\n\n\n<p class=\"wp-block-paragraph\">\u200bAo chegar \u00e0 delegacia, o caso tomou um rumo inesperado. A delegada de plant\u00e3o, sensibilizada com o relato da mulher, decidiu n\u00e3o apenas relaxar a pris\u00e3o, mas intervir financeiramente.<\/p>\n\n\n\n<ul class=\"wp-block-list\">\n<li>\u200b<strong>O Ato:<\/strong> A autoridade policial realizou um <strong>pagamento via Pix<\/strong> para que os produtos fossem quitados.<\/li>\n\n\n\n<li>\u200b<strong>A Justificativa:<\/strong> A delegada enquadrou a situa\u00e7\u00e3o na interpreta\u00e7\u00e3o de furto por necessidade (crime fam\u00e9lico), argumentando que o contexto social da detida justificava uma medida humanit\u00e1ria em vez do c\u00e1rcere.<\/li>\n<\/ul>\n\n\n\n<h3 class=\"wp-block-heading\">\u200bRepercuss\u00e3o e Cr\u00edticas do Setor Comercial<\/h3>\n\n\n\n<p class=\"wp-block-paragraph\">\u200bA decis\u00e3o n\u00e3o foi bem recebida pela comunidade local nem pelos comerciantes. O ponto central da cr\u00edtica reside na natureza dos itens:<\/p>\n\n\n\n<ol class=\"wp-block-list\">\n<li>\u200b<strong>Itens Sup\u00e9rfluos:<\/strong> Cr\u00edticos argumentam que cremes de avel\u00e3 e picanha n\u00e3o s\u00e3o itens b\u00e1sicos de sobreviv\u00eancia (como arroz ou feij\u00e3o), o que descaracterizaria o &#8220;crime fam\u00e9lico&#8221;.<\/li>\n\n\n\n<li>\u200b<strong>Desest\u00edmulo Policial:<\/strong> Policiais militares e comerciantes expressaram indigna\u00e7\u00e3o, alegando que a soltura de reincidentes invalida o trabalho de patrulhamento e gera uma sensa\u00e7\u00e3o de inseguran\u00e7a jur\u00eddica.<\/li>\n\n\n\n<li>\u200b<strong>Sinaliza\u00e7\u00e3o Social:<\/strong> Para o setor varejista, a atitude da delegada pode ser interpretada como um incentivo a novos delitos, j\u00e1 que a puni\u00e7\u00e3o foi substitu\u00edda por um benef\u00edcio financeiro vindo da pr\u00f3pria autoridade.<\/li>\n<\/ol>\n\n\n\n<h3 class=\"wp-block-heading\">\u200bO Dilema Jur\u00eddico<\/h3>\n\n\n\n<p class=\"wp-block-paragraph\">\u200bO epis\u00f3dio coloca em lados opostos duas vis\u00f5es do Direito Penal:<\/p>\n\n\n\n<ul class=\"wp-block-list\">\n<li>\u200b<strong>Direito Penal do Equil\u00edbrio:<\/strong> Defende que o Estado deve considerar a vulnerabilidade extrema do indiv\u00edduo.<\/li>\n\n\n\n<li>\u200b<strong>Seguran\u00e7a P\u00fablica e Ordem:<\/strong> Defende que a reincid\u00eancia e a natureza do objeto furtado exigem o cumprimento rigoroso da lei para manter a ordem social.<\/li>\n<\/ul>\n\n\n\n<p class=\"wp-block-paragraph\">\u200bAt\u00e9 o momento, a Pol\u00edcia Civil do Paran\u00e1 n\u00e3o emitiu uma nota oficial confirmando se haver\u00e1 algum tipo de apura\u00e7\u00e3o administrativa sobre a conduta da delegada, que agiu dentro de sua autonomia de convencimento jur\u00eddico no exerc\u00edcio da fun\u00e7\u00e3o.<\/p>\n","protected":false},"excerpt":{"rendered":"<p>\u200bO caso ocorreu na central de flagrantes de Uni\u00e3o da Vit\u00f3ria, no Sul do Paran\u00e1, e transformou um procedimento policial rotineiro em um intenso debate [&#8230;]<\/p>\n","protected":false},"author":1,"featured_media":3161,"comment_status":"open","ping_status":"open","sticky":false,"template":"","format":"standard","meta":{"_crdt_document":"","_jetpack_memberships_contains_paid_content":false,"footnotes":"","jetpack_publicize_message":"","jetpack_publicize_feature_enabled":true,"jetpack_social_post_already_shared":true,"jetpack_social_options":{"image_generator_settings":{"template":"highway","default_image_id":0,"font":"","enabled":false},"version":2}},"categories":[9],"tags":[],"class_list":["post-3160","post","type-post","status-publish","format-standard","has-post-thumbnail","hentry","category-policia"],"jetpack_publicize_connections":[],"jetpack_featured_media_url":"https:\/\/i0.wp.com\/oexpressobr.com.br\/wp-content\/uploads\/2026\/02\/FB_IMG_1770143070855.jpg?fit=1024%2C1024&ssl=1","jetpack_likes_enabled":true,"jetpack_sharing_enabled":true,"_links":{"self":[{"href":"https:\/\/oexpressobr.com.br\/index.php?rest_route=\/wp\/v2\/posts\/3160","targetHints":{"allow":["GET"]}}],"collection":[{"href":"https:\/\/oexpressobr.com.br\/index.php?rest_route=\/wp\/v2\/posts"}],"about":[{"href":"https:\/\/oexpressobr.com.br\/index.php?rest_route=\/wp\/v2\/types\/post"}],"author":[{"embeddable":true,"href":"https:\/\/oexpressobr.com.br\/index.php?rest_route=\/wp\/v2\/users\/1"}],"replies":[{"embeddable":true,"href":"https:\/\/oexpressobr.com.br\/index.php?rest_route=%2Fwp%2Fv2%2Fcomments&post=3160"}],"version-history":[{"count":1,"href":"https:\/\/oexpressobr.com.br\/index.php?rest_route=\/wp\/v2\/posts\/3160\/revisions"}],"predecessor-version":[{"id":3162,"href":"https:\/\/oexpressobr.com.br\/index.php?rest_route=\/wp\/v2\/posts\/3160\/revisions\/3162"}],"wp:featuredmedia":[{"embeddable":true,"href":"https:\/\/oexpressobr.com.br\/index.php?rest_route=\/wp\/v2\/media\/3161"}],"wp:attachment":[{"href":"https:\/\/oexpressobr.com.br\/index.php?rest_route=%2Fwp%2Fv2%2Fmedia&parent=3160"}],"wp:term":[{"taxonomy":"category","embeddable":true,"href":"https:\/\/oexpressobr.com.br\/index.php?rest_route=%2Fwp%2Fv2%2Fcategories&post=3160"},{"taxonomy":"post_tag","embeddable":true,"href":"https:\/\/oexpressobr.com.br\/index.php?rest_route=%2Fwp%2Fv2%2Ftags&post=3160"}],"curies":[{"name":"wp","href":"https:\/\/api.w.org\/{rel}","templated":true}]}}