{"id":3163,"date":"2026-02-03T15:37:36","date_gmt":"2026-02-03T18:37:36","guid":{"rendered":"https:\/\/oexpressobr.com.br\/?p=3163"},"modified":"2026-02-03T15:37:37","modified_gmt":"2026-02-03T18:37:37","slug":"ricardo-barros-afirma-que-veto-do-pp-obriga-sergio-moro-a-buscar-novo-partido-para-2026","status":"publish","type":"post","link":"https:\/\/oexpressobr.com.br\/?p=3163","title":{"rendered":"RICARDO Barros afirma que veto do PP obriga Sergio Moro a buscar novo partido para 2026"},"content":{"rendered":"\n<p class=\"wp-block-paragraph\">\u200bO cen\u00e1rio pol\u00edtico paranaense para as elei\u00e7\u00f5es de 2026 sofreu um novo abalo com as recentes declara\u00e7\u00f5es do deputado federal Ricardo Barros (PP), l\u00edder da sigla no estado. Segundo o parlamentar, a resist\u00eancia interna do Progressistas \u00e0 pr\u00e9-candidatura de Sergio Moro (Uni\u00e3o Brasil) ao Governo do Paran\u00e1 \u00e9 &#8220;irrevers\u00edvel&#8221;, o que deve for\u00e7ar o ex-juiz da Lava Jato a abandonar sua atual legenda caso pretenda levar adiante o projeto de ocupar o Pal\u00e1cio Igua\u00e7u.<\/p>\n\n\n\n<p class=\"wp-block-paragraph\">\u200bO impasse central reside na forma\u00e7\u00e3o da <strong>federa\u00e7\u00e3o entre Uni\u00e3o Brasil e PP<\/strong>. Pelas regras eleitorais desse modelo, os partidos devem atuar como uma \u00fanica bancada e tomar decis\u00f5es de forma conjunta em todos os n\u00edveis \u2014 nacional e estadual \u2014 por um per\u00edodo m\u00ednimo de quatro anos. No Paran\u00e1, entretanto, o PP j\u00e1 sinalizou que n\u00e3o pretende dar palanque a Moro, preferindo manter o alinhamento com o grupo pol\u00edtico do atual governador Ratinho J\u00fanior (PSD).<\/p>\n\n\n\n<p class=\"wp-block-paragraph\">\u200b<strong>Os principais pontos do conflito:<\/strong><\/p>\n\n\n\n<ul class=\"wp-block-list\">\n<li>\u200b<strong>Veto Un\u00e2nime:<\/strong> O diret\u00f3rio estadual do PP, sob influ\u00eancia de Ricardo Barros, decidiu por unanimidade n\u00e3o homologar o nome de Moro. O presidente nacional do PP, Ciro Nogueira, j\u00e1 afirmou publicamente que respeitar\u00e1 a decis\u00e3o da executiva paranaense.<\/li>\n\n\n\n<li>\u200b<strong>Impasse na Federa\u00e7\u00e3o:<\/strong> Ant\u00f4nio Rueda, presidente nacional do Uni\u00e3o Brasil, classificou o veto como &#8220;arbitr\u00e1rio&#8221;. Como a federa\u00e7\u00e3o exige consenso para o registro de candidaturas majorit\u00e1rias, a falta de acordo trava a viabilidade legal de Moro dentro do bloco.<\/li>\n\n\n\n<li>\u200b<strong>Novos Rumos:<\/strong> Barros sugeriu abertamente que Moro procure outra legenda \u2014 como o Republicanos ou o PL \u2014 para garantir sua candidatura. &#8220;Aqui na federa\u00e7\u00e3o, ele n\u00e3o ter\u00e1 condi\u00e7\u00e3o de registrar sua candidatura&#8221;, refor\u00e7ou o deputado.<\/li>\n<\/ul>\n\n\n\n<p class=\"wp-block-paragraph\">\u200b<strong>Cen\u00e1rio eleitoral e pesquisas<\/strong><\/p>\n\n\n\n<p class=\"wp-block-paragraph\">\u200bApesar das dificuldades partid\u00e1rias, Sergio Moro aparece na lideran\u00e7a em diversas pesquisas de inten\u00e7\u00e3o de voto realizadas entre o final de 2025 e o in\u00edcio de 2026 para o governo estadual. Essa for\u00e7a popular \u00e9 o principal trunfo do senador para negociar com novas siglas.<\/p>\n\n\n\n<p class=\"wp-block-paragraph\">\u200bPor outro lado, o PP j\u00e1 come\u00e7a a ventilar outros nomes para a disputa. Ricardo Barros mencionou recentemente que o partido pode abrigar o ex-prefeito de Curitiba, Rafael Greca, ou apoiar um sucessor indicado por Ratinho J\u00fanior, isolando ainda mais o ex-ministro da Justi\u00e7a.<\/p>\n\n\n\n<p class=\"wp-block-paragraph\">\u200bCom a janela partid\u00e1ria e as defini\u00e7\u00f5es das federa\u00e7\u00f5es batendo \u00e0 porta, o &#8220;fator Moro&#8221; tornou-se o principal elemento de instabilidade na direita paranaense, prometendo uma reconfigura\u00e7\u00e3o profunda das alian\u00e7as nos pr\u00f3ximos meses.<\/p>\n\n\n\n<p class=\"wp-block-paragraph\"><\/p>\n","protected":false},"excerpt":{"rendered":"<p>\u200bO cen\u00e1rio pol\u00edtico paranaense para as elei\u00e7\u00f5es de 2026 sofreu um novo abalo com as recentes declara\u00e7\u00f5es do deputado federal Ricardo Barros (PP), l\u00edder da [&#8230;]<\/p>\n","protected":false},"author":1,"featured_media":3164,"comment_status":"open","ping_status":"open","sticky":false,"template":"","format":"standard","meta":{"_crdt_document":"","_jetpack_memberships_contains_paid_content":false,"footnotes":"","jetpack_publicize_message":"","jetpack_publicize_feature_enabled":true,"jetpack_social_post_already_shared":true,"jetpack_social_options":{"image_generator_settings":{"template":"highway","default_image_id":0,"font":"","enabled":false},"version":2}},"categories":[7],"tags":[],"class_list":["post-3163","post","type-post","status-publish","format-standard","has-post-thumbnail","hentry","category-politica"],"jetpack_publicize_connections":[],"jetpack_featured_media_url":"https:\/\/i0.wp.com\/oexpressobr.com.br\/wp-content\/uploads\/2026\/02\/moro-contesta-ricardo-barros.jpg?fit=585%2C327&ssl=1","jetpack_likes_enabled":true,"jetpack_sharing_enabled":true,"_links":{"self":[{"href":"https:\/\/oexpressobr.com.br\/index.php?rest_route=\/wp\/v2\/posts\/3163","targetHints":{"allow":["GET"]}}],"collection":[{"href":"https:\/\/oexpressobr.com.br\/index.php?rest_route=\/wp\/v2\/posts"}],"about":[{"href":"https:\/\/oexpressobr.com.br\/index.php?rest_route=\/wp\/v2\/types\/post"}],"author":[{"embeddable":true,"href":"https:\/\/oexpressobr.com.br\/index.php?rest_route=\/wp\/v2\/users\/1"}],"replies":[{"embeddable":true,"href":"https:\/\/oexpressobr.com.br\/index.php?rest_route=%2Fwp%2Fv2%2Fcomments&post=3163"}],"version-history":[{"count":1,"href":"https:\/\/oexpressobr.com.br\/index.php?rest_route=\/wp\/v2\/posts\/3163\/revisions"}],"predecessor-version":[{"id":3165,"href":"https:\/\/oexpressobr.com.br\/index.php?rest_route=\/wp\/v2\/posts\/3163\/revisions\/3165"}],"wp:featuredmedia":[{"embeddable":true,"href":"https:\/\/oexpressobr.com.br\/index.php?rest_route=\/wp\/v2\/media\/3164"}],"wp:attachment":[{"href":"https:\/\/oexpressobr.com.br\/index.php?rest_route=%2Fwp%2Fv2%2Fmedia&parent=3163"}],"wp:term":[{"taxonomy":"category","embeddable":true,"href":"https:\/\/oexpressobr.com.br\/index.php?rest_route=%2Fwp%2Fv2%2Fcategories&post=3163"},{"taxonomy":"post_tag","embeddable":true,"href":"https:\/\/oexpressobr.com.br\/index.php?rest_route=%2Fwp%2Fv2%2Ftags&post=3163"}],"curies":[{"name":"wp","href":"https:\/\/api.w.org\/{rel}","templated":true}]}}