{"id":3167,"date":"2026-02-03T20:13:46","date_gmt":"2026-02-03T23:13:46","guid":{"rendered":"https:\/\/oexpressobr.com.br\/?p=3167"},"modified":"2026-02-03T20:13:48","modified_gmt":"2026-02-03T23:13:48","slug":"jovem-senador-2026-abre-inscricoes-para-debate-sobre-democracia-digital-e-selecionara-27-estudantes-da-rede-publica","status":"publish","type":"post","link":"https:\/\/oexpressobr.com.br\/?p=3167","title":{"rendered":"JOVEM SENADOR 2026 abre inscri\u00e7\u00f5es para debate sobre democracia digital e selecionar\u00e1 27 estudantes da rede p\u00fablica"},"content":{"rendered":"\n<p class=\"wp-block-paragraph\">O Senado Federal deu in\u00edcio, nesta segunda-feira (2), ao per\u00edodo de inscri\u00e7\u00f5es para o Programa Jovem Senador 2026. A 14\u00aa edi\u00e7\u00e3o do projeto traz como tema central <strong>\u201cDemocracia nas Redes Sociais: como construir um debate saud\u00e1vel\u201d<\/strong>, desafiando estudantes do ensino m\u00e9dio de escolas p\u00fablicas de todo o pa\u00eds a refletirem sobre a \u00e9tica e a conviv\u00eancia no ambiente virtual.<\/p>\n\n\n\n<p class=\"wp-block-paragraph\">\u200bO programa, que j\u00e1 mobilizou cerca de 2 milh\u00f5es de alunos ao longo de sua hist\u00f3ria, selecionar\u00e1 um representante de cada estado e do Distrito Federal para uma experi\u00eancia de viv\u00eancia legislativa na capital federal. Em 2026, a &#8220;Semana de Viv\u00eancia Legislativa&#8221; ocorrer\u00e1 entre os dias 17 e 21 de agosto.<\/p>\n\n\n\n<h3 class=\"wp-block-heading\">\u200bNovidades e Crit\u00e9rios de Sele\u00e7\u00e3o<\/h3>\n\n\n\n<p class=\"wp-block-paragraph\">\u200bSegundo o regulamento atualizado, os interessados devem ter no m\u00e1ximo 19 anos completos at\u00e9 o dia 31 de dezembro de 2026. Al\u00e9m da viagem a Bras\u00edlia com todas as despesas pagas, os 27 vencedores e seus respectivos professores orientadores ser\u00e3o premiados com um notebook.<\/p>\n\n\n\n<p class=\"wp-block-paragraph\">\u200bA escolha do tema foi anunciada oficialmente no Plen\u00e1rio pelo senador Paulo Paim (PT-RS), que destacou a import\u00e2ncia de combater a desinforma\u00e7\u00e3o e o discurso de \u00f3dio, especialmente em um ano marcado por elei\u00e7\u00f5es gerais. &#8220;A proposta busca incentivar a educa\u00e7\u00e3o midi\u00e1tica e fortalecer a participa\u00e7\u00e3o da sociedade no debate pol\u00edtico de forma respeitosa&#8221;, afirmou o parlamentar.<\/p>\n\n\n\n<h3 class=\"wp-block-heading\">\u200bEtapas e Calend\u00e1rio<\/h3>\n\n\n\n<p class=\"wp-block-paragraph\">\u200bO processo seletivo \u00e9 dividido em tr\u00eas fases:<\/p>\n\n\n\n<ol class=\"wp-block-list\">\n<li>\u200b<strong>Etapa Escolar:<\/strong> Os estudantes devem produzir suas reda\u00e7\u00f5es em sala de aula at\u00e9 o dia 17 de abril. Cada escola far\u00e1 uma pr\u00e9-sele\u00e7\u00e3o interna e enviar\u00e1 seu melhor texto para a Secretaria de Educa\u00e7\u00e3o de seu estado at\u00e9 30 de abril.<\/li>\n\n\n\n<li>\u200b<strong>Etapa Estadual:<\/strong> As secretarias t\u00eam at\u00e9 o dia 29 de maio para selecionar os tr\u00eas melhores textos de cada unidade federativa.<\/li>\n\n\n\n<li>\u200b<strong>Etapa Nacional:<\/strong> O Senado Federal escolher\u00e1 o vencedor de cada estado entre os finalistas enviados pelas secretarias. O resultado final com os nomes dos novos jovens senadores ser\u00e1 divulgado at\u00e9 o dia 26 de junho de 2026.<\/li>\n<\/ol>\n\n\n\n<p class=\"wp-block-paragraph\">\u200bDurante a estadia em Bras\u00edlia, os estudantes n\u00e3o apenas conhecem a estrutura do Congresso Nacional, mas atuam como parlamentares reais, apresentando sugest\u00f5es legislativas que podem, ap\u00f3s an\u00e1lise da Comiss\u00e3o de Direitos Humanos e Legisla\u00e7\u00e3o Participativa (CDH), ser transformadas em projetos de lei oficiais.<\/p>\n\n\n\n<p class=\"wp-block-paragraph\">\u200b<strong>Servi\u00e7o:<\/strong><\/p>\n\n\n\n<ul class=\"wp-block-list\">\n<li>\u200b<strong>Prazo final para reda\u00e7\u00f5es nas escolas:<\/strong> 17 de abril de 2026.<\/li>\n\n\n\n<li>\u200b<strong>Quem pode participar:<\/strong> Alunos de escolas p\u00fablicas estaduais e do DF, de at\u00e9 19 anos.<\/li>\n\n\n\n<li>\u200b<strong>Inscri\u00e7\u00f5es e Regulamento:<\/strong> Dispon\u00edveis no site oficial <a href=\"https:\/\/www12.senado.leg.br\/jovemsenador\">senado.leg.br\/jovemsenador<\/a>.<\/li>\n<\/ul>\n","protected":false},"excerpt":{"rendered":"<p>O Senado Federal deu in\u00edcio, nesta segunda-feira (2), ao per\u00edodo de inscri\u00e7\u00f5es para o Programa Jovem Senador 2026. A 14\u00aa edi\u00e7\u00e3o do projeto traz como [&#8230;]<\/p>\n","protected":false},"author":1,"featured_media":3168,"comment_status":"open","ping_status":"open","sticky":false,"template":"","format":"standard","meta":{"_crdt_document":"","_jetpack_memberships_contains_paid_content":false,"footnotes":"","jetpack_publicize_message":"","jetpack_publicize_feature_enabled":true,"jetpack_social_post_already_shared":true,"jetpack_social_options":{"image_generator_settings":{"template":"highway","default_image_id":0,"font":"","enabled":false},"version":2}},"categories":[3],"tags":[],"class_list":["post-3167","post","type-post","status-publish","format-standard","has-post-thumbnail","hentry","category-brasil"],"jetpack_publicize_connections":[],"jetpack_featured_media_url":"https:\/\/i0.wp.com\/oexpressobr.com.br\/wp-content\/uploads\/2026\/02\/IMG-20260203-WA0312.jpg?fit=1024%2C1280&ssl=1","jetpack_likes_enabled":true,"jetpack_sharing_enabled":true,"_links":{"self":[{"href":"https:\/\/oexpressobr.com.br\/index.php?rest_route=\/wp\/v2\/posts\/3167","targetHints":{"allow":["GET"]}}],"collection":[{"href":"https:\/\/oexpressobr.com.br\/index.php?rest_route=\/wp\/v2\/posts"}],"about":[{"href":"https:\/\/oexpressobr.com.br\/index.php?rest_route=\/wp\/v2\/types\/post"}],"author":[{"embeddable":true,"href":"https:\/\/oexpressobr.com.br\/index.php?rest_route=\/wp\/v2\/users\/1"}],"replies":[{"embeddable":true,"href":"https:\/\/oexpressobr.com.br\/index.php?rest_route=%2Fwp%2Fv2%2Fcomments&post=3167"}],"version-history":[{"count":1,"href":"https:\/\/oexpressobr.com.br\/index.php?rest_route=\/wp\/v2\/posts\/3167\/revisions"}],"predecessor-version":[{"id":3169,"href":"https:\/\/oexpressobr.com.br\/index.php?rest_route=\/wp\/v2\/posts\/3167\/revisions\/3169"}],"wp:featuredmedia":[{"embeddable":true,"href":"https:\/\/oexpressobr.com.br\/index.php?rest_route=\/wp\/v2\/media\/3168"}],"wp:attachment":[{"href":"https:\/\/oexpressobr.com.br\/index.php?rest_route=%2Fwp%2Fv2%2Fmedia&parent=3167"}],"wp:term":[{"taxonomy":"category","embeddable":true,"href":"https:\/\/oexpressobr.com.br\/index.php?rest_route=%2Fwp%2Fv2%2Fcategories&post=3167"},{"taxonomy":"post_tag","embeddable":true,"href":"https:\/\/oexpressobr.com.br\/index.php?rest_route=%2Fwp%2Fv2%2Ftags&post=3167"}],"curies":[{"name":"wp","href":"https:\/\/api.w.org\/{rel}","templated":true}]}}