{"id":3170,"date":"2026-02-03T20:18:57","date_gmt":"2026-02-03T23:18:57","guid":{"rendered":"https:\/\/oexpressobr.com.br\/?p=3170"},"modified":"2026-02-03T20:18:58","modified_gmt":"2026-02-03T23:18:58","slug":"educacao-animal-une-familias-escolas-e-legislativo-para-formar-geracoes-mais-empaticas","status":"publish","type":"post","link":"https:\/\/oexpressobr.com.br\/?p=3170","title":{"rendered":"Educa\u00e7\u00e3o animal une fam\u00edlias, escolas e legislativo para formar gera\u00e7\u00f5es mais emp\u00e1ticas"},"content":{"rendered":"\n<p class=\"wp-block-paragraph\">Ensinar crian\u00e7as e adolescentes a respeitar os animais deixou de ser apenas uma quest\u00e3o de bons modos para se tornar uma estrat\u00e9gia de sa\u00fade p\u00fablica, desenvolvimento emocional e pauta priorit\u00e1ria no Congresso Nacional. Especialistas e educadores refor\u00e7am que o conv\u00edvio guiado com pets n\u00e3o apenas previne a viol\u00eancia, mas atua diretamente na redu\u00e7\u00e3o da ansiedade infantil e na constru\u00e7\u00e3o da responsabilidade.<\/p>\n\n\n\n<h3 class=\"wp-block-heading\">\u200bO papel da escola e o avan\u00e7o nas leis<\/h3>\n\n\n\n<p class=\"wp-block-paragraph\">\u200bRecentemente, o debate sobre a inclus\u00e3o do bem-estar animal no curr\u00edculo escolar ganhou for\u00e7a com o <strong>Projeto de Lei 2746\/2024<\/strong>, de autoria do deputado Marcos Tavares (PDT-RJ). A proposta visa tornar obrigat\u00f3ria a disciplina de &#8220;Educa\u00e7\u00e3o de Prote\u00e7\u00e3o Animal&#8221; nos ensinos fundamental e m\u00e9dio, abordando temas como legisla\u00e7\u00e3o vigente, impactos do abandono e \u00e9tica no trato com seres sencientes.<\/p>\n\n\n\n<p class=\"wp-block-paragraph\">\u200bAl\u00e9m da preven\u00e7\u00e3o, o Legislativo tamb\u00e9m endurece o tom contra a viol\u00eancia. O <strong>Projeto de Lei 133\/2026<\/strong>, apresentado pelo deputado Alencar Santana, prop\u00f5e a interna\u00e7\u00e3o de adolescentes que cometam atos de crueldade animal que resultem em morte ou les\u00e3o grave. Segundo o parlamentar, a medida busca um car\u00e1ter pedag\u00f3gico, responsabilizando jovens e refor\u00e7ando que animais n\u00e3o s\u00e3o objetos.<\/p>\n\n\n\n<h3 class=\"wp-block-heading\">\u200bCi\u00eancia comprova benef\u00edcios emocionais<\/h3>\n\n\n\n<p class=\"wp-block-paragraph\">\u200bEstudos publicados entre o final de 2025 e in\u00edcio de 2026 na revista <em>Preventing Chronic Disease<\/em> apontam que crian\u00e7as que convivem com c\u00e3es apresentam uma regula\u00e7\u00e3o emocional significativamente melhor. O Dr. Renato Santos Coelho, pediatra e membro da Sociedade de Pediatria do Rio Grande do Sul (SPRS), destaca que essa intera\u00e7\u00e3o reduz o tempo de tela e combate o isolamento social.<\/p>\n\n\n\n<p class=\"wp-block-paragraph\">\u200b&#8221;O animal funciona como um companheiro n\u00e3o julgador. O ato de cuidar \u2014 alimentar, escovar e passear \u2014 ensina \u00e0 crian\u00e7a que o outro tem necessidades e limites, o que \u00e9 a base da empatia&#8221;, explica o m\u00e9dico.<\/p>\n\n\n\n<h3 class=\"wp-block-heading\">\u200bComo educar na pr\u00e1tica: Dicas dos especialistas<\/h3>\n\n\n\n<p class=\"wp-block-paragraph\">\u200bPara quem deseja inserir esses valores na rotina dos filhos, especialistas sugerem passos fundamentais:<\/p>\n\n\n\n<ul class=\"wp-block-list\">\n<li>\u200b<strong>Exemplo dos pais:<\/strong> Crian\u00e7as replicam o comportamento dos adultos. Tratar animais de rua com respeito e oferecer ajuda a c\u00e3es comunit\u00e1rios s\u00e3o li\u00e7\u00f5es pr\u00e1ticas de cidadania.<\/li>\n\n\n\n<li>\u200b<strong>Supervis\u00e3o constante:<\/strong> O contato deve ser mediado para que a crian\u00e7a entenda que o animal sente dor e precisa de descanso.<\/li>\n\n\n\n<li>\u200b<strong>Responsabilidade gradual:<\/strong> Adolescentes podem assumir tarefas como a limpeza e a alimenta\u00e7\u00e3o, entendendo que a guarda de um pet exige planejamento financeiro e de tempo.<\/li>\n\n\n\n<li>\u200b<strong>Participa\u00e7\u00e3o em ONGs:<\/strong> Projetos como o da prefeitura de Nova Igua\u00e7u e campanhas como o <strong>Dezembro Verde<\/strong> incentivam jovens a visitar abrigos e entender a realidade do abandono.<\/li>\n<\/ul>\n\n\n\n<h3 class=\"wp-block-heading\">\u200bEduca\u00e7\u00e3o que transforma<\/h3>\n\n\n\n<p class=\"wp-block-paragraph\">\u200bIniciativas como o &#8220;Abril Laranja&#8221; e a\u00e7\u00f5es em creches e pr\u00e9-escolas t\u00eam demonstrado que a conscientiza\u00e7\u00e3o precoce \u00e9 o caminho mais curto para reduzir os \u00edndices de maus-tratos no futuro. Como resume a pequena Laila Beatriz, de apenas 6 anos, participante de uma campanha no Distrito Federal: &#8220;Animal n\u00e3o \u00e9 brinquedo, e abandonar \u00e9 muito ruim&#8221;.<\/p>\n\n\n\n<p class=\"wp-block-paragraph\">\u200bA mensagem \u00e9 clara: ao educar para o respeito aos animais, a sociedade est\u00e1, na verdade, formando seres humanos mais gentis e conscientes para todas as esferas da vida.<\/p>\n","protected":false},"excerpt":{"rendered":"<p>Ensinar crian\u00e7as e adolescentes a respeitar os animais deixou de ser apenas uma quest\u00e3o de bons modos para se tornar uma estrat\u00e9gia de sa\u00fade p\u00fablica, [&#8230;]<\/p>\n","protected":false},"author":1,"featured_media":3171,"comment_status":"open","ping_status":"open","sticky":false,"template":"","format":"standard","meta":{"_crdt_document":"","_jetpack_memberships_contains_paid_content":false,"footnotes":"","jetpack_publicize_message":"","jetpack_publicize_feature_enabled":true,"jetpack_social_post_already_shared":true,"jetpack_social_options":{"image_generator_settings":{"template":"highway","default_image_id":0,"font":"","enabled":false},"version":2}},"categories":[30],"tags":[],"class_list":["post-3170","post","type-post","status-publish","format-standard","has-post-thumbnail","hentry","category-bem-estar-animal"],"jetpack_publicize_connections":[],"jetpack_featured_media_url":"https:\/\/i0.wp.com\/oexpressobr.com.br\/wp-content\/uploads\/2026\/02\/pets_doacao_34.webp?fit=1170%2C700&ssl=1","jetpack_likes_enabled":true,"jetpack_sharing_enabled":true,"_links":{"self":[{"href":"https:\/\/oexpressobr.com.br\/index.php?rest_route=\/wp\/v2\/posts\/3170","targetHints":{"allow":["GET"]}}],"collection":[{"href":"https:\/\/oexpressobr.com.br\/index.php?rest_route=\/wp\/v2\/posts"}],"about":[{"href":"https:\/\/oexpressobr.com.br\/index.php?rest_route=\/wp\/v2\/types\/post"}],"author":[{"embeddable":true,"href":"https:\/\/oexpressobr.com.br\/index.php?rest_route=\/wp\/v2\/users\/1"}],"replies":[{"embeddable":true,"href":"https:\/\/oexpressobr.com.br\/index.php?rest_route=%2Fwp%2Fv2%2Fcomments&post=3170"}],"version-history":[{"count":1,"href":"https:\/\/oexpressobr.com.br\/index.php?rest_route=\/wp\/v2\/posts\/3170\/revisions"}],"predecessor-version":[{"id":3172,"href":"https:\/\/oexpressobr.com.br\/index.php?rest_route=\/wp\/v2\/posts\/3170\/revisions\/3172"}],"wp:featuredmedia":[{"embeddable":true,"href":"https:\/\/oexpressobr.com.br\/index.php?rest_route=\/wp\/v2\/media\/3171"}],"wp:attachment":[{"href":"https:\/\/oexpressobr.com.br\/index.php?rest_route=%2Fwp%2Fv2%2Fmedia&parent=3170"}],"wp:term":[{"taxonomy":"category","embeddable":true,"href":"https:\/\/oexpressobr.com.br\/index.php?rest_route=%2Fwp%2Fv2%2Fcategories&post=3170"},{"taxonomy":"post_tag","embeddable":true,"href":"https:\/\/oexpressobr.com.br\/index.php?rest_route=%2Fwp%2Fv2%2Ftags&post=3170"}],"curies":[{"name":"wp","href":"https:\/\/api.w.org\/{rel}","templated":true}]}}