{"id":3173,"date":"2026-02-03T20:24:45","date_gmt":"2026-02-03T23:24:45","guid":{"rendered":"https:\/\/oexpressobr.com.br\/?p=3173"},"modified":"2026-02-03T20:24:48","modified_gmt":"2026-02-03T23:24:48","slug":"avioes-do-governo-russo-em-brasilia-despertam-alerta-diplomatico-e-relembram-voo-suspeito-de-2025","status":"publish","type":"post","link":"https:\/\/oexpressobr.com.br\/?p=3173","title":{"rendered":"Avi\u00f5es do governo russo em Bras\u00edlia despertam alerta diplom\u00e1tico e relembram voo suspeito de 2025"},"content":{"rendered":"\n<p class=\"wp-block-paragraph\">\u200bA chegada de uma s\u00e9rie de aeronaves oficiais da <strong>R\u00fassia<\/strong> ao Aeroporto Internacional de Bras\u00edlia, entre o final de janeiro e o in\u00edcio de fevereiro de 2026, colocou o Itamaraty e observadores internacionais em estado de aten\u00e7\u00e3o. A movimenta\u00e7\u00e3o ocorre exatos seis meses ap\u00f3s o pol\u00eamico epis\u00f3dio de agosto de 2025, quando um cargueiro russo sob san\u00e7\u00f5es dos <strong>Estados Unidos<\/strong> pousou na capital federal sob forte sigilo, levantando suspeitas sobre o transporte de materiais sens\u00edveis.<\/p>\n\n\n\n<h3 class=\"wp-block-heading\">\u200bO contexto atual: Reuni\u00e3o de Alto N\u00edvel<\/h3>\n\n\n\n<p class=\"wp-block-paragraph\">\u200bDesta vez, a presen\u00e7a das aeronaves \u2014 que incluem o <strong>Ilyushin Il-96-300<\/strong> do Esquadr\u00e3o de Voos Especiais de Moscou e o cargueiro <strong>Antonov An-124<\/strong> \u2014 tem uma justificativa oficial. Segundo o <strong>Minist\u00e9rio das Rela\u00e7\u00f5es Exteriores (MRE)<\/strong>, o Brasil sedia nesta semana a <strong>8\u00aa Reuni\u00e3o da Comiss\u00e3o de Alto N\u00edvel de Coopera\u00e7\u00e3o (CAN)<\/strong>, o primeiro encontro deste escal\u00e3o desde 2015.<\/p>\n\n\n\n<ul class=\"wp-block-list\">\n<li>\u200b<strong>Pauta oficial:<\/strong> Coopera\u00e7\u00e3o em energia, defesa, ci\u00eancia e tecnologia, al\u00e9m do uso de moedas locais em transa\u00e7\u00f5es comerciais para contornar o sistema financeiro ocidental.<\/li>\n\n\n\n<li>\u200b<strong>Comitiva:<\/strong> A delega\u00e7\u00e3o russa conta com oito ministros e chefes de ag\u00eancias governamentais, o que justifica o uso de m\u00faltiplas aeronaves de grande porte.<\/li>\n<\/ul>\n\n\n\n<h3 class=\"wp-block-heading\">\u200bA sombra do &#8220;Voo Suspeito&#8221; de 2025<\/h3>\n\n\n\n<p class=\"wp-block-paragraph\">\u200bApesar da agenda diplom\u00e1tica, a desconfian\u00e7a persiste devido ao precedente de <strong>agosto de 2025<\/strong>. Naquela ocasi\u00e3o, um <strong>Ilyushin Il-76TD<\/strong> da companhia <em>Aviacon Zitotrans<\/em> \u2014 empresa sancionada pelo Departamento do Tesouro dos EUA por suposto transporte de equipamentos b\u00e9licos para a Venezuela e Coreia do Norte \u2014 permaneceu dias na Base A\u00e9rea de Bras\u00edlia.<\/p>\n\n\n\n<blockquote class=\"wp-block-quote is-layout-flow wp-block-quote-is-layout-flow\">\n<p class=\"wp-block-paragraph\">\u200b&#8221;A soberania brasileira n\u00e3o pode ser moeda de troca para acordos obscuros&#8221;, afirmou o senador <strong>Marcio Bittar (Uni\u00e3o-AC)<\/strong> na \u00e9poca, ao exigir explica\u00e7\u00f5es sobre a carga e a autoriza\u00e7\u00e3o de pouso para uma aeronave banida do espa\u00e7o a\u00e9reo de diversos aliados ocidentais.<\/p>\n<\/blockquote>\n\n\n\n<p class=\"wp-block-paragraph\">\u200bNaquele per\u00edodo, o governo brasileiro manteve sigilo sobre o manifesto de carga, o que gerou ru\u00eddos com a administra\u00e7\u00e3o de <strong>Donald Trump<\/strong>, que recentemente havia retornado \u00e0 Casa Branca com uma postura r\u00edgida sobre a influ\u00eancia russa na Am\u00e9rica Latina.<\/p>\n\n\n\n<h3 class=\"wp-block-heading\">\u200bTens\u00e3o geopol\u00edtica e log\u00edstica<\/h3>\n\n\n\n<p class=\"wp-block-paragraph\">\u200bOs voos atuais tamb\u00e9m chamam a aten\u00e7\u00e3o pela log\u00edstica. Para evitar o espa\u00e7o a\u00e9reo europeu (devido \u00e0s san\u00e7\u00f5es decorrentes da guerra na Ucr\u00e2nia), as aeronaves russas realizaram rotas extensas com escalas t\u00e9cnicas no <strong>Marrocos<\/strong> e no <strong>Senegal<\/strong> antes de cruzar o Atl\u00e2ntico.<\/p>\n\n\n\n<p class=\"wp-block-paragraph\">Especialistas em defesa monitoram se, al\u00e9m da comitiva diplom\u00e1tica, h\u00e1 o desembarque de equipamentos de monitoramento ou defesa cibern\u00e9tica, temas que foram centro das especula\u00e7\u00f5es no incidente de 2025. O governo brasileiro reafirma que todas as opera\u00e7\u00f5es seguem as normas da <strong>ANAC<\/strong> e os protocolos de visitas de Estado.<\/p>\n","protected":false},"excerpt":{"rendered":"<p>\u200bA chegada de uma s\u00e9rie de aeronaves oficiais da R\u00fassia ao Aeroporto Internacional de Bras\u00edlia, entre o final de janeiro e o in\u00edcio de fevereiro [&#8230;]<\/p>\n","protected":false},"author":1,"featured_media":3174,"comment_status":"open","ping_status":"open","sticky":false,"template":"","format":"standard","meta":{"_crdt_document":"","_jetpack_memberships_contains_paid_content":false,"footnotes":"","jetpack_publicize_message":"","jetpack_publicize_feature_enabled":true,"jetpack_social_post_already_shared":true,"jetpack_social_options":{"image_generator_settings":{"template":"highway","default_image_id":0,"font":"","enabled":false},"version":2}},"categories":[3],"tags":[],"class_list":["post-3173","post","type-post","status-publish","format-standard","has-post-thumbnail","hentry","category-brasil"],"jetpack_publicize_connections":[],"jetpack_featured_media_url":"https:\/\/i0.wp.com\/oexpressobr.com.br\/wp-content\/uploads\/2026\/02\/1024px-Rossiya_-_Special_Flight_Squadron_RA-96023_Ilyushin_Il-96-300_51270716261.jpg.webp?fit=1024%2C683&ssl=1","jetpack_likes_enabled":true,"jetpack_sharing_enabled":true,"_links":{"self":[{"href":"https:\/\/oexpressobr.com.br\/index.php?rest_route=\/wp\/v2\/posts\/3173","targetHints":{"allow":["GET"]}}],"collection":[{"href":"https:\/\/oexpressobr.com.br\/index.php?rest_route=\/wp\/v2\/posts"}],"about":[{"href":"https:\/\/oexpressobr.com.br\/index.php?rest_route=\/wp\/v2\/types\/post"}],"author":[{"embeddable":true,"href":"https:\/\/oexpressobr.com.br\/index.php?rest_route=\/wp\/v2\/users\/1"}],"replies":[{"embeddable":true,"href":"https:\/\/oexpressobr.com.br\/index.php?rest_route=%2Fwp%2Fv2%2Fcomments&post=3173"}],"version-history":[{"count":1,"href":"https:\/\/oexpressobr.com.br\/index.php?rest_route=\/wp\/v2\/posts\/3173\/revisions"}],"predecessor-version":[{"id":3175,"href":"https:\/\/oexpressobr.com.br\/index.php?rest_route=\/wp\/v2\/posts\/3173\/revisions\/3175"}],"wp:featuredmedia":[{"embeddable":true,"href":"https:\/\/oexpressobr.com.br\/index.php?rest_route=\/wp\/v2\/media\/3174"}],"wp:attachment":[{"href":"https:\/\/oexpressobr.com.br\/index.php?rest_route=%2Fwp%2Fv2%2Fmedia&parent=3173"}],"wp:term":[{"taxonomy":"category","embeddable":true,"href":"https:\/\/oexpressobr.com.br\/index.php?rest_route=%2Fwp%2Fv2%2Fcategories&post=3173"},{"taxonomy":"post_tag","embeddable":true,"href":"https:\/\/oexpressobr.com.br\/index.php?rest_route=%2Fwp%2Fv2%2Ftags&post=3173"}],"curies":[{"name":"wp","href":"https:\/\/api.w.org\/{rel}","templated":true}]}}