{"id":3182,"date":"2026-02-03T20:40:21","date_gmt":"2026-02-03T23:40:21","guid":{"rendered":"https:\/\/oexpressobr.com.br\/?p=3182"},"modified":"2026-02-03T20:40:22","modified_gmt":"2026-02-03T23:40:22","slug":"jose-maria-eymael-e-democracia-crista-encerram-ciclo-historico-e-confirmam-ausencia-na-corrida-presidencial-de-2026","status":"publish","type":"post","link":"https:\/\/oexpressobr.com.br\/?p=3182","title":{"rendered":"Jos\u00e9 Maria Eymael e Democracia Crist\u00e3 encerram ciclo hist\u00f3rico e confirmam aus\u00eancia na corrida presidencial de 2026"},"content":{"rendered":"\n<p class=\"wp-block-paragraph\">\u200bO historiador e jornalista <strong>Eduardo Bueno<\/strong>, conhecido popularmente como <strong>Peninha<\/strong>, est\u00e1 no centro de uma nova e intensa controv\u00e9rsia. Em declara\u00e7\u00f5es recentes que circulam nas redes sociais e em portais de not\u00edcias, o escritor afirmou que o segmento evang\u00e9lico n\u00e3o deveria participar do processo eleitoral, sugerindo que o grupo deveria se restringir ao ambiente religioso.<\/p>\n\n\n\n<p class=\"wp-block-paragraph\">\u200b&#8221;Evang\u00e9lico tem que ficar no culto, pastando, e n\u00e3o votar&#8221;, teria dito o historiador, em uma frase que rapidamente viralizou, gerando forte rep\u00fadio de lideran\u00e7as religiosas, parlamentares e da sociedade civil.<\/p>\n\n\n\n<h3 class=\"wp-block-heading\">\u200bContexto de sucessivas pol\u00eamicas<\/h3>\n\n\n\n<p class=\"wp-block-paragraph\">\u200bA declara\u00e7\u00e3o ocorre em um momento de fragilidade na imagem p\u00fablica de Peninha. Em setembro de 2025, o historiador j\u00e1 havia enfrentado um &#8220;cancelamento&#8221; em massa e perdas contratuais significativas ap\u00f3s ironizar o assassinato do influenciador conservador norte-americano <strong>Charlie Kirk<\/strong>. Na ocasi\u00e3o, Bueno chegou a dizer que a morte de Kirk seria &#8220;boa para as filhas&#8221; do ativista, o que resultou em:<\/p>\n\n\n\n<ul class=\"wp-block-list\">\n<li>\u200b<strong>Cancelamento de eventos:<\/strong> A PUCRS suspendeu palestras agendadas com o autor.<\/li>\n\n\n\n<li>\u200b<strong>Afastamento institucional:<\/strong> O Senado Federal o removeu de seu conselho editorial.<\/li>\n\n\n\n<li>\u200b<strong>Fim de parcerias:<\/strong> O podcast &#8220;N\u00f3s na Hist\u00f3ria&#8221;, que dividia com Luciano Potter, foi encerrado ap\u00f3s a repercuss\u00e3o negativa.<\/li>\n<\/ul>\n\n\n\n<h3 class=\"wp-block-heading\">\u200bRea\u00e7\u00f5es e desdobramentos<\/h3>\n\n\n\n<p class=\"wp-block-paragraph\">\u200bA nova fala sobre os evang\u00e9licos \u00e9 vista por analistas pol\u00edticos como um ataque direto \u00e0 liberdade de express\u00e3o religiosa e aos direitos pol\u00edticos garantidos pela Constitui\u00e7\u00e3o Federal de 1988.<\/p>\n\n\n\n<p class=\"wp-block-paragraph\">\u200bLideran\u00e7as da <strong>Frente Parlamentar Evang\u00e9lica<\/strong> j\u00e1 se manifestaram, classificando a fala como &#8220;preconceituosa&#8221; e &#8220;desumanizadora&#8221;, ao utilizar o termo &#8220;pastando&#8221; para se referir aos fi\u00e9is. H\u00e1 movimenta\u00e7\u00f5es nos bastidores para a abertura de novos processos judiciais por intoler\u00e2ncia religiosa.<\/p>\n\n\n\n<p class=\"wp-block-paragraph\">\u200bAt\u00e9 o momento, Eduardo Bueno tem mantido uma postura defensiva em suas redes, alternando entre cr\u00edticas ao que chama de &#8220;censura de extrema-direita&#8221; e v\u00eddeos de retrata\u00e7\u00e3o parcial, como os feitos em epis\u00f3dios anteriores.<\/p>\n\n\n\n<blockquote class=\"wp-block-quote is-layout-flow wp-block-quote-is-layout-flow\">\n<p class=\"wp-block-paragraph\">\u200b&#8221;A fala fere o princ\u00edpio democr\u00e1tico b\u00e1sico de que todo cidad\u00e3o \u00e9 igual perante a lei, independentemente de sua f\u00e9&#8221;, afirmou um jurista consultado sobre o caso.<\/p>\n<\/blockquote>\n","protected":false},"excerpt":{"rendered":"<p>\u200bO historiador e jornalista Eduardo Bueno, conhecido popularmente como Peninha, est\u00e1 no centro de uma nova e intensa controv\u00e9rsia. Em declara\u00e7\u00f5es recentes que circulam nas [&#8230;]<\/p>\n","protected":false},"author":1,"featured_media":3183,"comment_status":"open","ping_status":"open","sticky":false,"template":"","format":"standard","meta":{"_crdt_document":"","_jetpack_memberships_contains_paid_content":false,"footnotes":"","jetpack_publicize_message":"","jetpack_publicize_feature_enabled":true,"jetpack_social_post_already_shared":true,"jetpack_social_options":{"image_generator_settings":{"template":"highway","default_image_id":0,"font":"","enabled":false},"version":2}},"categories":[3],"tags":[],"class_list":["post-3182","post","type-post","status-publish","format-standard","has-post-thumbnail","hentry","category-brasil"],"jetpack_publicize_connections":[],"jetpack_featured_media_url":"https:\/\/i0.wp.com\/oexpressobr.com.br\/wp-content\/uploads\/2026\/02\/Eymael-DC-1200x720.jpg.webp?fit=1200%2C720&ssl=1","jetpack_likes_enabled":true,"jetpack_sharing_enabled":true,"_links":{"self":[{"href":"https:\/\/oexpressobr.com.br\/index.php?rest_route=\/wp\/v2\/posts\/3182","targetHints":{"allow":["GET"]}}],"collection":[{"href":"https:\/\/oexpressobr.com.br\/index.php?rest_route=\/wp\/v2\/posts"}],"about":[{"href":"https:\/\/oexpressobr.com.br\/index.php?rest_route=\/wp\/v2\/types\/post"}],"author":[{"embeddable":true,"href":"https:\/\/oexpressobr.com.br\/index.php?rest_route=\/wp\/v2\/users\/1"}],"replies":[{"embeddable":true,"href":"https:\/\/oexpressobr.com.br\/index.php?rest_route=%2Fwp%2Fv2%2Fcomments&post=3182"}],"version-history":[{"count":1,"href":"https:\/\/oexpressobr.com.br\/index.php?rest_route=\/wp\/v2\/posts\/3182\/revisions"}],"predecessor-version":[{"id":3184,"href":"https:\/\/oexpressobr.com.br\/index.php?rest_route=\/wp\/v2\/posts\/3182\/revisions\/3184"}],"wp:featuredmedia":[{"embeddable":true,"href":"https:\/\/oexpressobr.com.br\/index.php?rest_route=\/wp\/v2\/media\/3183"}],"wp:attachment":[{"href":"https:\/\/oexpressobr.com.br\/index.php?rest_route=%2Fwp%2Fv2%2Fmedia&parent=3182"}],"wp:term":[{"taxonomy":"category","embeddable":true,"href":"https:\/\/oexpressobr.com.br\/index.php?rest_route=%2Fwp%2Fv2%2Fcategories&post=3182"},{"taxonomy":"post_tag","embeddable":true,"href":"https:\/\/oexpressobr.com.br\/index.php?rest_route=%2Fwp%2Fv2%2Ftags&post=3182"}],"curies":[{"name":"wp","href":"https:\/\/api.w.org\/{rel}","templated":true}]}}