{"id":3185,"date":"2026-02-03T20:44:41","date_gmt":"2026-02-03T23:44:41","guid":{"rendered":"https:\/\/oexpressobr.com.br\/?p=3185"},"modified":"2026-02-03T20:44:43","modified_gmt":"2026-02-03T23:44:43","slug":"canaa-dos-carajas-o-paradoxo-da-terra-prometida-que-ostenta-bilhoes-em-pib-e-carece-de-servicos-basicos","status":"publish","type":"post","link":"https:\/\/oexpressobr.com.br\/?p=3185","title":{"rendered":"Cana\u00e3 dos Caraj\u00e1s: O paradoxo da &#8220;Terra Prometida&#8221; que ostenta bilh\u00f5es em PIB e carece de servi\u00e7os b\u00e1sicos"},"content":{"rendered":"\n<p class=\"wp-block-paragraph\"><strong>Cana\u00e3 dos Caraj\u00e1s<\/strong>, no sudeste do Par\u00e1, vive uma dualidade que desafia a l\u00f3gica econ\u00f4mica tradicional. Conhecida como a &#8220;Terra Prometida&#8221;, a cidade ostenta o t\u00edtulo de <strong>maior PIB per capita do Brasil<\/strong>, impulsionada pela opera\u00e7\u00e3o bilion\u00e1ria da mineradora <strong>Vale<\/strong>. No entanto, ao caminhar pelas ruas da periferia, o cen\u00e1rio de abund\u00e2ncia d\u00e1 lugar a gargalos hist\u00f3ricos em infraestrutura, saneamento e custo de vida.<\/p>\n\n\n\n<h3 class=\"wp-block-heading\">\u200bOs n\u00fameros da riqueza astron\u00f4mica<\/h3>\n\n\n\n<p class=\"wp-block-paragraph\">\u200bSegundo os dados mais recentes do IBGE, a riqueza gerada por habitante em Cana\u00e3 dos Caraj\u00e1s ultrapassa a marca de <strong>R$ 800 mil por ano<\/strong>, um valor quase dez vezes superior \u00e0 m\u00e9dia nacional. O motor dessa explos\u00e3o \u00e9 o projeto <strong>S11D<\/strong>, a maior opera\u00e7\u00e3o de min\u00e9rio de ferro a c\u00e9u aberto do mundo.<\/p>\n\n\n\n<ul class=\"wp-block-list\">\n<li>\u200b<strong>Arrecada\u00e7\u00e3o:<\/strong> O munic\u00edpio recebe repasses massivos da CFEM (Compensa\u00e7\u00e3o Financeira pela Explora\u00e7\u00e3o de Recursos Minerais).<\/li>\n\n\n\n<li>\u200b<strong>Crescimento:<\/strong> Em uma d\u00e9cada, a cidade saltou de uma vila agr\u00edcola para um polo industrial global.<\/li>\n<\/ul>\n\n\n\n<h3 class=\"wp-block-heading\">\u200bO lado B: Onde o dinheiro n\u00e3o chega<\/h3>\n\n\n\n<p class=\"wp-block-paragraph\">\u200bApesar das cifras bilion\u00e1rias no papel, a realidade cotidiana da popula\u00e7\u00e3o local revela os sintomas do &#8220;incha\u00e7o&#8221; urbano desordenado. A sensa\u00e7\u00e3o de muitos moradores \u00e9 de que a riqueza &#8220;passa pelo trilho do trem e vai embora&#8221;.<\/p>\n\n\n\n<ol class=\"wp-block-list\">\n<li>\u200b<strong>Custo de Vida Inflacionado:<\/strong> A presen\u00e7a de trabalhadores da minera\u00e7\u00e3o com sal\u00e1rios acima da m\u00e9dia regional elevou os pre\u00e7os de alugu\u00e9is e alimentos, expulsando fam\u00edlias de baixa renda para as margens.<\/li>\n\n\n\n<li>\u200b<strong>Saneamento e Sa\u00fade:<\/strong> A expans\u00e3o da rede de esgoto e o acesso \u00e0 sa\u00fade p\u00fablica n\u00e3o acompanharam o ritmo da arrecada\u00e7\u00e3o, gerando filas e precariedade em bairros afastados do centro.<\/li>\n\n\n\n<li>\u200b<strong>Depend\u00eancia Mineral:<\/strong> Existe o temor da &#8220;exaust\u00e3o&#8221;. O que acontecer\u00e1 com a cidade quando o min\u00e9rio acabar? A diversifica\u00e7\u00e3o econ\u00f4mica ainda \u00e9 um projeto timidamente executado.<\/li>\n<\/ol>\n\n\n\n<h3 class=\"wp-block-heading\">\u200bAtualiza\u00e7\u00f5es: O cen\u00e1rio em 2026<\/h3>\n\n\n\n<p class=\"wp-block-paragraph\">\u200bRecentemente, o governo municipal e a Vale anunciaram novos investimentos em polos tecnol\u00f3gicos e educacionais para tentar mitigar a &#8220;monocultura do min\u00e9rio&#8221;. O objetivo \u00e9 transformar Cana\u00e3 em um polo de servi\u00e7os para o agroneg\u00f3cio e tecnologia, reduzindo a desigualdade que marca o atual paradoxo.<\/p>\n\n\n\n<blockquote class=\"wp-block-quote is-layout-flow wp-block-quote-is-layout-flow\">\n<p class=\"wp-block-paragraph\">\u200b&#8221;Temos o maior PIB, mas o desafio \u00e9 transformar o valor do min\u00e9rio em qualidade de vida real para quem n\u00e3o trabalha diretamente na mina,&#8221; afirma o conselho de desenvolvimento local.<\/p>\n<\/blockquote>\n","protected":false},"excerpt":{"rendered":"<p>Cana\u00e3 dos Caraj\u00e1s, no sudeste do Par\u00e1, vive uma dualidade que desafia a l\u00f3gica econ\u00f4mica tradicional. Conhecida como a &#8220;Terra Prometida&#8221;, a cidade ostenta o [&#8230;]<\/p>\n","protected":false},"author":1,"featured_media":3186,"comment_status":"open","ping_status":"open","sticky":false,"template":"","format":"standard","meta":{"_crdt_document":"","_jetpack_memberships_contains_paid_content":false,"footnotes":"","jetpack_publicize_message":"","jetpack_publicize_feature_enabled":true,"jetpack_social_post_already_shared":true,"jetpack_social_options":{"image_generator_settings":{"template":"highway","default_image_id":0,"font":"","enabled":false},"version":2}},"categories":[46],"tags":[],"class_list":["post-3185","post","type-post","status-publish","format-standard","has-post-thumbnail","hentry","category-cidades"],"jetpack_publicize_connections":[],"jetpack_featured_media_url":"https:\/\/i0.wp.com\/oexpressobr.com.br\/wp-content\/uploads\/2026\/02\/IMG-20260203-WA0324.png?fit=1687%2C1057&ssl=1","jetpack_likes_enabled":true,"jetpack_sharing_enabled":true,"_links":{"self":[{"href":"https:\/\/oexpressobr.com.br\/index.php?rest_route=\/wp\/v2\/posts\/3185","targetHints":{"allow":["GET"]}}],"collection":[{"href":"https:\/\/oexpressobr.com.br\/index.php?rest_route=\/wp\/v2\/posts"}],"about":[{"href":"https:\/\/oexpressobr.com.br\/index.php?rest_route=\/wp\/v2\/types\/post"}],"author":[{"embeddable":true,"href":"https:\/\/oexpressobr.com.br\/index.php?rest_route=\/wp\/v2\/users\/1"}],"replies":[{"embeddable":true,"href":"https:\/\/oexpressobr.com.br\/index.php?rest_route=%2Fwp%2Fv2%2Fcomments&post=3185"}],"version-history":[{"count":1,"href":"https:\/\/oexpressobr.com.br\/index.php?rest_route=\/wp\/v2\/posts\/3185\/revisions"}],"predecessor-version":[{"id":3187,"href":"https:\/\/oexpressobr.com.br\/index.php?rest_route=\/wp\/v2\/posts\/3185\/revisions\/3187"}],"wp:featuredmedia":[{"embeddable":true,"href":"https:\/\/oexpressobr.com.br\/index.php?rest_route=\/wp\/v2\/media\/3186"}],"wp:attachment":[{"href":"https:\/\/oexpressobr.com.br\/index.php?rest_route=%2Fwp%2Fv2%2Fmedia&parent=3185"}],"wp:term":[{"taxonomy":"category","embeddable":true,"href":"https:\/\/oexpressobr.com.br\/index.php?rest_route=%2Fwp%2Fv2%2Fcategories&post=3185"},{"taxonomy":"post_tag","embeddable":true,"href":"https:\/\/oexpressobr.com.br\/index.php?rest_route=%2Fwp%2Fv2%2Ftags&post=3185"}],"curies":[{"name":"wp","href":"https:\/\/api.w.org\/{rel}","templated":true}]}}