{"id":3188,"date":"2026-02-03T20:49:15","date_gmt":"2026-02-03T23:49:15","guid":{"rendered":"https:\/\/oexpressobr.com.br\/?p=3188"},"modified":"2026-02-03T20:49:16","modified_gmt":"2026-02-03T23:49:16","slug":"governo-lula-prioriza-norte-e-nordeste-com-r-11-bilhao-para-aviacao-regional-no-ciclo-2026-2027","status":"publish","type":"post","link":"https:\/\/oexpressobr.com.br\/?p=3188","title":{"rendered":"Governo Lula prioriza Norte e Nordeste com R$ 1,1 bilh\u00e3o para avia\u00e7\u00e3o regional no ciclo 2026\/2027"},"content":{"rendered":"\n<p class=\"wp-block-paragraph\">O Minist\u00e9rio de Portos e Aeroportos (MPor) oficializou a nova carteira de investimentos p\u00fablicos para o bi\u00eanio 2026\/2027, colocando as regi\u00f5es <strong>Norte<\/strong> e <strong>Nordeste<\/strong> no centro da estrat\u00e9gia de conectividade a\u00e9rea do pa\u00eds. Dos quase R$ 1,8 bilh\u00e3o previstos para todo o territ\u00f3rio nacional, mais de <strong>R$ 1,1 bilh\u00e3o<\/strong> ser\u00e1 destinado exclusivamente a essas duas regi\u00f5es para tirar do papel obras de moderniza\u00e7\u00e3o, novos projetos e instala\u00e7\u00e3o de tecnologias de seguran\u00e7a.<\/p>\n\n\n\n<p class=\"wp-block-paragraph\">\u200bO plano busca reduzir o isolamento de cidades do interior e fortalecer a log\u00edstica na Amaz\u00f4nia Legal, onde o transporte a\u00e9reo \u00e9, muitas vezes, a \u00fanica via de acesso.<\/p>\n\n\n\n<h3 class=\"wp-block-heading\">\u200bDistribui\u00e7\u00e3o dos recursos e principais beneficiados<\/h3>\n\n\n\n<p class=\"wp-block-paragraph\">\u200bA divis\u00e3o dos investimentos reflete o esfor\u00e7o do governo federal em equilibrar o desenvolvimento regional e garantir seguran\u00e7a operacional em terminais que hoje operam com limita\u00e7\u00f5es.<\/p>\n\n\n\n<p class=\"wp-block-paragraph\">Destaques na Regi\u00e3o Norte<\/p>\n\n\n\n<p class=\"wp-block-paragraph\">\u200bCom o maior aporte, o foco est\u00e1 em munic\u00edpios de dif\u00edcil acesso. Entre os aeroportos que receber\u00e3o melhorias est\u00e3o:<\/p>\n\n\n\n<ul class=\"wp-block-list\">\n<li>\u200b<strong>Amazonas:<\/strong> Eirunep\u00e9, Iauaret\u00ea e S\u00e3o Gabriel da Cachoeira.<\/li>\n\n\n\n<li>\u200b<strong>Acre:<\/strong> Marechal Thaumaturgo.<\/li>\n\n\n\n<li>\u200b<strong>Tocantins:<\/strong> Gurupi (instala\u00e7\u00e3o de esta\u00e7\u00e3o meteorol\u00f3gica).<\/li>\n<\/ul>\n\n\n\n<p class=\"wp-block-paragraph\">\u200bDestaques na Regi\u00e3o Nordeste<\/p>\n\n\n\n<p class=\"wp-block-paragraph\">\u200bOs recursos ser\u00e3o divididos entre obras imediatas e a elabora\u00e7\u00e3o de projetos para futuras expans\u00f5es:<\/p>\n\n\n\n<ul class=\"wp-block-list\">\n<li>\u200b<strong>Obras e melhorias:<\/strong> Barra do Corda (MA), Bacabal (MA), Santa In\u00eas (MA), Picos (PI) e Ilh\u00e9us (BA).<\/li>\n\n\n\n<li>\u200b<strong>Novos projetos e estudos:<\/strong> Feira de Santana (BA), Iguatu (CE) e o projeto para um novo aeroporto em Conde (BA).<\/li>\n\n\n\n<li>\u200b<strong>Seguran\u00e7a:<\/strong> Instala\u00e7\u00e3o de esta\u00e7\u00f5es meteorol\u00f3gicas em Patos (PB), Sobral (CE) e Balsas (MA).<\/li>\n<\/ul>\n\n\n\n<h3 class=\"wp-block-heading\">\u200bInova\u00e7\u00e3o tecnol\u00f3gica: o uso do BIM<\/h3>\n\n\n\n<p class=\"wp-block-paragraph\">\u200bUma das grandes novidades para este ciclo \u00e9 que <strong>65% dos projetos<\/strong> utilizar\u00e3o a metodologia <strong>BIM<\/strong> (<em>Building Information Modeling<\/em>). Diferente dos projetos tradicionais em 2D, o BIM cria modelos digitais inteligentes que integram custos, prazos e materiais.<\/p>\n\n\n\n<blockquote class=\"wp-block-quote is-layout-flow wp-block-quote-is-layout-flow\">\n<p class=\"wp-block-paragraph\">\u200b&#8221;A ado\u00e7\u00e3o dessas tecnologias permite antecipar riscos e acelerar cronogramas, garantindo que o dinheiro p\u00fablico seja aplicado com precis\u00e3o&#8221;, destacou Daniel Longo, secret\u00e1rio nacional de Avia\u00e7\u00e3o Civil.<\/p>\n<\/blockquote>\n\n\n\n<h3 class=\"wp-block-heading\">\u200bPrograma AmpliAR e leil\u00f5es<\/h3>\n\n\n\n<p class=\"wp-block-paragraph\">\u200bAl\u00e9m do investimento direto, o governo prepara para este trimestre a 2\u00aa rodada do <strong>Programa AmpliAR<\/strong>. A estrat\u00e9gia prev\u00ea o leil\u00e3o de 19 aeroportos regionais nas regi\u00f5es Norte e Nordeste, permitindo que concession\u00e1rias privadas assumam terminais deficit\u00e1rios em troca de benef\u00edcios contratuais em outros ativos, o que deve atrair mais <strong>R$ 1,25 bilh\u00e3o<\/strong> em investimentos privados.<\/p>\n","protected":false},"excerpt":{"rendered":"<p>O Minist\u00e9rio de Portos e Aeroportos (MPor) oficializou a nova carteira de investimentos p\u00fablicos para o bi\u00eanio 2026\/2027, colocando as regi\u00f5es Norte e Nordeste no [&#8230;]<\/p>\n","protected":false},"author":1,"featured_media":3189,"comment_status":"open","ping_status":"open","sticky":false,"template":"","format":"standard","meta":{"_crdt_document":"","_jetpack_memberships_contains_paid_content":false,"footnotes":"","jetpack_publicize_message":"","jetpack_publicize_feature_enabled":true,"jetpack_social_post_already_shared":true,"jetpack_social_options":{"image_generator_settings":{"template":"highway","default_image_id":0,"font":"","enabled":false},"version":2}},"categories":[3],"tags":[],"class_list":["post-3188","post","type-post","status-publish","format-standard","has-post-thumbnail","hentry","category-brasil"],"jetpack_publicize_connections":[],"jetpack_featured_media_url":"https:\/\/i0.wp.com\/oexpressobr.com.br\/wp-content\/uploads\/2026\/02\/IMG-20260203-WA0325.png?fit=1687%2C948&ssl=1","jetpack_likes_enabled":true,"jetpack_sharing_enabled":true,"_links":{"self":[{"href":"https:\/\/oexpressobr.com.br\/index.php?rest_route=\/wp\/v2\/posts\/3188","targetHints":{"allow":["GET"]}}],"collection":[{"href":"https:\/\/oexpressobr.com.br\/index.php?rest_route=\/wp\/v2\/posts"}],"about":[{"href":"https:\/\/oexpressobr.com.br\/index.php?rest_route=\/wp\/v2\/types\/post"}],"author":[{"embeddable":true,"href":"https:\/\/oexpressobr.com.br\/index.php?rest_route=\/wp\/v2\/users\/1"}],"replies":[{"embeddable":true,"href":"https:\/\/oexpressobr.com.br\/index.php?rest_route=%2Fwp%2Fv2%2Fcomments&post=3188"}],"version-history":[{"count":1,"href":"https:\/\/oexpressobr.com.br\/index.php?rest_route=\/wp\/v2\/posts\/3188\/revisions"}],"predecessor-version":[{"id":3190,"href":"https:\/\/oexpressobr.com.br\/index.php?rest_route=\/wp\/v2\/posts\/3188\/revisions\/3190"}],"wp:featuredmedia":[{"embeddable":true,"href":"https:\/\/oexpressobr.com.br\/index.php?rest_route=\/wp\/v2\/media\/3189"}],"wp:attachment":[{"href":"https:\/\/oexpressobr.com.br\/index.php?rest_route=%2Fwp%2Fv2%2Fmedia&parent=3188"}],"wp:term":[{"taxonomy":"category","embeddable":true,"href":"https:\/\/oexpressobr.com.br\/index.php?rest_route=%2Fwp%2Fv2%2Fcategories&post=3188"},{"taxonomy":"post_tag","embeddable":true,"href":"https:\/\/oexpressobr.com.br\/index.php?rest_route=%2Fwp%2Fv2%2Ftags&post=3188"}],"curies":[{"name":"wp","href":"https:\/\/api.w.org\/{rel}","templated":true}]}}