{"id":3197,"date":"2026-02-03T21:03:28","date_gmt":"2026-02-04T00:03:28","guid":{"rendered":"https:\/\/oexpressobr.com.br\/?p=3197"},"modified":"2026-02-03T21:03:29","modified_gmt":"2026-02-04T00:03:29","slug":"inmet-emite-alerta-vermelho-para-onda-de-calor-no-sul-e-temperaturas-disparam-em-todo-o-brasil","status":"publish","type":"post","link":"https:\/\/oexpressobr.com.br\/?p=3197","title":{"rendered":"Inmet emite alerta vermelho para onda de calor no Sul e temperaturas disparam em todo o Brasil"},"content":{"rendered":"\n<p class=\"wp-block-paragraph\">\u200bO <strong>Instituto Nacional de Meteorologia (Inmet)<\/strong> elevou para o n\u00edvel de <strong>&#8220;Grande Perigo&#8221;<\/strong> o alerta para a primeira onda de calor de 2026. O aviso, que entrou em vigor nesta ter\u00e7a-feira (3\/2), abrange <strong>511 munic\u00edpios<\/strong> nos estados do Rio Grande do Sul, Santa Catarina e Paran\u00e1. A previs\u00e3o \u00e9 de que os term\u00f4metros registrem marcas at\u00e9 5\u00b0C acima da m\u00e9dia hist\u00f3rica por um per\u00edodo superior a cinco dias consecutivos.<\/p>\n\n\n\n<p class=\"wp-block-paragraph\">\u200bNo Rio Grande do Sul, estado mais afetado pelo fen\u00f4meno, algumas cidades podem registrar m\u00e1ximas extremas de at\u00e9 <strong>44\u00b0C<\/strong> at\u00e9 a pr\u00f3xima sexta-feira (6\/2). Em Santa Catarina e no Paran\u00e1, o calor intenso deve se concentrar especialmente nas regi\u00f5es Oeste e Sudoeste.<\/p>\n\n\n\n<h3 class=\"wp-block-heading\">\u200bPanorama nacional para fevereiro<\/h3>\n\n\n\n<p class=\"wp-block-paragraph\">\u200bEmbora o foco imediato seja a Regi\u00e3o Sul, o Inmet alerta que o m\u00eas de fevereiro ser\u00e1 marcado por <strong>temperaturas acima da m\u00e9dia<\/strong> em quase todo o territ\u00f3rio nacional.<\/p>\n\n\n\n<ul class=\"wp-block-list\">\n<li>\u200b<strong>Regi\u00f5es Norte e Centro-Oeste:<\/strong> Devem registrar valores at\u00e9 1\u00b0C acima do normal para o per\u00edodo.<\/li>\n\n\n\n<li>\u200b<strong>Regi\u00e3o Sudeste:<\/strong> A combina\u00e7\u00e3o de alta umidade e calor deve favorecer pancadas de chuva t\u00edpicas de ver\u00e3o, mas sem o al\u00edvio t\u00e9rmico duradouro.<\/li>\n\n\n\n<li>\u200b<strong>D\u00e9ficit H\u00eddrico:<\/strong> Enquanto o Norte e o Sudeste esperam chuvas acima da m\u00e9dia, o Sul e o Centro-Oeste enfrentam um cen\u00e1rio de tempo mais seco, o que pode impactar o setor agr\u00edcola e os reservat\u00f3rios.<\/li>\n<\/ul>\n\n\n\n<h3 class=\"wp-block-heading\">\u200b\u00c1reas com maior severidade (Alerta Vermelho)<\/h3>\n\n\n\n<p class=\"wp-block-paragraph\">\u200bDe acordo com o mapa de riscos do Inmet, as \u00e1reas que exigem aten\u00e7\u00e3o redobrada incluem:<\/p>\n\n\n\n<ul class=\"wp-block-list\">\n<li>\u200b<strong>Rio Grande do Sul:<\/strong> Noroeste, Nordeste, Centro Ocidental e Sudoeste.<\/li>\n\n\n\n<li>\u200b<strong>Santa Catarina:<\/strong> Oeste e Norte catarinense, al\u00e9m da regi\u00e3o Serrana.<\/li>\n\n\n\n<li>\u200b<strong>Paran\u00e1:<\/strong> Sudoeste, Sudeste e Centro-Sul paranaense.<\/li>\n<\/ul>\n","protected":false},"excerpt":{"rendered":"<p>\u200bO Instituto Nacional de Meteorologia (Inmet) elevou para o n\u00edvel de &#8220;Grande Perigo&#8221; o alerta para a primeira onda de calor de 2026. O aviso, [&#8230;]<\/p>\n","protected":false},"author":1,"featured_media":3198,"comment_status":"open","ping_status":"open","sticky":false,"template":"","format":"standard","meta":{"_crdt_document":"","_jetpack_memberships_contains_paid_content":false,"footnotes":"","jetpack_publicize_message":"","jetpack_publicize_feature_enabled":true,"jetpack_social_post_already_shared":true,"jetpack_social_options":{"image_generator_settings":{"template":"highway","default_image_id":0,"font":"","enabled":false},"version":2}},"categories":[46],"tags":[],"class_list":["post-3197","post","type-post","status-publish","format-standard","has-post-thumbnail","hentry","category-cidades"],"jetpack_publicize_connections":[],"jetpack_featured_media_url":"https:\/\/i0.wp.com\/oexpressobr.com.br\/wp-content\/uploads\/2026\/02\/IMG-20260203-WA0338.jpg?fit=1080%2C1080&ssl=1","jetpack_likes_enabled":true,"jetpack_sharing_enabled":true,"_links":{"self":[{"href":"https:\/\/oexpressobr.com.br\/index.php?rest_route=\/wp\/v2\/posts\/3197","targetHints":{"allow":["GET"]}}],"collection":[{"href":"https:\/\/oexpressobr.com.br\/index.php?rest_route=\/wp\/v2\/posts"}],"about":[{"href":"https:\/\/oexpressobr.com.br\/index.php?rest_route=\/wp\/v2\/types\/post"}],"author":[{"embeddable":true,"href":"https:\/\/oexpressobr.com.br\/index.php?rest_route=\/wp\/v2\/users\/1"}],"replies":[{"embeddable":true,"href":"https:\/\/oexpressobr.com.br\/index.php?rest_route=%2Fwp%2Fv2%2Fcomments&post=3197"}],"version-history":[{"count":1,"href":"https:\/\/oexpressobr.com.br\/index.php?rest_route=\/wp\/v2\/posts\/3197\/revisions"}],"predecessor-version":[{"id":3199,"href":"https:\/\/oexpressobr.com.br\/index.php?rest_route=\/wp\/v2\/posts\/3197\/revisions\/3199"}],"wp:featuredmedia":[{"embeddable":true,"href":"https:\/\/oexpressobr.com.br\/index.php?rest_route=\/wp\/v2\/media\/3198"}],"wp:attachment":[{"href":"https:\/\/oexpressobr.com.br\/index.php?rest_route=%2Fwp%2Fv2%2Fmedia&parent=3197"}],"wp:term":[{"taxonomy":"category","embeddable":true,"href":"https:\/\/oexpressobr.com.br\/index.php?rest_route=%2Fwp%2Fv2%2Fcategories&post=3197"},{"taxonomy":"post_tag","embeddable":true,"href":"https:\/\/oexpressobr.com.br\/index.php?rest_route=%2Fwp%2Fv2%2Ftags&post=3197"}],"curies":[{"name":"wp","href":"https:\/\/api.w.org\/{rel}","templated":true}]}}