{"id":3200,"date":"2026-02-03T21:08:04","date_gmt":"2026-02-04T00:08:04","guid":{"rendered":"https:\/\/oexpressobr.com.br\/?p=3200"},"modified":"2026-02-03T21:08:05","modified_gmt":"2026-02-04T00:08:05","slug":"fanta-max-keith-e-o-segredo-do-refrigerante-nascido-na-alemanha-de-hitler","status":"publish","type":"post","link":"https:\/\/oexpressobr.com.br\/?p=3200","title":{"rendered":"FANTA: Max Keith e o segredo do refrigerante nascido na Alemanha de Hitler"},"content":{"rendered":"\n<p class=\"wp-block-paragraph\">Lan\u00e7ado no mercado brasileiro em 1964, o refrigerante Fanta logo se tornou um fen\u00f4meno. Segundo a <em>The Coca-Cola Company<\/em>, o Brasil \u00e9 hoje o l\u00edder mundial em vendas do produto, que ocupa o posto de segundo refrigerante mais popular do pa\u00eds, perdendo apenas para a pr\u00f3pria Coca-Cola. No entanto, por tr\u00e1s das cores vibrantes e do marketing alegre, a origem da bebida remete a um dos per\u00edodos mais sombrios da humanidade: o Terceiro Reich.<\/p>\n\n\n\n<h3 class=\"wp-block-heading\">\u200bO impasse de Max Keith<\/h3>\n\n\n\n<p class=\"wp-block-paragraph\">\u200bA hist\u00f3ria come\u00e7a em 1940. Com o avan\u00e7o da Segunda Guerra Mundial e o embargo comercial imposto pelos Estados Unidos \u00e0 Alemanha nazista, a subsidi\u00e1ria alem\u00e3 da Coca-Cola, liderada por Max Keith, viu-se em um beco sem sa\u00edda. O suprimento do &#8220;Xarope 7X&#8221; \u2014 a f\u00f3rmula secreta vinda de Atlanta \u2014 foi cortado. Sem mat\u00e9ria-prima, as f\u00e1bricas alem\u00e3s estavam fadadas ao fechamento.<\/p>\n\n\n\n<p class=\"wp-block-paragraph\">\u200bPragm\u00e1tico, Keith n\u00e3o queria deixar o neg\u00f3cio morrer. Ele ordenou que seus qu\u00edmicos criassem uma bebida alternativa usando apenas o que estava dispon\u00edvel em uma economia de guerra. O resultado foi uma mistura que Keith descreveu como &#8220;as sobras das sobras&#8221;: soro de leite (subproduto da fabrica\u00e7\u00e3o de queijos) e fibra de ma\u00e7\u00e3 (restos da prensa de sidra).<\/p>\n\n\n\n<h3 class=\"wp-block-heading\">\u200bDo &#8220;improviso&#8221; ao nome de impacto<\/h3>\n\n\n\n<p class=\"wp-block-paragraph\">\u200bO nome surgiu durante uma reuni\u00e3o de <em>brainstorming<\/em>. Keith pediu que sua equipe usasse a imagina\u00e7\u00e3o (<em>Fantasie<\/em>, em alem\u00e3o). O vendedor Joe Knipp gritou imediatamente: &#8220;Fanta!&#8221;. O nome curto e f\u00e1cil de pronunciar foi aprovado na hora.<\/p>\n\n\n\n<p class=\"wp-block-paragraph\">\u200bDiferente da vers\u00e3o de laranja que conhecemos hoje, a Fanta original era um l\u00edquido amarronzado e de sabor indefinido. Devido ao rigoroso racionamento de a\u00e7\u00facar na Alemanha, o refrigerante tornou-se t\u00e3o essencial que as donas de casa alem\u00e3s o utilizavam como ado\u00e7ante para sopas e ensopados, o que impulsionou as vendas para 3 milh\u00f5es de caixas em 1943.<\/p>\n\n\n\n<h3 class=\"wp-block-heading\">\u200bAtualiza\u00e7\u00f5es: O legado de 2024 e 2025<\/h3>\n\n\n\n<p class=\"wp-block-paragraph\">\u200bEmbora a Coca-Cola reforce que Max Keith nunca foi oficialmente membro do Partido Nazista, historiadores modernos apontam que ele colaborou ativamente com o regime para manter suas 43 f\u00e1bricas operando. Relat\u00f3rios recentes e pesquisas hist\u00f3ricas (reiteradas em debates de 2024) destacam que a produ\u00e7\u00e3o durante a guerra frequentemente utilizava m\u00e3o de obra for\u00e7ada de prisioneiros em territ\u00f3rio ocupado, uma mancha que a companhia tenta distanciar da marca atual.<\/p>\n\n\n\n<p class=\"wp-block-paragraph\">\u200bEm 2024, a Fanta reafirmou sua for\u00e7a no mercado brasileiro com o lan\u00e7amento de sabores sazonais, como a &#8220;Fanta Caju&#8221;, e a continua\u00e7\u00e3o da linha &#8220;Fanta Mist\u00e9rio&#8221; para o Halloween \u2014 que este ano trouxe uma vers\u00e3o verde neon inspirada no filme <em>Beetlejuice<\/em>.<\/p>\n\n\n\n<h3 class=\"wp-block-heading\">\u200bA reinven\u00e7\u00e3o italiana<\/h3>\n\n\n\n<p class=\"wp-block-paragraph\">\u200bA Fanta Laranja, tal como a consumimos, s\u00f3 nasceu em 1955, em N\u00e1poles, na It\u00e1lia. Ap\u00f3s o fim da guerra, a Coca-Cola recuperou o controle da subsidi\u00e1ria alem\u00e3 e, embora tenha descontinuado a f\u00f3rmula original de &#8220;sobras&#8221;, decidiu reaproveitar o nome Fanta anos depois para competir com bebidas de frutas.<\/p>\n\n\n\n<p class=\"wp-block-paragraph\">\u200bHoje, a marca \u00e9 um imp\u00e9rio de bilh\u00f5es de d\u00f3lares, presente em 190 pa\u00edses. O que come\u00e7ou como uma estrat\u00e9gia de sobreviv\u00eancia em meio ao totalitarismo transformou-se em um s\u00edmbolo global de diversidade de sabores, provando que a hist\u00f3ria, por vezes, tem um retrogosto muito mais complexo do que o produto final nas prateleiras.<\/p>\n","protected":false},"excerpt":{"rendered":"<p>Lan\u00e7ado no mercado brasileiro em 1964, o refrigerante Fanta logo se tornou um fen\u00f4meno. Segundo a The Coca-Cola Company, o Brasil \u00e9 hoje o l\u00edder [&#8230;]<\/p>\n","protected":false},"author":1,"featured_media":3201,"comment_status":"open","ping_status":"open","sticky":false,"template":"","format":"standard","meta":{"_crdt_document":"","_jetpack_memberships_contains_paid_content":false,"footnotes":"","jetpack_publicize_message":"","jetpack_publicize_feature_enabled":true,"jetpack_social_post_already_shared":true,"jetpack_social_options":{"image_generator_settings":{"template":"highway","default_image_id":0,"font":"","enabled":false},"version":2}},"categories":[17],"tags":[],"class_list":["post-3200","post","type-post","status-publish","format-standard","has-post-thumbnail","hentry","category-comercio"],"jetpack_publicize_connections":[],"jetpack_featured_media_url":"https:\/\/i0.wp.com\/oexpressobr.com.br\/wp-content\/uploads\/2026\/02\/IMG-20260203-WA0337.jpg?fit=1080%2C1080&ssl=1","jetpack_likes_enabled":true,"jetpack_sharing_enabled":true,"_links":{"self":[{"href":"https:\/\/oexpressobr.com.br\/index.php?rest_route=\/wp\/v2\/posts\/3200","targetHints":{"allow":["GET"]}}],"collection":[{"href":"https:\/\/oexpressobr.com.br\/index.php?rest_route=\/wp\/v2\/posts"}],"about":[{"href":"https:\/\/oexpressobr.com.br\/index.php?rest_route=\/wp\/v2\/types\/post"}],"author":[{"embeddable":true,"href":"https:\/\/oexpressobr.com.br\/index.php?rest_route=\/wp\/v2\/users\/1"}],"replies":[{"embeddable":true,"href":"https:\/\/oexpressobr.com.br\/index.php?rest_route=%2Fwp%2Fv2%2Fcomments&post=3200"}],"version-history":[{"count":1,"href":"https:\/\/oexpressobr.com.br\/index.php?rest_route=\/wp\/v2\/posts\/3200\/revisions"}],"predecessor-version":[{"id":3202,"href":"https:\/\/oexpressobr.com.br\/index.php?rest_route=\/wp\/v2\/posts\/3200\/revisions\/3202"}],"wp:featuredmedia":[{"embeddable":true,"href":"https:\/\/oexpressobr.com.br\/index.php?rest_route=\/wp\/v2\/media\/3201"}],"wp:attachment":[{"href":"https:\/\/oexpressobr.com.br\/index.php?rest_route=%2Fwp%2Fv2%2Fmedia&parent=3200"}],"wp:term":[{"taxonomy":"category","embeddable":true,"href":"https:\/\/oexpressobr.com.br\/index.php?rest_route=%2Fwp%2Fv2%2Fcategories&post=3200"},{"taxonomy":"post_tag","embeddable":true,"href":"https:\/\/oexpressobr.com.br\/index.php?rest_route=%2Fwp%2Fv2%2Ftags&post=3200"}],"curies":[{"name":"wp","href":"https:\/\/api.w.org\/{rel}","templated":true}]}}