{"id":3206,"date":"2026-02-03T21:19:39","date_gmt":"2026-02-04T00:19:39","guid":{"rendered":"https:\/\/oexpressobr.com.br\/?p=3206"},"modified":"2026-02-03T21:19:41","modified_gmt":"2026-02-04T00:19:41","slug":"mp-militar-aciona-stm-pela-perda-de-patente-de-bolsonaro-e-generais-por-trama-golpista","status":"publish","type":"post","link":"https:\/\/oexpressobr.com.br\/?p=3206","title":{"rendered":"MP Militar aciona Stm pela perda de patente de Bolsonaro e generais por trama golpista"},"content":{"rendered":"\n<p class=\"wp-block-paragraph\">O Minist\u00e9rio P\u00fablico Militar (MPM) protocolou nesta ter\u00e7a-feira, 3 de fevereiro de 2026, um pedido formal ao Superior Tribunal Militar (STM) para a cassa\u00e7\u00e3o do posto e da patente do ex-presidente <strong>Jair Bolsonaro<\/strong> e de outros quatro oficiais de alta patente. A medida ocorre em decorr\u00eancia da condena\u00e7\u00e3o definitiva dos envolvidos no Supremo Tribunal Federal (STF) pela tentativa de golpe de Estado.<\/p>\n\n\n\n<p class=\"wp-block-paragraph\">\u200bAl\u00e9m de Bolsonaro, que \u00e9 capit\u00e3o reformado do Ex\u00e9rcito, a representa\u00e7\u00e3o por indignidade para o oficialato atinge:<\/p>\n\n\n\n<ul class=\"wp-block-list\">\n<li>\u200b<strong>Augusto Heleno<\/strong> (General);<\/li>\n\n\n\n<li>\u200b<strong>Braga Netto<\/strong> (General);<\/li>\n\n\n\n<li>\u200b<strong>Paulo S\u00e9rgio Nogueira<\/strong> (General);<\/li>\n\n\n\n<li>\u200b<strong>Almir Garnier<\/strong> (Almirante).<\/li>\n<\/ul>\n\n\n\n<h3 class=\"wp-block-heading\">\u200bO rito jur\u00eddico e a &#8220;Morte Ficta&#8221;<\/h3>\n\n\n\n<p class=\"wp-block-paragraph\">\u200bDe acordo com a Constitui\u00e7\u00e3o Federal, militares condenados na justi\u00e7a comum a penas superiores a dois anos devem passar por um processo espec\u00edfico no STM para verificar se ainda possuem condi\u00e7\u00f5es \u00e9ticas de permanecer nas fileiras das For\u00e7as Armadas. Jair Bolsonaro, por exemplo, foi condenado a <strong>27 anos e tr\u00eas meses de pris\u00e3o<\/strong>.<\/p>\n\n\n\n<p class=\"wp-block-paragraph\">\u200bSe o STM acatar o pedido do MPM:<\/p>\n\n\n\n<ol class=\"wp-block-list\">\n<li>\u200b<strong>Perda de Patente:<\/strong> Os condenados deixam de ser oficiais e perdem o direito ao uso de uniformes, t\u00edtulos e medalhas.<\/li>\n\n\n\n<li>\u200b<strong>Impacto Financeiro:<\/strong> Eles perdem o direito ao soldo (sal\u00e1rio militar). Bolsonaro recebe atualmente cerca de <strong>R$ 12,8 mil<\/strong> brutos como capit\u00e3o reformado.<\/li>\n\n\n\n<li>\u200b<strong>Transfer\u00eancia de Cust\u00f3dia:<\/strong> Com a perda da patente, os r\u00e9us perdem o direito \u00e0 pris\u00e3o especial em unidades militares e podem ser transferidos para pres\u00eddios comuns. Atualmente, Bolsonaro cumpre pena no complexo da Papudinha, ap\u00f3s ter o pedido de pris\u00e3o domiciliar negado.<\/li>\n<\/ol>\n\n\n\n<p class=\"wp-block-paragraph\">\u200bA legisla\u00e7\u00e3o prev\u00ea o dispositivo da <strong>&#8220;morte ficta&#8221;<\/strong>, onde o militar \u00e9 considerado &#8220;morto&#8221; para a corpora\u00e7\u00e3o, permitindo que suas fam\u00edlias recebam pens\u00e3o. No entanto, o Tribunal de Contas da Uni\u00e3o (TCU) tem questionado a validade desse benef\u00edcio em casos de crimes contra a democracia.<\/p>\n\n\n\n<h3 class=\"wp-block-heading\">\u200bPr\u00f3ximos passos no STM<\/h3>\n\n\n\n<p class=\"wp-block-paragraph\">\u200bA presidente do STM, ministra Maria Elizabeth Guimar\u00e3es Teixeira Rocha, afirmou que o tribunal n\u00e3o ir\u00e1 procrastinar o julgamento, dada a relev\u00e2ncia institucional do caso. Os relatores j\u00e1 foram definidos por sorteio eletr\u00f4nico: o processo de Bolsonaro ser\u00e1 relatado pelo ministro <strong>Carlos Vuyk de Aquino<\/strong> (Aeron\u00e1utica).<\/p>\n\n\n\n<p class=\"wp-block-paragraph\">\u200bHistoricamente, o STM tem um padr\u00e3o rigoroso: nos \u00faltimos oito anos, a corte acolheu cerca de <strong>93% dos pedidos de expuls\u00e3o<\/strong> apresentados pelo Minist\u00e9rio P\u00fablico Militar contra oficiais condenados.<\/p>\n\n\n\n<blockquote class=\"wp-block-quote is-layout-flow wp-block-quote-is-layout-flow\">\n<p class=\"wp-block-paragraph\">\u200b<strong>Nota do Editor:<\/strong> Este \u00e9 o primeiro caso na hist\u00f3ria do Brasil em que o STM julgar\u00e1 a expuls\u00e3o de oficiais generais por crimes contra o Estado Democr\u00e1tico de Direito.<\/p>\n<\/blockquote>\n","protected":false},"excerpt":{"rendered":"<p>O Minist\u00e9rio P\u00fablico Militar (MPM) protocolou nesta ter\u00e7a-feira, 3 de fevereiro de 2026, um pedido formal ao Superior Tribunal Militar (STM) para a cassa\u00e7\u00e3o do [&#8230;]<\/p>\n","protected":false},"author":1,"featured_media":3207,"comment_status":"open","ping_status":"open","sticky":false,"template":"","format":"standard","meta":{"_crdt_document":"","_jetpack_memberships_contains_paid_content":false,"footnotes":"","jetpack_publicize_message":"","jetpack_publicize_feature_enabled":true,"jetpack_social_post_already_shared":true,"jetpack_social_options":{"image_generator_settings":{"template":"highway","default_image_id":0,"font":"","enabled":false},"version":2}},"categories":[9],"tags":[],"class_list":["post-3206","post","type-post","status-publish","format-standard","has-post-thumbnail","hentry","category-policia"],"jetpack_publicize_connections":[],"jetpack_featured_media_url":"https:\/\/i0.wp.com\/oexpressobr.com.br\/wp-content\/uploads\/2026\/02\/IMG-20250901-WA0227.jpg?fit=1600%2C1051&ssl=1","jetpack_likes_enabled":true,"jetpack_sharing_enabled":true,"_links":{"self":[{"href":"https:\/\/oexpressobr.com.br\/index.php?rest_route=\/wp\/v2\/posts\/3206","targetHints":{"allow":["GET"]}}],"collection":[{"href":"https:\/\/oexpressobr.com.br\/index.php?rest_route=\/wp\/v2\/posts"}],"about":[{"href":"https:\/\/oexpressobr.com.br\/index.php?rest_route=\/wp\/v2\/types\/post"}],"author":[{"embeddable":true,"href":"https:\/\/oexpressobr.com.br\/index.php?rest_route=\/wp\/v2\/users\/1"}],"replies":[{"embeddable":true,"href":"https:\/\/oexpressobr.com.br\/index.php?rest_route=%2Fwp%2Fv2%2Fcomments&post=3206"}],"version-history":[{"count":1,"href":"https:\/\/oexpressobr.com.br\/index.php?rest_route=\/wp\/v2\/posts\/3206\/revisions"}],"predecessor-version":[{"id":3208,"href":"https:\/\/oexpressobr.com.br\/index.php?rest_route=\/wp\/v2\/posts\/3206\/revisions\/3208"}],"wp:featuredmedia":[{"embeddable":true,"href":"https:\/\/oexpressobr.com.br\/index.php?rest_route=\/wp\/v2\/media\/3207"}],"wp:attachment":[{"href":"https:\/\/oexpressobr.com.br\/index.php?rest_route=%2Fwp%2Fv2%2Fmedia&parent=3206"}],"wp:term":[{"taxonomy":"category","embeddable":true,"href":"https:\/\/oexpressobr.com.br\/index.php?rest_route=%2Fwp%2Fv2%2Fcategories&post=3206"},{"taxonomy":"post_tag","embeddable":true,"href":"https:\/\/oexpressobr.com.br\/index.php?rest_route=%2Fwp%2Fv2%2Ftags&post=3206"}],"curies":[{"name":"wp","href":"https:\/\/api.w.org\/{rel}","templated":true}]}}