{"id":3221,"date":"2026-02-04T12:17:17","date_gmt":"2026-02-04T15:17:17","guid":{"rendered":"https:\/\/oexpressobr.com.br\/?p=3221"},"modified":"2026-02-04T12:17:19","modified_gmt":"2026-02-04T15:17:19","slug":"mourao-pressiona-senado-e-cita-desejo-popular-por-impeachment-de-ministros-do-stf","status":"publish","type":"post","link":"https:\/\/oexpressobr.com.br\/?p=3221","title":{"rendered":"MOUR\u00c3O pressiona Senado e cita desejo popular por impeachment de ministros do STF"},"content":{"rendered":"\n<p class=\"wp-block-paragraph\">O senador Hamilton Mour\u00e3o (Republicanos-RS), ex-vice-presidente da Rep\u00fablica, elevou o tom contra o Supremo Tribunal Federal (STF) nesta semana, ao afirmar que \u00e9 frequentemente cobrado pela sociedade para que o Senado d\u00ea andamento aos pedidos de impeachment contra ministros da Corte. Segundo o parlamentar, a press\u00e3o de eleitores \u00e9 constante e ocorre em todas as regi\u00f5es do pa\u00eds por onde circula.<\/p>\n\n\n\n<p class=\"wp-block-paragraph\">\u200b\u201cN\u00e3o tem um \u00fanico lugar que eu v\u00e1 em que n\u00e3o seja cobrado por n\u00e3o termos colocado para frente o impeachment de algum ministro\u201d, declarou Mour\u00e3o. Para ele, o Congresso tem o dever institucional de agir caso haja respaldo popular para o afastamento de magistrados, uma vez que a &#8220;chancela do Senado&#8221; na nomea\u00e7\u00e3o dos ministros representa, em \u00faltima inst\u00e2ncia, a vontade do povo brasileiro.<\/p>\n\n\n\n<h3 class=\"wp-block-heading\">\u200bContexto e recorde de pedidos no Senado<\/h3>\n\n\n\n<p class=\"wp-block-paragraph\">\u200bA fala de Mour\u00e3o coincide com um momento de renovada tens\u00e3o entre o Legislativo e o Judici\u00e1rio neste in\u00edcio de 2026. Recentemente, a press\u00e3o sobre o STF ganhou novos contornos com o chamado <strong>&#8220;Caso Master&#8221;<\/strong>, que envolveu suspeitas sobre contratos de escrit\u00f3rios de advocacia ligados a familiares de ministros com o Banco Master.<\/p>\n\n\n\n<p class=\"wp-block-paragraph\">\u200bAt\u00e9 o in\u00edcio de fevereiro de 2026, os dados atualizados indicam um cen\u00e1rio de ac\u00famulo recorde:<\/p>\n\n\n\n<ul class=\"wp-block-list\">\n<li>\u200b<strong>73 pedidos de impeachment<\/strong> contra atuais ministros do STF aguardam an\u00e1lise no Senado.<\/li>\n\n\n\n<li>\u200bO ministro <strong>Alexandre de Moraes<\/strong> permanece como o principal alvo da oposi\u00e7\u00e3o, concentrando cerca de <strong>45 dessas representa\u00e7\u00f5es<\/strong>.<\/li>\n\n\n\n<li>\u200bOutros ministros, como <strong>Dias Toffoli<\/strong> e o decano <strong>Gilmar Mendes<\/strong>, tamb\u00e9m figuram em pedidos protocolados recentemente, muitos deles baseados no argumento de &#8220;crime de responsabilidade&#8221; por suposta extrapola\u00e7\u00e3o de compet\u00eancias.<\/li>\n<\/ul>\n\n\n\n<h3 class=\"wp-block-heading\">\u200bBarreiras pol\u00edticas e regimentais<\/h3>\n\n\n\n<p class=\"wp-block-paragraph\">\u200bApesar da ret\u00f3rica de Mour\u00e3o e da mobiliza\u00e7\u00e3o da ala conservadora, o avan\u00e7o desses processos enfrenta obst\u00e1culos significativos. A decis\u00e3o de abrir ou n\u00e3o um processo de impeachment cabe exclusivamente ao presidente do Senado, cargo atualmente ocupado por <strong>Davi Alcolumbre (Uni\u00e3o-AP)<\/strong>.<\/p>\n\n\n\n<p class=\"wp-block-paragraph\">\u200bAlcolumbre, que assumiu o comando da Casa com a promessa de manter o equil\u00edbrio entre os Poderes, tem sinalizado que n\u00e3o pretende pautar tais pedidos no curto prazo, sob o argumento de evitar uma crise institucional ainda maior. Al\u00e9m disso, decis\u00f5es recentes do pr\u00f3prio STF buscaram blindar a Corte, estabelecendo que processos dessa natureza exijam qu\u00f3rum qualificado e fundamenta\u00e7\u00e3o jur\u00eddica rigorosa, o que, na vis\u00e3o de juristas e governistas, reduz a chance de o impeachment ser usado como instrumento de retalia\u00e7\u00e3o pol\u00edtica.<\/p>\n\n\n\n<p class=\"wp-block-paragraph\">\u200bMour\u00e3o, no entanto, insiste que a perman\u00eancia dos ministros depende da &#8220;chancela do povo&#8221; e que o Senado n\u00e3o pode se omitir diante do que classifica como um desgaste profundo da rela\u00e7\u00e3o entre o Judici\u00e1rio e a sociedade.<\/p>\n","protected":false},"excerpt":{"rendered":"<p>O senador Hamilton Mour\u00e3o (Republicanos-RS), ex-vice-presidente da Rep\u00fablica, elevou o tom contra o Supremo Tribunal Federal (STF) nesta semana, ao afirmar que \u00e9 frequentemente cobrado [&#8230;]<\/p>\n","protected":false},"author":1,"featured_media":3222,"comment_status":"open","ping_status":"open","sticky":false,"template":"","format":"standard","meta":{"_crdt_document":"","_jetpack_memberships_contains_paid_content":false,"footnotes":"","jetpack_publicize_message":"","jetpack_publicize_feature_enabled":true,"jetpack_social_post_already_shared":true,"jetpack_social_options":{"image_generator_settings":{"template":"highway","default_image_id":0,"font":"","enabled":false},"version":2}},"categories":[3],"tags":[],"class_list":["post-3221","post","type-post","status-publish","format-standard","has-post-thumbnail","hentry","category-brasil"],"jetpack_publicize_connections":[],"jetpack_featured_media_url":"https:\/\/i0.wp.com\/oexpressobr.com.br\/wp-content\/uploads\/2026\/02\/IMG-20260204-WA0081.jpg?fit=800%2C1000&ssl=1","jetpack_likes_enabled":true,"jetpack_sharing_enabled":true,"_links":{"self":[{"href":"https:\/\/oexpressobr.com.br\/index.php?rest_route=\/wp\/v2\/posts\/3221","targetHints":{"allow":["GET"]}}],"collection":[{"href":"https:\/\/oexpressobr.com.br\/index.php?rest_route=\/wp\/v2\/posts"}],"about":[{"href":"https:\/\/oexpressobr.com.br\/index.php?rest_route=\/wp\/v2\/types\/post"}],"author":[{"embeddable":true,"href":"https:\/\/oexpressobr.com.br\/index.php?rest_route=\/wp\/v2\/users\/1"}],"replies":[{"embeddable":true,"href":"https:\/\/oexpressobr.com.br\/index.php?rest_route=%2Fwp%2Fv2%2Fcomments&post=3221"}],"version-history":[{"count":1,"href":"https:\/\/oexpressobr.com.br\/index.php?rest_route=\/wp\/v2\/posts\/3221\/revisions"}],"predecessor-version":[{"id":3223,"href":"https:\/\/oexpressobr.com.br\/index.php?rest_route=\/wp\/v2\/posts\/3221\/revisions\/3223"}],"wp:featuredmedia":[{"embeddable":true,"href":"https:\/\/oexpressobr.com.br\/index.php?rest_route=\/wp\/v2\/media\/3222"}],"wp:attachment":[{"href":"https:\/\/oexpressobr.com.br\/index.php?rest_route=%2Fwp%2Fv2%2Fmedia&parent=3221"}],"wp:term":[{"taxonomy":"category","embeddable":true,"href":"https:\/\/oexpressobr.com.br\/index.php?rest_route=%2Fwp%2Fv2%2Fcategories&post=3221"},{"taxonomy":"post_tag","embeddable":true,"href":"https:\/\/oexpressobr.com.br\/index.php?rest_route=%2Fwp%2Fv2%2Ftags&post=3221"}],"curies":[{"name":"wp","href":"https:\/\/api.w.org\/{rel}","templated":true}]}}