{"id":3224,"date":"2026-02-04T12:22:47","date_gmt":"2026-02-04T15:22:47","guid":{"rendered":"https:\/\/oexpressobr.com.br\/?p=3224"},"modified":"2026-02-04T12:22:48","modified_gmt":"2026-02-04T15:22:48","slug":"menino-de-13-anos-nada-por-4-horas-para-salvar-familia-a-deriva-na-australia","status":"publish","type":"post","link":"https:\/\/oexpressobr.com.br\/?p=3224","title":{"rendered":"Menino de 13 anos nada por 4 horas para salvar fam\u00edlia \u00e0 deriva na Austr\u00e1lia"},"content":{"rendered":"\n<p class=\"wp-block-paragraph\">\u200bO que era para ser uma tarde de lazer em fam\u00edlia na costa de Nova Gales do Sul, na Austr\u00e1lia, transformou-se em uma luta \u00e9pica pela sobreviv\u00eancia. <strong>Austin Appelbee<\/strong>, de apenas 13 anos, tornou-se o protagonista de um resgate impressionante ap\u00f3s nadar por quatro horas seguidas em mar aberto para buscar socorro para sua m\u00e3e e seus dois irm\u00e3os menores.<\/p>\n\n\n\n<h3 class=\"wp-block-heading\">\u200bO incidente: Arrastados pela correnteza<\/h3>\n\n\n\n<p class=\"wp-block-paragraph\">\u200bA fam\u00edlia aproveitava o dia praticando <em>stand-up paddle<\/em> quando ventos fortes e correntes repentinas os empurraram para longe da costa. Em poucos minutos, a dist\u00e2ncia da praia tornou-se intranspon\u00edvel para o grupo, que contava apenas com duas pranchas para se manter \u00e0 tona.<\/p>\n\n\n\n<p class=\"wp-block-paragraph\">\u200bDiante do esgotamento f\u00edsico da m\u00e3e e do p\u00e2nico crescente dos irm\u00e3os, Austin tomou uma decis\u00e3o dr\u00e1stica: abandonou a seguran\u00e7a das pranchas e come\u00e7ou a nadar em dire\u00e7\u00e3o \u00e0 terra firme, sem saber se conseguiria vencer a resist\u00eancia do oceano.<\/p>\n\n\n\n<h3 class=\"wp-block-heading\">\u200bA jornada de quatro horas<\/h3>\n\n\n\n<p class=\"wp-block-paragraph\">\u200bSozinho na imensid\u00e3o do mar, o adolescente enfrentou ondas, fadiga extrema e a incerteza constante. &#8220;Eu n\u00e3o sabia se eles ainda estariam l\u00e1 quando eu voltasse&#8221;, relatou o jovem \u00e0 BBC.<\/p>\n\n\n\n<ul class=\"wp-block-list\">\n<li>\u200b<strong>O esfor\u00e7o:<\/strong> Austin manteve o foco na linha do horizonte, nadando por aproximadamente <strong>6 quil\u00f4metros<\/strong>.<\/li>\n\n\n\n<li>\u200b<strong>O resgate:<\/strong> Ao atingir a areia, exausto, ele conseguiu alertar as autoridades locais, que iniciaram imediatamente uma busca a\u00e9rea e mar\u00edtima.<\/li>\n\n\n\n<li>\u200b<strong>O desfecho:<\/strong> Gra\u00e7as \u00e0s coordenadas precisas dadas pelo menino, as equipes de resgate localizaram a m\u00e3e e os irm\u00e3os de Austin ainda agarrados \u00e0s pranchas, j\u00e1 em estado de hipotermia leve, mas vivos.<\/li>\n<\/ul>\n\n\n\n<h3 class=\"wp-block-heading\">\u200b&#8221;N\u00e3o sou her\u00f3i&#8221;, diz Austin<\/h3>\n\n\n\n<p class=\"wp-block-paragraph\">\u200bApesar de ter sido aclamado pelas equipes de emerg\u00eancia e pela comunidade internacional como um prod\u00edgio de coragem e preparo f\u00edsico, o garoto mant\u00e9m a humildade caracter\u00edstica de quem agiu por instinto de prote\u00e7\u00e3o.<\/p>\n\n\n\n<blockquote class=\"wp-block-quote is-layout-flow wp-block-quote-is-layout-flow\">\n<p class=\"wp-block-paragraph\">\u200b&#8221;Eu n\u00e3o me achei um her\u00f3i \u2014 eu apenas fiz o que fiz. S\u00f3 queria que eles ficassem bem&#8221;, declarou o jovem em entrevista recente.<\/p>\n<\/blockquote>\n\n\n\n<h3 class=\"wp-block-heading\">\u200bRepercuss\u00e3o e seguran\u00e7a no mar<\/h3>\n\n\n\n<p class=\"wp-block-paragraph\">\u200bEspecialistas em salvamento mar\u00edtimo destacam que o condicionamento f\u00edsico de Austin \u2014 que \u00e9 nadador frequente \u2014 foi o diferencial entre a trag\u00e9dia e o milagre. No entanto, o caso acendeu um alerta nas autoridades australianas sobre a rapidez com que as condi\u00e7\u00f5es clim\u00e1ticas podem mudar, recomendando o uso de coletes salva-vidas e dispositivos de comunica\u00e7\u00e3o (como capas de celular \u00e0 prova d&#8217;\u00e1gua) mesmo em atividades aparentemente simples como o remo em prancha.<\/p>\n","protected":false},"excerpt":{"rendered":"<p>\u200bO que era para ser uma tarde de lazer em fam\u00edlia na costa de Nova Gales do Sul, na Austr\u00e1lia, transformou-se em uma luta \u00e9pica [&#8230;]<\/p>\n","protected":false},"author":1,"featured_media":3225,"comment_status":"open","ping_status":"open","sticky":false,"template":"","format":"standard","meta":{"_crdt_document":"","_jetpack_memberships_contains_paid_content":false,"footnotes":"","jetpack_publicize_message":"","jetpack_publicize_feature_enabled":true,"jetpack_social_post_already_shared":true,"jetpack_social_options":{"image_generator_settings":{"template":"highway","default_image_id":0,"font":"","enabled":false},"version":2}},"categories":[15],"tags":[],"class_list":["post-3224","post","type-post","status-publish","format-standard","has-post-thumbnail","hentry","category-internacional"],"jetpack_publicize_connections":[],"jetpack_featured_media_url":"https:\/\/i0.wp.com\/oexpressobr.com.br\/wp-content\/uploads\/2026\/02\/IMG-20260204-WA0090.jpg?fit=1080%2C1080&ssl=1","jetpack_likes_enabled":true,"jetpack_sharing_enabled":true,"_links":{"self":[{"href":"https:\/\/oexpressobr.com.br\/index.php?rest_route=\/wp\/v2\/posts\/3224","targetHints":{"allow":["GET"]}}],"collection":[{"href":"https:\/\/oexpressobr.com.br\/index.php?rest_route=\/wp\/v2\/posts"}],"about":[{"href":"https:\/\/oexpressobr.com.br\/index.php?rest_route=\/wp\/v2\/types\/post"}],"author":[{"embeddable":true,"href":"https:\/\/oexpressobr.com.br\/index.php?rest_route=\/wp\/v2\/users\/1"}],"replies":[{"embeddable":true,"href":"https:\/\/oexpressobr.com.br\/index.php?rest_route=%2Fwp%2Fv2%2Fcomments&post=3224"}],"version-history":[{"count":1,"href":"https:\/\/oexpressobr.com.br\/index.php?rest_route=\/wp\/v2\/posts\/3224\/revisions"}],"predecessor-version":[{"id":3226,"href":"https:\/\/oexpressobr.com.br\/index.php?rest_route=\/wp\/v2\/posts\/3224\/revisions\/3226"}],"wp:featuredmedia":[{"embeddable":true,"href":"https:\/\/oexpressobr.com.br\/index.php?rest_route=\/wp\/v2\/media\/3225"}],"wp:attachment":[{"href":"https:\/\/oexpressobr.com.br\/index.php?rest_route=%2Fwp%2Fv2%2Fmedia&parent=3224"}],"wp:term":[{"taxonomy":"category","embeddable":true,"href":"https:\/\/oexpressobr.com.br\/index.php?rest_route=%2Fwp%2Fv2%2Fcategories&post=3224"},{"taxonomy":"post_tag","embeddable":true,"href":"https:\/\/oexpressobr.com.br\/index.php?rest_route=%2Fwp%2Fv2%2Ftags&post=3224"}],"curies":[{"name":"wp","href":"https:\/\/api.w.org\/{rel}","templated":true}]}}