{"id":323,"date":"2025-12-03T19:22:31","date_gmt":"2025-12-03T22:22:31","guid":{"rendered":"https:\/\/oexpressobr.com.br\/?p=323"},"modified":"2025-12-03T19:22:32","modified_gmt":"2025-12-03T22:22:32","slug":"pobreza-e-extrema-pobreza-caem-ao-menor-nivel-desde-2012-mas-desigualdade-de-renda-persiste-aponta-ibge","status":"publish","type":"post","link":"https:\/\/oexpressobr.com.br\/?p=323","title":{"rendered":"Pobreza E Extrema Pobreza Caem Ao Menor N\u00edvel Desde 2012, Mas Desigualdade De Renda Persiste, Aponta IBGE"},"content":{"rendered":"\n<p class=\"wp-block-paragraph\">\u200bA Pobreza e a extrema pobreza no Brasil atingiram os <strong>menores patamares desde 2012<\/strong>, segundo a mais recente edi\u00e7\u00e3o da <em>S\u00edntese de Indicadores Sociais (SIS)<\/em>, divulgada pelo Instituto Brasileiro de Geografia e Estat\u00edstica (IBGE). A taxa de pobreza recuou para <strong>23,1%<\/strong> da popula\u00e7\u00e3o, e a extrema pobreza caiu para <strong>3,5%<\/strong>, um movimento que marca o terceiro ano consecutivo de queda, recuperando e superando os n\u00edveis pr\u00e9-pandemia.<\/p>\n\n\n\n<p class=\"wp-block-paragraph\">\u200bA redu\u00e7\u00e3o expressiva, observada no per\u00edodo entre 2023 e 2024, fez com que cerca de <strong>8,6 milh\u00f5es de brasileiros deixassem a situa\u00e7\u00e3o de pobreza<\/strong> e <strong>1,9 milh\u00e3o superassem a linha da mis\u00e9ria<\/strong>. Os dados, que utilizam crit\u00e9rios do Banco Mundial (US$ 6,85 e US$ 2,15 por dia em Paridade de Poder de Compra &#8211; PPC), mostram um contingente atual de 48,9 milh\u00f5es de pessoas na pobreza e 7,4 milh\u00f5es na extrema pobreza.<\/p>\n\n\n\n<h3 class=\"wp-block-heading\">\u200b Mercado de Trabalho e Programas Sociais Impulsionam o Resultado<\/h3>\n\n\n\n<p class=\"wp-block-paragraph\">\u200bA an\u00e1lise do IBGE e de institui\u00e7\u00f5es como o Ipea (Instituto de Pesquisa Econ\u00f4mica Aplicada) aponta que a melhoria social \u00e9 um resultado da combina\u00e7\u00e3o de dois fatores principais:<\/p>\n\n\n\n<ol class=\"wp-block-list\">\n<li>\u200b<strong>Aquecimento do Mercado de Trabalho:<\/strong> O dinamismo no mercado de trabalho, com mais empregos e recupera\u00e7\u00e3o da renda, contribuiu significativamente, especialmente para a redu\u00e7\u00e3o da pobreza (faixa com maior impacto da renda do trabalho).<\/li>\n\n\n\n<li>\u200b<strong>Fortalecimento de Programas Sociais:<\/strong> A manuten\u00e7\u00e3o de programas de transfer\u00eancia de renda, como o Bolsa Fam\u00edlia, em patamares superiores ao per\u00edodo anterior \u00e0 pandemia, demonstrou ser crucial, especialmente no combate \u00e0 extrema pobreza. O IBGE projeta que, sem a exist\u00eancia desses programas, a extrema pobreza saltaria de 3,5% para <strong>10%<\/strong> da popula\u00e7\u00e3o.<\/li>\n<\/ol>\n\n\n\n<h3 class=\"wp-block-heading\">\u200b Desigualdade e Disparidades Regionais e Raciais<\/h3>\n\n\n\n<p class=\"wp-block-paragraph\">\u200bApesar dos avan\u00e7os hist\u00f3ricos no combate \u00e0 pobreza, a desigualdade de renda continua sendo um desafio estrutural no pa\u00eds. O \u00cdndice de Gini, que mede a disparidade, atingiu o <strong>menor valor desde 2012 (0,504 em 2024)<\/strong>, indicando uma redu\u00e7\u00e3o da desigualdade. Contudo, o Brasil ainda se mant\u00e9m em posi\u00e7\u00e3o cr\u00edtica no cen\u00e1rio internacional, figurando como o <strong>segundo pa\u00eds com maior desigualdade de renda entre os 40 analisados pela OCDE<\/strong> (Organiza\u00e7\u00e3o para a Coopera\u00e7\u00e3o e Desenvolvimento Econ\u00f4mico).<\/p>\n\n\n\n<p class=\"wp-block-paragraph\">\u200bAs disparidades permanecem acentuadas em recortes espec\u00edficos:<\/p>\n\n\n\n<ul class=\"wp-block-list\">\n<li>\u200b<strong>Ra\u00e7a e Cor:<\/strong> Pessoas <strong>pretas e pardas<\/strong>, embora representem 56,8% da popula\u00e7\u00e3o, s\u00e3o <strong>71,3%<\/strong> do total de pessoas pobres. A pobreza atinge 15,1% dos brancos, contra 25,8% dos pretos e 29,8% dos pardos.<\/li>\n\n\n\n<li>\u200b<strong>G\u00eanero:<\/strong> As <strong>mulheres<\/strong> apresentam uma maior incid\u00eancia de pobreza (24%) do que os homens (22,2%). Entre as mulheres pretas ou pardas, a pobreza chega a 30,4%.<\/li>\n\n\n\n<li>\u200b<strong>Regi\u00f5es:<\/strong> O Nordeste, apesar de registrar a maior queda anual (de 47,2% para 39,4%), segue com a maior taxa de pobreza.<\/li>\n<\/ul>\n\n\n\n<p class=\"wp-block-paragraph\">\u200bA situa\u00e7\u00e3o \u00e9 ainda mais grave nas <strong>\u00e1reas rurais<\/strong>, onde a propor\u00e7\u00e3o de pessoas em pobreza (43,0%) e extrema pobreza (7,2%) \u00e9 superior \u00e0 das \u00e1reas urbanas. O segmento de <strong>trabalhadores informais<\/strong> tamb\u00e9m exibe alta vulnerabilidade, com um em cada cinco sem carteira assinada na condi\u00e7\u00e3o de pobreza.<\/p>\n\n\n\n<p class=\"wp-block-paragraph\">\u200bA queda nos \u00edndices de pobreza, impulsionada por pol\u00edticas sociais robustas e melhoria no emprego, sinaliza uma recupera\u00e7\u00e3o econ\u00f4mica com foco social. No entanto, o desafio do pa\u00eds se desloca para a supera\u00e7\u00e3o das disparidades estruturais de renda e oportunidades, que mant\u00eam grupos espec\u00edficos e regi\u00f5es inteiras em situa\u00e7\u00e3o de vulnerabilidade.<\/p>\n","protected":false},"excerpt":{"rendered":"<p>\u200bA Pobreza e a extrema pobreza no Brasil atingiram os menores patamares desde 2012, segundo a mais recente edi\u00e7\u00e3o da S\u00edntese de Indicadores Sociais (SIS), [&#8230;]<\/p>\n","protected":false},"author":1,"featured_media":324,"comment_status":"open","ping_status":"open","sticky":false,"template":"","format":"standard","meta":{"_crdt_document":"","_jetpack_memberships_contains_paid_content":false,"footnotes":"","jetpack_publicize_message":"","jetpack_publicize_feature_enabled":true,"jetpack_social_post_already_shared":false,"jetpack_social_options":{"image_generator_settings":{"template":"highway","default_image_id":0,"font":"","enabled":false},"version":2}},"categories":[3],"tags":[],"class_list":["post-323","post","type-post","status-publish","format-standard","has-post-thumbnail","hentry","category-brasil"],"jetpack_publicize_connections":[],"jetpack_featured_media_url":"https:\/\/i0.wp.com\/oexpressobr.com.br\/wp-content\/uploads\/2025\/12\/IMG-20251203-WA0170.jpg?fit=625%2C350&ssl=1","jetpack_likes_enabled":true,"jetpack_sharing_enabled":true,"_links":{"self":[{"href":"https:\/\/oexpressobr.com.br\/index.php?rest_route=\/wp\/v2\/posts\/323","targetHints":{"allow":["GET"]}}],"collection":[{"href":"https:\/\/oexpressobr.com.br\/index.php?rest_route=\/wp\/v2\/posts"}],"about":[{"href":"https:\/\/oexpressobr.com.br\/index.php?rest_route=\/wp\/v2\/types\/post"}],"author":[{"embeddable":true,"href":"https:\/\/oexpressobr.com.br\/index.php?rest_route=\/wp\/v2\/users\/1"}],"replies":[{"embeddable":true,"href":"https:\/\/oexpressobr.com.br\/index.php?rest_route=%2Fwp%2Fv2%2Fcomments&post=323"}],"version-history":[{"count":0,"href":"https:\/\/oexpressobr.com.br\/index.php?rest_route=\/wp\/v2\/posts\/323\/revisions"}],"wp:featuredmedia":[{"embeddable":true,"href":"https:\/\/oexpressobr.com.br\/index.php?rest_route=\/wp\/v2\/media\/324"}],"wp:attachment":[{"href":"https:\/\/oexpressobr.com.br\/index.php?rest_route=%2Fwp%2Fv2%2Fmedia&parent=323"}],"wp:term":[{"taxonomy":"category","embeddable":true,"href":"https:\/\/oexpressobr.com.br\/index.php?rest_route=%2Fwp%2Fv2%2Fcategories&post=323"},{"taxonomy":"post_tag","embeddable":true,"href":"https:\/\/oexpressobr.com.br\/index.php?rest_route=%2Fwp%2Fv2%2Ftags&post=323"}],"curies":[{"name":"wp","href":"https:\/\/api.w.org\/{rel}","templated":true}]}}