{"id":3230,"date":"2026-02-04T12:32:36","date_gmt":"2026-02-04T15:32:36","guid":{"rendered":"https:\/\/oexpressobr.com.br\/?p=3230"},"modified":"2026-02-04T12:32:37","modified_gmt":"2026-02-04T15:32:37","slug":"brasileiro-condenado-pelo-8-de-janeiro-e-expulso-do-paraguai-e-entregue-a-pf","status":"publish","type":"post","link":"https:\/\/oexpressobr.com.br\/?p=3230","title":{"rendered":"Brasileiro condenado pelo 8 de janeiro \u00e9 expulso do Paraguai e entregue \u00e0 PF"},"content":{"rendered":"\n<p class=\"wp-block-paragraph\">O m\u00e9dico veterin\u00e1rio <strong>Jo\u00e3o Paulo Silva Matos<\/strong>, de 36 anos, foi entregue \u00e0 <strong>Pol\u00edcia Federal (PF)<\/strong> na noite de ter\u00e7a-feira (3), ap\u00f3s ser expulso do territ\u00f3rio paraguaio. Matos \u00e9 um dos condenados pelo <strong>Supremo Tribunal Federal (STF)<\/strong> por envolvimento nos ataques \u00e0s sedes dos Tr\u00eas Poderes, ocorridos em Bras\u00edlia em 2023.<\/p>\n\n\n\n<p class=\"wp-block-paragraph\">\u200bA transfer\u00eancia ocorreu na <strong>Ponte Internacional da Amizade<\/strong>, que liga Ciudad del Este a Foz do Igua\u00e7u, no oeste do Paran\u00e1. O brasileiro estava foragido e foi localizado pelas autoridades paraguaias na regi\u00e3o de <strong>Saltos del Guair\u00e1<\/strong>. A captura foi poss\u00edvel gra\u00e7as ao interc\u00e2mbio de informa\u00e7\u00f5es de intelig\u00eancia entre a pol\u00edcia do Paraguai e a PF brasileira.<\/p>\n\n\n\n<h3 class=\"wp-block-heading\">\u200bHist\u00f3rico e Condena\u00e7\u00e3o<\/h3>\n\n\n\n<p class=\"wp-block-paragraph\">\u200bDe acordo com as investiga\u00e7\u00f5es, Jo\u00e3o Paulo Silva Matos foi identificado como um dos invasores que incentivaram o confronto com as for\u00e7as de seguran\u00e7a durante os atos golpistas.<\/p>\n\n\n\n<ul class=\"wp-block-list\">\n<li>\u200b<strong>Pena:<\/strong> O veterin\u00e1rio foi condenado em janeiro de 2025 a <strong>14 anos de pris\u00e3o<\/strong>.<\/li>\n\n\n\n<li>\u200b<strong>Provas:<\/strong> V\u00eddeos gravados pelo pr\u00f3prio acusado e publicados em suas redes sociais serviram como base para a den\u00fancia da Procuradoria-Geral da Rep\u00fablica (PGR). Nas imagens, ele aparece dentro do Pal\u00e1cio do Planalto e proferindo ofensas a ministros do STF.<\/li>\n\n\n\n<li>\u200b<strong>Crimes:<\/strong> Entre as acusa\u00e7\u00f5es confirmadas est\u00e3o aboli\u00e7\u00e3o violenta do Estado Democr\u00e1tico de Direito e associa\u00e7\u00e3o criminosa armada.<\/li>\n<\/ul>\n\n\n\n<h3 class=\"wp-block-heading\">\u200bContexto da Fuga<\/h3>\n\n\n\n<p class=\"wp-block-paragraph\">\u200bA entrega de Matos faz parte de um movimento mais amplo de coopera\u00e7\u00e3o fronteiri\u00e7a para recapturar brasileiros envolvidos no 8 de janeiro que buscaram ref\u00fagio em pa\u00edses vizinhos. Recentemente, outros nomes de destaque, como o ex-diretor da PRF <strong>Silvinei Vasques<\/strong>, tamb\u00e9m foram entregues \u00e0 PF ap\u00f3s tentativas de fuga frustradas para o Paraguai ou via aeroportos da regi\u00e3o.<\/p>\n\n\n\n<p class=\"wp-block-paragraph\">\u200bO preso agora deve passar por audi\u00eancia de cust\u00f3dia e ser transferido para uma unidade prisional definitiva para o in\u00edcio do cumprimento da pena determinada pela Corte Superior.<\/p>\n\n\n\n<blockquote class=\"wp-block-quote is-layout-flow wp-block-quote-is-layout-flow\">\n<p class=\"wp-block-paragraph\">\u200b<strong>Nota:<\/strong> A defesa de Jo\u00e3o Paulo Silva Matos ainda n\u00e3o se manifestou publicamente sobre a extradi\u00e7\u00e3o ocorrida nesta semana.<\/p>\n<\/blockquote>\n","protected":false},"excerpt":{"rendered":"<p>O m\u00e9dico veterin\u00e1rio Jo\u00e3o Paulo Silva Matos, de 36 anos, foi entregue \u00e0 Pol\u00edcia Federal (PF) na noite de ter\u00e7a-feira (3), ap\u00f3s ser expulso do [&#8230;]<\/p>\n","protected":false},"author":1,"featured_media":3231,"comment_status":"open","ping_status":"open","sticky":false,"template":"","format":"standard","meta":{"_crdt_document":"","_jetpack_memberships_contains_paid_content":false,"footnotes":"","jetpack_publicize_message":"","jetpack_publicize_feature_enabled":true,"jetpack_social_post_already_shared":true,"jetpack_social_options":{"image_generator_settings":{"template":"highway","default_image_id":0,"font":"","enabled":false},"version":2}},"categories":[9],"tags":[],"class_list":["post-3230","post","type-post","status-publish","format-standard","has-post-thumbnail","hentry","category-policia"],"jetpack_publicize_connections":[],"jetpack_featured_media_url":"https:\/\/i0.wp.com\/oexpressobr.com.br\/wp-content\/uploads\/2026\/02\/g1-pr-46-.jpeg?fit=984%2C553&ssl=1","jetpack_likes_enabled":true,"jetpack_sharing_enabled":true,"_links":{"self":[{"href":"https:\/\/oexpressobr.com.br\/index.php?rest_route=\/wp\/v2\/posts\/3230","targetHints":{"allow":["GET"]}}],"collection":[{"href":"https:\/\/oexpressobr.com.br\/index.php?rest_route=\/wp\/v2\/posts"}],"about":[{"href":"https:\/\/oexpressobr.com.br\/index.php?rest_route=\/wp\/v2\/types\/post"}],"author":[{"embeddable":true,"href":"https:\/\/oexpressobr.com.br\/index.php?rest_route=\/wp\/v2\/users\/1"}],"replies":[{"embeddable":true,"href":"https:\/\/oexpressobr.com.br\/index.php?rest_route=%2Fwp%2Fv2%2Fcomments&post=3230"}],"version-history":[{"count":1,"href":"https:\/\/oexpressobr.com.br\/index.php?rest_route=\/wp\/v2\/posts\/3230\/revisions"}],"predecessor-version":[{"id":3232,"href":"https:\/\/oexpressobr.com.br\/index.php?rest_route=\/wp\/v2\/posts\/3230\/revisions\/3232"}],"wp:featuredmedia":[{"embeddable":true,"href":"https:\/\/oexpressobr.com.br\/index.php?rest_route=\/wp\/v2\/media\/3231"}],"wp:attachment":[{"href":"https:\/\/oexpressobr.com.br\/index.php?rest_route=%2Fwp%2Fv2%2Fmedia&parent=3230"}],"wp:term":[{"taxonomy":"category","embeddable":true,"href":"https:\/\/oexpressobr.com.br\/index.php?rest_route=%2Fwp%2Fv2%2Fcategories&post=3230"},{"taxonomy":"post_tag","embeddable":true,"href":"https:\/\/oexpressobr.com.br\/index.php?rest_route=%2Fwp%2Fv2%2Ftags&post=3230"}],"curies":[{"name":"wp","href":"https:\/\/api.w.org\/{rel}","templated":true}]}}