{"id":3233,"date":"2026-02-04T12:37:21","date_gmt":"2026-02-04T15:37:21","guid":{"rendered":"https:\/\/oexpressobr.com.br\/?p=3233"},"modified":"2026-02-04T12:37:22","modified_gmt":"2026-02-04T15:37:22","slug":"avenged-sevenfold-e-bring-me-the-horizon-sao-confirmados-no-dia-do-rock-do-rock-in-rio-2026","status":"publish","type":"post","link":"https:\/\/oexpressobr.com.br\/?p=3233","title":{"rendered":"Avenged Sevenfold e Bring Me The Horizon s\u00e3o confirmados no Dia do Rock do Rock in Rio 2026"},"content":{"rendered":"\n<p class=\"wp-block-paragraph\">O <strong>Rock in Rio<\/strong> acaba de incendiar as expectativas dos f\u00e3s de metal moderno. Na noite desta ter\u00e7a-feira (3), a organiza\u00e7\u00e3o do festival confirmou que as bandas <strong>Avenged Sevenfold<\/strong> e <strong>Bring Me The Horizon<\/strong> ser\u00e3o as grandes estrelas do <strong>Palco Mundo<\/strong> no dia <strong>5 de setembro<\/strong>, data dedicada ao g\u00eanero na edi\u00e7\u00e3o de 2026.<\/p>\n\n\n\n<p class=\"wp-block-paragraph\">\u200bA escolha das atra\u00e7\u00f5es reflete o excelente momento de ambas as bandas com o p\u00fablico brasileiro. O <strong>Avenged Sevenfold<\/strong> retorna ao festival ap\u00f3s uma apresenta\u00e7\u00e3o aclamada em 2024, desta vez consolidado como headliner. A banda californiana chega embalada por shows recentes em S\u00e3o Paulo e Curitiba, realizados no final de janeiro deste ano.<\/p>\n\n\n\n<p class=\"wp-block-paragraph\">\u200bJ\u00e1 o <strong>Bring Me The Horizon<\/strong> far\u00e1 sua aguardada estreia na Cidade do Rock. O grupo brit\u00e2nico, liderado por Oliver Sykes \u2014 que possui uma forte conex\u00e3o com o Brasil e reside parte do ano no pa\u00eds \u2014, vive o auge de sua popularidade. Em 2024, a banda realizou o maior show solo de sua carreira no Allianz Parque, para 50 mil pessoas, performance que rendeu o filme <em>&#8220;L.I.V.E. in S\u00e3o Paulo&#8221;<\/em>, com lan\u00e7amento nos cinemas previsto para abril pr\u00f3ximo.<\/p>\n\n\n\n<h3 class=\"wp-block-heading\">\u200bO que j\u00e1 sabemos sobre o Rock in Rio 2026<\/h3>\n\n\n\n<p class=\"wp-block-paragraph\">\u200bA edi\u00e7\u00e3o de 2026 ser\u00e1 realizada nos dias <strong>4, 5, 6, 7, 11, 12 e 13 de setembro<\/strong>. Al\u00e9m do &#8220;Dia do Rock&#8221;, o festival j\u00e1 conta com um line-up diversificado que mistura lendas da m\u00fasica e fen\u00f4menos atuais:<\/p>\n\n\n\n<ul class=\"wp-block-list\">\n<li>\u200b<strong>7 de setembro:<\/strong> Elton John (Headliner) e Gilberto Gil.<\/li>\n\n\n\n<li>\u200b<strong>11 de setembro:<\/strong> Stray Kids (Headliner) e Jamiroquai (Palco Sunset).<\/li>\n\n\n\n<li>\u200b<strong>12 de setembro:<\/strong> Maroon 5 (Headliner), Demi Lovato, Mumford &amp; Sons e Jo\u00e3o Gomes com Orquestra Brasileira.<\/li>\n<\/ul>\n\n\n\n<h3 class=\"wp-block-heading\">\u200bEstrutura e Ingressos<\/h3>\n\n\n\n<p class=\"wp-block-paragraph\">\u200bPara esta edi\u00e7\u00e3o, o festival promete uma <strong>nova cenografia no Palco Mundo<\/strong>, que ser\u00e1 totalmente revestido por pain\u00e9is de LED de alt\u00edssima defini\u00e7\u00e3o. Outra novidade celebrada \u00e9 o retorno do espet\u00e1culo a\u00e9reo <em>The Flight<\/em>.<\/p>\n\n\n\n<blockquote class=\"wp-block-quote is-layout-flow wp-block-quote-is-layout-flow\">\n<p class=\"wp-block-paragraph\">\u200b<strong>Aten\u00e7\u00e3o aos ingressos:<\/strong> O <em>Rock in Rio Card<\/em> esgotou em tempo recorde (apenas 56 minutos) em dezembro. No entanto, a organiza\u00e7\u00e3o informou que uma nova carga de ingressos para a <strong>venda geral<\/strong> ser\u00e1 disponibilizada em breve, com previs\u00e3o para o m\u00eas de abril.<\/p>\n<\/blockquote>\n","protected":false},"excerpt":{"rendered":"<p>O Rock in Rio acaba de incendiar as expectativas dos f\u00e3s de metal moderno. Na noite desta ter\u00e7a-feira (3), a organiza\u00e7\u00e3o do festival confirmou que [&#8230;]<\/p>\n","protected":false},"author":1,"featured_media":3234,"comment_status":"open","ping_status":"open","sticky":false,"template":"","format":"standard","meta":{"_crdt_document":"","_jetpack_memberships_contains_paid_content":false,"footnotes":"","jetpack_publicize_message":"","jetpack_publicize_feature_enabled":true,"jetpack_social_post_already_shared":true,"jetpack_social_options":{"image_generator_settings":{"template":"highway","default_image_id":0,"font":"","enabled":false},"version":2}},"categories":[31],"tags":[],"class_list":["post-3233","post","type-post","status-publish","format-standard","has-post-thumbnail","hentry","category-entretenimento"],"jetpack_publicize_connections":[],"jetpack_featured_media_url":"https:\/\/i0.wp.com\/oexpressobr.com.br\/wp-content\/uploads\/2026\/02\/IMG-20260204-WA0099.jpg?fit=1600%2C1066&ssl=1","jetpack_likes_enabled":true,"jetpack_sharing_enabled":true,"_links":{"self":[{"href":"https:\/\/oexpressobr.com.br\/index.php?rest_route=\/wp\/v2\/posts\/3233","targetHints":{"allow":["GET"]}}],"collection":[{"href":"https:\/\/oexpressobr.com.br\/index.php?rest_route=\/wp\/v2\/posts"}],"about":[{"href":"https:\/\/oexpressobr.com.br\/index.php?rest_route=\/wp\/v2\/types\/post"}],"author":[{"embeddable":true,"href":"https:\/\/oexpressobr.com.br\/index.php?rest_route=\/wp\/v2\/users\/1"}],"replies":[{"embeddable":true,"href":"https:\/\/oexpressobr.com.br\/index.php?rest_route=%2Fwp%2Fv2%2Fcomments&post=3233"}],"version-history":[{"count":1,"href":"https:\/\/oexpressobr.com.br\/index.php?rest_route=\/wp\/v2\/posts\/3233\/revisions"}],"predecessor-version":[{"id":3235,"href":"https:\/\/oexpressobr.com.br\/index.php?rest_route=\/wp\/v2\/posts\/3233\/revisions\/3235"}],"wp:featuredmedia":[{"embeddable":true,"href":"https:\/\/oexpressobr.com.br\/index.php?rest_route=\/wp\/v2\/media\/3234"}],"wp:attachment":[{"href":"https:\/\/oexpressobr.com.br\/index.php?rest_route=%2Fwp%2Fv2%2Fmedia&parent=3233"}],"wp:term":[{"taxonomy":"category","embeddable":true,"href":"https:\/\/oexpressobr.com.br\/index.php?rest_route=%2Fwp%2Fv2%2Fcategories&post=3233"},{"taxonomy":"post_tag","embeddable":true,"href":"https:\/\/oexpressobr.com.br\/index.php?rest_route=%2Fwp%2Fv2%2Ftags&post=3233"}],"curies":[{"name":"wp","href":"https:\/\/api.w.org\/{rel}","templated":true}]}}