{"id":3236,"date":"2026-02-04T12:40:58","date_gmt":"2026-02-04T15:40:58","guid":{"rendered":"https:\/\/oexpressobr.com.br\/?p=3236"},"modified":"2026-02-04T12:40:59","modified_gmt":"2026-02-04T15:40:59","slug":"justica-manda-diretor-da-papuda-avaliar-isolamento-de-pedro-turra-por-seguranca","status":"publish","type":"post","link":"https:\/\/oexpressobr.com.br\/?p=3236","title":{"rendered":"Justi\u00e7a manda diretor da Papuda avaliar isolamento de Pedro Turra por seguran\u00e7a"},"content":{"rendered":"\n<p class=\"wp-block-paragraph\">A Justi\u00e7a do Distrito Federal determinou que a dire\u00e7\u00e3o do Complexo Penitenci\u00e1rio da <strong>Papuda<\/strong> realize uma avalia\u00e7\u00e3o criteriosa sobre a necessidade de manter o piloto de automobilismo <strong>Pedro Arthur Turra Basso<\/strong>, de 19 anos, em uma cela individual. A medida visa garantir a integridade f\u00edsica do detento, que alega estar sofrendo amea\u00e7as de morte desde que foi transferido para a unidade prisional nesta segunda-feira (2).<\/p>\n\n\n\n<p class=\"wp-block-paragraph\">\u200bPedro Turra teve sua pris\u00e3o preventiva decretada ap\u00f3s ser investigado pela agress\u00e3o a um adolescente de 16 anos em Vicente Pires. O jovem agredido permanece em estado grave e em coma induzido h\u00e1 mais de dez dias.<\/p>\n\n\n\n<h3 class=\"wp-block-heading\">\u200bO Clamor por Seguran\u00e7a vs. Privil\u00e9gio<\/h3>\n\n\n\n<p class=\"wp-block-paragraph\">\u200bA defesa do piloto protocolou pedidos de cela privativa sob o argumento de &#8220;resguardo f\u00edsico&#8221;, citando supostas amea\u00e7as que teriam partido tanto de outros internos quanto de agentes de cust\u00f3dia.<\/p>\n\n\n\n<blockquote class=\"wp-block-quote is-layout-flow wp-block-quote-is-layout-flow\">\n<p class=\"wp-block-paragraph\">\u200b&#8221;O paciente n\u00e3o tem direito \u00e0 pris\u00e3o especial, mas o seu direito sob encarceramento \u00e9 o de ter inc\u00f3lume sua integridade f\u00edsica&#8221;, afirmou o desembargador Diaulas Costa Ribeiro ao negar um habeas corpus anterior, refor\u00e7ando que a seguran\u00e7a deve ser garantida sem configurar privil\u00e9gios indevidos.<\/p>\n<\/blockquote>\n\n\n\n<p class=\"wp-block-paragraph\">\u200bPor outro lado, a assist\u00eancia de acusa\u00e7\u00e3o e a fam\u00edlia da v\u00edtima criticam a possibilidade de isolamento, classificando-a como um &#8220;tratamento diferenciado&#8221; que afronta o sentimento de justi\u00e7a.<\/p>\n\n\n\n<h3 class=\"wp-block-heading\">\u200bDetalhes das Investiga\u00e7\u00f5es<\/h3>\n\n\n\n<p class=\"wp-block-paragraph\">\u200bAs autoridades policiais revelaram novos elementos que complicam a situa\u00e7\u00e3o do piloto:<\/p>\n\n\n\n<ul class=\"wp-block-list\">\n<li>\u200b<strong>Apreens\u00f5es:<\/strong> Durante buscas em endere\u00e7os ligados a Turra, a pol\u00edcia encontrou objetos como <strong>facas e um soco ingl\u00eas<\/strong>, que seriam utilizados para intimidar terceiros.<\/li>\n\n\n\n<li>\u200b<strong>Hist\u00f3rico:<\/strong> Al\u00e9m do caso atual, o piloto \u00e9 investigado em outros quatro inqu\u00e9ritos por agress\u00f5es e comportamento violento.<\/li>\n\n\n\n<li>\u200b<strong>Desligamento:<\/strong> A organiza\u00e7\u00e3o da <strong>F\u00f3rmula Delta<\/strong>, categoria em que o jovem competia, anunciou seu desligamento oficial, declarando que n\u00e3o compactua com qualquer forma de viol\u00eancia.<\/li>\n<\/ul>\n\n\n\n<h3 class=\"wp-block-heading\">\u200bQuadro Cl\u00ednico da V\u00edtima<\/h3>\n\n\n\n<p class=\"wp-block-paragraph\">\u200bO adolescente Rodrigo Helbingen segue internado no Hospital Bras\u00edlia. A fam\u00edlia realiza correntes de ora\u00e7\u00e3o e aguarda a evolu\u00e7\u00e3o do quadro cl\u00ednico para a realiza\u00e7\u00e3o de procedimentos como a traqueostomia, necess\u00e1ria devido ao longo tempo de intuba\u00e7\u00e3o.<\/p>\n","protected":false},"excerpt":{"rendered":"<p>A Justi\u00e7a do Distrito Federal determinou que a dire\u00e7\u00e3o do Complexo Penitenci\u00e1rio da Papuda realize uma avalia\u00e7\u00e3o criteriosa sobre a necessidade de manter o piloto [&#8230;]<\/p>\n","protected":false},"author":1,"featured_media":3237,"comment_status":"open","ping_status":"open","sticky":false,"template":"","format":"standard","meta":{"_crdt_document":"","_jetpack_memberships_contains_paid_content":false,"footnotes":"","jetpack_publicize_message":"","jetpack_publicize_feature_enabled":true,"jetpack_social_post_already_shared":true,"jetpack_social_options":{"image_generator_settings":{"template":"highway","default_image_id":0,"font":"","enabled":false},"version":2}},"categories":[9],"tags":[],"class_list":["post-3236","post","type-post","status-publish","format-standard","has-post-thumbnail","hentry","category-policia"],"jetpack_publicize_connections":[],"jetpack_featured_media_url":"https:\/\/i0.wp.com\/oexpressobr.com.br\/wp-content\/uploads\/2026\/02\/IMG-20260204-WA0103.jpg?fit=1280%2C720&ssl=1","jetpack_likes_enabled":true,"jetpack_sharing_enabled":true,"_links":{"self":[{"href":"https:\/\/oexpressobr.com.br\/index.php?rest_route=\/wp\/v2\/posts\/3236","targetHints":{"allow":["GET"]}}],"collection":[{"href":"https:\/\/oexpressobr.com.br\/index.php?rest_route=\/wp\/v2\/posts"}],"about":[{"href":"https:\/\/oexpressobr.com.br\/index.php?rest_route=\/wp\/v2\/types\/post"}],"author":[{"embeddable":true,"href":"https:\/\/oexpressobr.com.br\/index.php?rest_route=\/wp\/v2\/users\/1"}],"replies":[{"embeddable":true,"href":"https:\/\/oexpressobr.com.br\/index.php?rest_route=%2Fwp%2Fv2%2Fcomments&post=3236"}],"version-history":[{"count":1,"href":"https:\/\/oexpressobr.com.br\/index.php?rest_route=\/wp\/v2\/posts\/3236\/revisions"}],"predecessor-version":[{"id":3238,"href":"https:\/\/oexpressobr.com.br\/index.php?rest_route=\/wp\/v2\/posts\/3236\/revisions\/3238"}],"wp:featuredmedia":[{"embeddable":true,"href":"https:\/\/oexpressobr.com.br\/index.php?rest_route=\/wp\/v2\/media\/3237"}],"wp:attachment":[{"href":"https:\/\/oexpressobr.com.br\/index.php?rest_route=%2Fwp%2Fv2%2Fmedia&parent=3236"}],"wp:term":[{"taxonomy":"category","embeddable":true,"href":"https:\/\/oexpressobr.com.br\/index.php?rest_route=%2Fwp%2Fv2%2Fcategories&post=3236"},{"taxonomy":"post_tag","embeddable":true,"href":"https:\/\/oexpressobr.com.br\/index.php?rest_route=%2Fwp%2Fv2%2Ftags&post=3236"}],"curies":[{"name":"wp","href":"https:\/\/api.w.org\/{rel}","templated":true}]}}