{"id":3245,"date":"2026-02-05T08:34:06","date_gmt":"2026-02-05T11:34:06","guid":{"rendered":"https:\/\/oexpressobr.com.br\/?p=3245"},"modified":"2026-02-05T08:34:08","modified_gmt":"2026-02-05T11:34:08","slug":"assembleia-itinerante-abre-agenda-de-2026-em-arapongas-com-foco-em-saude-e-setor-moveleiro","status":"publish","type":"post","link":"https:\/\/oexpressobr.com.br\/?p=3245","title":{"rendered":"Assembleia Itinerante abre agenda de 2026 em Arapongas com foco em sa\u00fade e setor moveleiro"},"content":{"rendered":"\n<p class=\"wp-block-paragraph\"><strong>Arapongas<\/strong> \u2013 A Assembleia Legislativa do Paran\u00e1 (ALEP) deu in\u00edcio ao calend\u00e1rio de 2026 do projeto Assembleia Itinerante nesta quarta-feira (4), em Arapongas, no Norte do Estado. A sess\u00e3o solene, realizada no Centro de Eventos Expoara durante a feira <strong>Movelpar Home Show<\/strong>, reuniu parlamentares, lideran\u00e7as regionais e a comunidade para a entrega de honrarias e a coleta de reivindica\u00e7\u00f5es locais.<\/p>\n\n\n\n<p class=\"wp-block-paragraph\">O evento foi marcado pela presta\u00e7\u00e3o de contas do presidente da Assembleia, <strong>Alexandre Curi (PSD)<\/strong>, que destacou a inaugura\u00e7\u00e3o de uma nova unidade no <strong>Hospital Nossa Senhora de F\u00e1tima<\/strong>. A estrutura conta com 51 novos leitos viabilizados por meio de recursos conjuntos entre o Governo do Estado e a Assembleia Legislativa, atendendo a uma demanda hist\u00f3rica da regi\u00e3o.<\/p>\n\n\n\n<h3 class=\"wp-block-heading\">Aproxima\u00e7\u00e3o e resultados<\/h3>\n\n\n\n<p class=\"wp-block-paragraph\">Segundo Alexandre Curi, a presen\u00e7a do Legislativo no interior \u00e9 fundamental para a efetividade das pol\u00edticas p\u00fablicas. &#8220;Estamos aqui para prestar contas e ouvir. Essa nova unidade hospitalar foi fruto de demandas levantadas em visitas anteriores. Vamos continuar trabalhando para fortalecer todos os munic\u00edpios do Paran\u00e1&#8221;, afirmou o presidente.<\/p>\n\n\n\n<p class=\"wp-block-paragraph\">A 1\u00aa vice-presidente da Casa, deputada <strong>Flavia Francischini (Uni\u00e3o)<\/strong>, refor\u00e7ou o car\u00e1ter municipalista da gest\u00e3o, enfatizando que estar pr\u00f3ximo da popula\u00e7\u00e3o permite um diagn\u00f3stico mais preciso das necessidades de cada localidade. O prefeito de Arapongas, <strong>Rafael Cita<\/strong>, celebrou a escolha da cidade para abrir o ciclo de 2026, destacando a import\u00e2ncia da parceria entre o munic\u00edpio e o Parlamento Estadual.<\/p>\n\n\n\n<h3 class=\"wp-block-heading\">Homenagens e o setor moveleiro<\/h3>\n\n\n\n<p class=\"wp-block-paragraph\">A escolha da Movelpar Home Show como sede da 37\u00aa edi\u00e7\u00e3o do projeto n\u00e3o foi por acaso. Arapongas \u00e9 reconhecida como um dos maiores polos moveleiros do pa\u00eds, e a feira \u00e9 a principal vitrine do setor no in\u00edcio do ano. Durante a solenidade, a Assembleia homenageou personalidades, empresas e entidades que contribuem para o desenvolvimento socioecon\u00f4mico da regi\u00e3o.<\/p>\n\n\n\n<p class=\"wp-block-paragraph\">Entre os homenageados, destacaram-se as fundadoras da <strong>AMAA (Associa\u00e7\u00e3o de Pais e Amigos dos Autistas)<\/strong> e membros das for\u00e7as de seguran\u00e7a, como policiais militares e equipes do <strong>GOST<\/strong> e <strong>COSMO<\/strong>, reconhecidos pela atua\u00e7\u00e3o em opera\u00e7\u00f5es de resgate.<\/p>\n\n\n\n<h3 class=\"wp-block-heading\">Pr\u00f3ximos passos<\/h3>\n\n\n\n<p class=\"wp-block-paragraph\">A Assembleia Itinerante, criada em 2023, j\u00e1 registrou mais de 7,5 mil reivindica\u00e7\u00f5es em suas edi\u00e7\u00f5es anteriores. O objetivo agora \u00e9 converter as novas demandas coletadas em Arapongas em projetos de lei, requerimentos e indica\u00e7\u00f5es ao Poder Executivo, garantindo que as vozes da regi\u00e3o Norte continuem ecoando no Pal\u00e1cio Igua\u00e7u e na sede do Legislativo em Curitiba.<\/p>\n","protected":false},"excerpt":{"rendered":"<p>Arapongas \u2013 A Assembleia Legislativa do Paran\u00e1 (ALEP) deu in\u00edcio ao calend\u00e1rio de 2026 do projeto Assembleia Itinerante nesta quarta-feira (4), em Arapongas, no Norte [&#8230;]<\/p>\n","protected":false},"author":1,"featured_media":3246,"comment_status":"open","ping_status":"open","sticky":false,"template":"","format":"standard","meta":{"_crdt_document":"","_jetpack_memberships_contains_paid_content":false,"footnotes":"","jetpack_publicize_message":"","jetpack_publicize_feature_enabled":true,"jetpack_social_post_already_shared":true,"jetpack_social_options":{"image_generator_settings":{"template":"highway","default_image_id":0,"font":"","enabled":false},"version":2}},"categories":[46],"tags":[],"class_list":["post-3245","post","type-post","status-publish","format-standard","has-post-thumbnail","hentry","category-cidades"],"jetpack_publicize_connections":[],"jetpack_featured_media_url":"https:\/\/i0.wp.com\/oexpressobr.com.br\/wp-content\/uploads\/2026\/02\/XCQj7ciHvE00Im0qtW42ohwJMy755apGwJE1etTB.jpg?fit=863%2C485&ssl=1","jetpack_likes_enabled":true,"jetpack_sharing_enabled":true,"_links":{"self":[{"href":"https:\/\/oexpressobr.com.br\/index.php?rest_route=\/wp\/v2\/posts\/3245","targetHints":{"allow":["GET"]}}],"collection":[{"href":"https:\/\/oexpressobr.com.br\/index.php?rest_route=\/wp\/v2\/posts"}],"about":[{"href":"https:\/\/oexpressobr.com.br\/index.php?rest_route=\/wp\/v2\/types\/post"}],"author":[{"embeddable":true,"href":"https:\/\/oexpressobr.com.br\/index.php?rest_route=\/wp\/v2\/users\/1"}],"replies":[{"embeddable":true,"href":"https:\/\/oexpressobr.com.br\/index.php?rest_route=%2Fwp%2Fv2%2Fcomments&post=3245"}],"version-history":[{"count":1,"href":"https:\/\/oexpressobr.com.br\/index.php?rest_route=\/wp\/v2\/posts\/3245\/revisions"}],"predecessor-version":[{"id":3247,"href":"https:\/\/oexpressobr.com.br\/index.php?rest_route=\/wp\/v2\/posts\/3245\/revisions\/3247"}],"wp:featuredmedia":[{"embeddable":true,"href":"https:\/\/oexpressobr.com.br\/index.php?rest_route=\/wp\/v2\/media\/3246"}],"wp:attachment":[{"href":"https:\/\/oexpressobr.com.br\/index.php?rest_route=%2Fwp%2Fv2%2Fmedia&parent=3245"}],"wp:term":[{"taxonomy":"category","embeddable":true,"href":"https:\/\/oexpressobr.com.br\/index.php?rest_route=%2Fwp%2Fv2%2Fcategories&post=3245"},{"taxonomy":"post_tag","embeddable":true,"href":"https:\/\/oexpressobr.com.br\/index.php?rest_route=%2Fwp%2Fv2%2Ftags&post=3245"}],"curies":[{"name":"wp","href":"https:\/\/api.w.org\/{rel}","templated":true}]}}