{"id":3248,"date":"2026-02-05T08:54:42","date_gmt":"2026-02-05T11:54:42","guid":{"rendered":"https:\/\/oexpressobr.com.br\/?p=3248"},"modified":"2026-02-05T08:54:44","modified_gmt":"2026-02-05T11:54:44","slug":"greca-desponta-como-plano-b-de-ricardo-barros-para-o-governo-do-parana-apos-veto-a-moro","status":"publish","type":"post","link":"https:\/\/oexpressobr.com.br\/?p=3248","title":{"rendered":"Greca desponta como plano B de Ricardo Barros para o governo do Paran\u00e1 ap\u00f3s veto a Moro"},"content":{"rendered":"\n<p class=\"wp-block-paragraph\">A sucess\u00e3o estadual no Paran\u00e1 em 2026 acaba de ganhar novos contornos dram\u00e1ticos. Com a decis\u00e3o un\u00e2nime do <strong>Progressistas (PP)<\/strong> de vetar o apoio \u00e0 candidatura de <strong>Sergio Moro (Uni\u00e3o Brasil)<\/strong> ao Pal\u00e1cio Igua\u00e7u, o l\u00edder do partido, <strong>Ricardo Barros<\/strong>, passou a articular abertamente o nome de <strong>Rafael Greca<\/strong> como a alternativa vi\u00e1vel para liderar a chapa.<\/p>\n\n\n\n<p class=\"wp-block-paragraph\">O movimento n\u00e3o \u00e9 apenas uma troca de nomes, mas uma estrat\u00e9gia para isolar Moro, que agora se v\u00ea diante de um ultimato: ou conquista o apoio do PP \u2014 tarefa que Barros classifica como &#8220;remar bastante&#8221; \u2014 ou precisar\u00e1 buscar outra legenda para viabilizar sua candidatura.<\/p>\n\n\n\n<h3 class=\"wp-block-heading\">Greca: O fator de desequil\u00edbrio entre Ratinho e a oposi\u00e7\u00e3o interna<\/h3>\n\n\n\n<p class=\"wp-block-paragraph\">A grande inc\u00f3gnita que paira sobre o Centro C\u00edvico \u00e9 a real posi\u00e7\u00e3o de Greca no tabuleiro de <strong>Ratinho Junior<\/strong>. Embora Greca tenha se filiado ao <strong>PSD<\/strong> (partido do governador) e atualmente ocupe a <strong>Secretaria Estadual de Desenvolvimento Sustent\u00e1vel<\/strong>, a rela\u00e7\u00e3o entre os dois \u00e9 marcada por uma &#8220;cordialidade estrat\u00e9gica&#8221; que esconde tens\u00f5es latentes.<\/p>\n\n\n\n<ul class=\"wp-block-list\">\n<li><strong>A Predile\u00e7\u00e3o do Governador:<\/strong> Nos bastidores, Ratinho Junior tem demonstrado prefer\u00eancia por nomes como <strong>Guto Silva<\/strong> (Secret\u00e1rio das Cidades) ou <strong>Alexandre Curi<\/strong> (Presidente da Assembleia Legislativa) para sua sucess\u00e3o.<\/li>\n\n\n\n<li><strong>A &#8220;Dor de Cabe\u00e7a&#8221;:<\/strong> Greca \u00e9 um nome pesado, com alta aprova\u00e7\u00e3o em Curitiba e lideran\u00e7a nas pesquisas \u2014 aparecendo tecnicamente empatado com Moro em levantamentos recentes. Para Ratinho, Greca \u00e9 um aliado que &#8220;n\u00e3o pode ser inimigo&#8221;, mas que tamb\u00e9m n\u00e3o \u00e9 o sucessor natural dos sonhos do grupo palaciano.<\/li>\n<\/ul>\n\n\n\n<h3 class=\"wp-block-heading\">Mudan\u00e7a real ou continuidade disfar\u00e7ada?<\/h3>\n\n\n\n<p class=\"wp-block-paragraph\">A d\u00favida levantada por analistas e opositores foca na ess\u00eancia do projeto pol\u00edtico. Se Greca avan\u00e7ar com o apoio de Ricardo Barros (que rompeu com a condu\u00e7\u00e3o atual da federa\u00e7\u00e3o com o Uni\u00e3o Brasil), ele se apresentar\u00e1 como:<\/p>\n\n\n\n<ol start=\"1\" class=\"wp-block-list\">\n<li><strong>O Candidato da Continuidade:<\/strong> Mantendo as bases do atual governo, mas sob uma roupagem mais experiente e t\u00e9cnica.<\/li>\n\n\n\n<li><strong>O Nome da Ruptura &#8220;Suave&#8221;:<\/strong> Um projeto que, embora nascido no seio do atual governo, ganha vida pr\u00f3pria atrav\u00e9s da articula\u00e7\u00e3o de Barros, distanciando-se do &#8220;Ratinhismo&#8221; puro.<\/li>\n<\/ol>\n\n\n\n<figure class=\"wp-block-table\"><table class=\"has-fixed-layout\"><thead><tr><td><strong>Cen\u00e1rio Atual<\/strong><\/td><td><strong>Impacto Pol\u00edtico<\/strong><\/td><\/tr><\/thead><tbody><tr><td><strong>Sergio Moro<\/strong><\/td><td>Isolado pela federa\u00e7\u00e3o PP-Uni\u00e3o; risco de ficar sem legenda para o governo.<\/td><\/tr><tr><td><strong>Rafael Greca<\/strong><\/td><td>Candidato &#8220;em espera&#8221;; possui recall popular, mas precisa de legenda garantida.<\/td><\/tr><tr><td><strong>Ricardo Barros<\/strong><\/td><td>Atua como o &#8220;fiel da balan\u00e7a&#8221;, tentando atrair Greca para o seu raio de influ\u00eancia.<\/td><\/tr><\/tbody><\/table><\/figure>\n\n\n\n<hr class=\"wp-block-separator has-alpha-channel-opacity\"\/>\n\n\n\n<blockquote class=\"wp-block-quote is-layout-flow wp-block-quote-is-layout-flow\">\n<p class=\"wp-block-paragraph\">&#8220;Ele senta, conversa, mas n\u00e3o converte ningu\u00e9m&#8221;, disparou Ricardo Barros sobre Sergio Moro, sinalizando que a porta para o ex-juiz no grupo liderado pelo PP est\u00e1, por ora, trancada.<\/p>\n<\/blockquote>\n\n\n\n<p class=\"wp-block-paragraph\">A movimenta\u00e7\u00e3o de Greca para a secretaria estadual foi lida por muitos como uma forma de Ratinho Junior mant\u00ea-lo sob controle. No entanto, o convite de Barros para que ele lidere a chapa pode ser o empurr\u00e3o que faltava para Greca decidir se continuar\u00e1 sendo um &#8220;soldado do grupo&#8221; ou se assumir\u00e1 o protagonismo de um projeto que pode, sim, confrontar os planos originais do atual governador<\/p>\n","protected":false},"excerpt":{"rendered":"<p>A sucess\u00e3o estadual no Paran\u00e1 em 2026 acaba de ganhar novos contornos dram\u00e1ticos. Com a decis\u00e3o un\u00e2nime do Progressistas (PP) de vetar o apoio \u00e0 [&#8230;]<\/p>\n","protected":false},"author":1,"featured_media":3249,"comment_status":"open","ping_status":"open","sticky":false,"template":"","format":"standard","meta":{"_crdt_document":"","_jetpack_memberships_contains_paid_content":false,"footnotes":"","jetpack_publicize_message":"","jetpack_publicize_feature_enabled":true,"jetpack_social_post_already_shared":true,"jetpack_social_options":{"image_generator_settings":{"template":"highway","default_image_id":0,"font":"","enabled":false},"version":2}},"categories":[5],"tags":[],"class_list":["post-3248","post","type-post","status-publish","format-standard","has-post-thumbnail","hentry","category-parana"],"jetpack_publicize_connections":[],"jetpack_featured_media_url":"https:\/\/i0.wp.com\/oexpressobr.com.br\/wp-content\/uploads\/2026\/02\/626441857_18097501991511469_6141425370760629436_n.jpg?fit=1438%2C824&ssl=1","jetpack_likes_enabled":true,"jetpack_sharing_enabled":true,"_links":{"self":[{"href":"https:\/\/oexpressobr.com.br\/index.php?rest_route=\/wp\/v2\/posts\/3248","targetHints":{"allow":["GET"]}}],"collection":[{"href":"https:\/\/oexpressobr.com.br\/index.php?rest_route=\/wp\/v2\/posts"}],"about":[{"href":"https:\/\/oexpressobr.com.br\/index.php?rest_route=\/wp\/v2\/types\/post"}],"author":[{"embeddable":true,"href":"https:\/\/oexpressobr.com.br\/index.php?rest_route=\/wp\/v2\/users\/1"}],"replies":[{"embeddable":true,"href":"https:\/\/oexpressobr.com.br\/index.php?rest_route=%2Fwp%2Fv2%2Fcomments&post=3248"}],"version-history":[{"count":1,"href":"https:\/\/oexpressobr.com.br\/index.php?rest_route=\/wp\/v2\/posts\/3248\/revisions"}],"predecessor-version":[{"id":3250,"href":"https:\/\/oexpressobr.com.br\/index.php?rest_route=\/wp\/v2\/posts\/3248\/revisions\/3250"}],"wp:featuredmedia":[{"embeddable":true,"href":"https:\/\/oexpressobr.com.br\/index.php?rest_route=\/wp\/v2\/media\/3249"}],"wp:attachment":[{"href":"https:\/\/oexpressobr.com.br\/index.php?rest_route=%2Fwp%2Fv2%2Fmedia&parent=3248"}],"wp:term":[{"taxonomy":"category","embeddable":true,"href":"https:\/\/oexpressobr.com.br\/index.php?rest_route=%2Fwp%2Fv2%2Fcategories&post=3248"},{"taxonomy":"post_tag","embeddable":true,"href":"https:\/\/oexpressobr.com.br\/index.php?rest_route=%2Fwp%2Fv2%2Ftags&post=3248"}],"curies":[{"name":"wp","href":"https:\/\/api.w.org\/{rel}","templated":true}]}}