{"id":3251,"date":"2026-02-05T09:05:03","date_gmt":"2026-02-05T12:05:03","guid":{"rendered":"https:\/\/oexpressobr.com.br\/?p=3251"},"modified":"2026-02-05T09:05:04","modified_gmt":"2026-02-05T12:05:04","slug":"ratinho-processa-facebook-e-ex-candidato-gabriel-bertolucci-por-videos-sobre-resort-tayaya","status":"publish","type":"post","link":"https:\/\/oexpressobr.com.br\/?p=3251","title":{"rendered":"Ratinho processa Facebook e ex-candidato Gabriel Bertolucci por v\u00eddeos sobre resort Tayay\u00e1"},"content":{"rendered":"\n<p class=\"wp-block-paragraph\">O apresentador Carlos Massa, o <strong>Ratinho<\/strong>, acionou a Justi\u00e7a paranaense contra a plataforma <strong>Facebook<\/strong> e o ex-candidato a vereador <strong>Gabriel Bertolucci<\/strong> (Miss\u00e3o). A a\u00e7\u00e3o busca a remo\u00e7\u00e3o de conte\u00fados publicados nas redes sociais que vinculam o comunicador e sua fam\u00edlia ao empreendimento <strong>Tayay\u00e1 Porto Rico<\/strong>, localizado no Noroeste do Paran\u00e1.<\/p>\n\n\n\n<p class=\"wp-block-paragraph\">At\u00e9 o momento, o Tribunal de Justi\u00e7a do Paran\u00e1 (<strong>TJ-PR<\/strong>) negou os pedidos de liminar para a retirada imediata dos v\u00eddeos, tanto em primeira quanto em segunda inst\u00e2ncia. A justi\u00e7a entendeu que, por ora, n\u00e3o h\u00e1 elementos que justifiquem a censura pr\u00e9via, mantendo a an\u00e1lise do m\u00e9rito para o decorrer do processo.<\/p>\n\n\n\n<h3 class=\"wp-block-heading\">As alega\u00e7\u00f5es de Gabriel Bertolucci<\/h3>\n\n\n\n<p class=\"wp-block-paragraph\">Nos v\u00eddeos que motivaram a disputa judicial, Bertolucci estabelece uma conex\u00e3o entre o apresentador, o setor imobili\u00e1rio e o sistema financeiro. Os principais pontos levantados pelo ex-candidato incluem:<\/p>\n\n\n\n<ul class=\"wp-block-list\">\n<li><strong>Sociedade no Resort:<\/strong> A afirma\u00e7\u00e3o de que a fam\u00edlia do ministro Dias Toffoli seria s\u00f3cia do projeto junto \u00e0 <strong>SM Holding<\/strong>.<\/li>\n\n\n\n<li><strong>V\u00ednculos com o Banco Master:<\/strong> Segundo Bertolucci, os investimentos para a constru\u00e7\u00e3o do resort estariam alocados em fundos associados ao <strong>Banco Master<\/strong>, que teria liga\u00e7\u00f5es com propriet\u00e1rios da SM Holding pr\u00f3ximos a Ratinho.<\/li>\n\n\n\n<li><strong>Questionamento Pol\u00edtico:<\/strong> O autor do v\u00eddeo utiliza as supostas conex\u00f5es para questionar o sil\u00eancio do governador do Paran\u00e1, Ratinho Jr., sobre investiga\u00e7\u00f5es de corrup\u00e7\u00e3o no estado.<\/li>\n<\/ul>\n\n\n\n<h3 class=\"wp-block-heading\">A defesa e o cen\u00e1rio jur\u00eddico<\/h3>\n\n\n\n<p class=\"wp-block-paragraph\">A defesa do apresentador sustenta que as informa\u00e7\u00f5es s\u00e3o distorcidas e visam prejudicar a imagem de Ratinho ao associ\u00e1-lo a esc\u00e2ndalos sem provas concretas. Embora as liminares tenham sido negadas \u2014 sob o argumento de preserva\u00e7\u00e3o da <strong>liberdade de express\u00e3o<\/strong> e necessidade de ampla defesa \u2014 o processo segue seu rito normal.<\/p>\n\n\n\n<blockquote class=\"wp-block-quote is-layout-flow wp-block-quote-is-layout-flow\">\n<p class=\"wp-block-paragraph\">&#8220;A justi\u00e7a brasileira tem sido cautelosa na remo\u00e7\u00e3o de conte\u00fado antes do julgamento final, priorizando o debate p\u00fablico, a menos que haja evidente crime de cal\u00fania ou difama\u00e7\u00e3o comprovado de plano.&#8221;<\/p>\n<\/blockquote>\n\n\n\n<h3 class=\"wp-block-heading\">Situa\u00e7\u00e3o Atual<\/h3>\n\n\n\n<figure class=\"wp-block-table\"><table class=\"has-fixed-layout\"><thead><tr><td><strong>Envolvido<\/strong><\/td><td><strong>Status na A\u00e7\u00e3o<\/strong><\/td><\/tr><\/thead><tbody><tr><td><strong>Ratinho<\/strong><\/td><td>Autor (pede remo\u00e7\u00e3o de v\u00eddeos e danos morais)<\/td><\/tr><tr><td><strong>Gabriel Bertolucci<\/strong><\/td><td>R\u00e9u (mant\u00e9m as publica\u00e7\u00f5es no ar)<\/td><\/tr><tr><td><strong>Facebook<\/strong><\/td><td>R\u00e9u (citado para cumprimento de eventual remo\u00e7\u00e3o)<\/td><\/tr><tr><td><strong>TJ-PR<\/strong><\/td><td>Negou liminar; m\u00e9rito ainda ser\u00e1 julgado<\/td><\/tr><\/tbody><\/table><\/figure>\n\n\n\n<p class=\"wp-block-paragraph\">O caso agora entra na fase de instru\u00e7\u00e3o, onde as partes dever\u00e3o apresentar provas documentais sobre a estrutura societ\u00e1ria do resort e a veracidade (ou falta dela) nas afirma\u00e7\u00f5es de Bertolucci.<\/p>\n","protected":false},"excerpt":{"rendered":"<p>O apresentador Carlos Massa, o Ratinho, acionou a Justi\u00e7a paranaense contra a plataforma Facebook e o ex-candidato a vereador Gabriel Bertolucci (Miss\u00e3o). A a\u00e7\u00e3o busca [&#8230;]<\/p>\n","protected":false},"author":1,"featured_media":3252,"comment_status":"open","ping_status":"open","sticky":false,"template":"","format":"standard","meta":{"_crdt_document":"","_jetpack_memberships_contains_paid_content":false,"footnotes":"","jetpack_publicize_message":"","jetpack_publicize_feature_enabled":true,"jetpack_social_post_already_shared":true,"jetpack_social_options":{"image_generator_settings":{"template":"highway","default_image_id":0,"font":"","enabled":false},"version":2}},"categories":[14],"tags":[],"class_list":["post-3251","post","type-post","status-publish","format-standard","has-post-thumbnail","hentry","category-famosos"],"jetpack_publicize_connections":[],"jetpack_featured_media_url":"https:\/\/i0.wp.com\/oexpressobr.com.br\/wp-content\/uploads\/2026\/02\/Ratinho-SBT-2.jpg?fit=720%2C399&ssl=1","jetpack_likes_enabled":true,"jetpack_sharing_enabled":true,"_links":{"self":[{"href":"https:\/\/oexpressobr.com.br\/index.php?rest_route=\/wp\/v2\/posts\/3251","targetHints":{"allow":["GET"]}}],"collection":[{"href":"https:\/\/oexpressobr.com.br\/index.php?rest_route=\/wp\/v2\/posts"}],"about":[{"href":"https:\/\/oexpressobr.com.br\/index.php?rest_route=\/wp\/v2\/types\/post"}],"author":[{"embeddable":true,"href":"https:\/\/oexpressobr.com.br\/index.php?rest_route=\/wp\/v2\/users\/1"}],"replies":[{"embeddable":true,"href":"https:\/\/oexpressobr.com.br\/index.php?rest_route=%2Fwp%2Fv2%2Fcomments&post=3251"}],"version-history":[{"count":1,"href":"https:\/\/oexpressobr.com.br\/index.php?rest_route=\/wp\/v2\/posts\/3251\/revisions"}],"predecessor-version":[{"id":3253,"href":"https:\/\/oexpressobr.com.br\/index.php?rest_route=\/wp\/v2\/posts\/3251\/revisions\/3253"}],"wp:featuredmedia":[{"embeddable":true,"href":"https:\/\/oexpressobr.com.br\/index.php?rest_route=\/wp\/v2\/media\/3252"}],"wp:attachment":[{"href":"https:\/\/oexpressobr.com.br\/index.php?rest_route=%2Fwp%2Fv2%2Fmedia&parent=3251"}],"wp:term":[{"taxonomy":"category","embeddable":true,"href":"https:\/\/oexpressobr.com.br\/index.php?rest_route=%2Fwp%2Fv2%2Fcategories&post=3251"},{"taxonomy":"post_tag","embeddable":true,"href":"https:\/\/oexpressobr.com.br\/index.php?rest_route=%2Fwp%2Fv2%2Ftags&post=3251"}],"curies":[{"name":"wp","href":"https:\/\/api.w.org\/{rel}","templated":true}]}}