{"id":3260,"date":"2026-02-05T12:20:41","date_gmt":"2026-02-05T15:20:41","guid":{"rendered":"https:\/\/oexpressobr.com.br\/?p=3260"},"modified":"2026-02-05T12:20:42","modified_gmt":"2026-02-05T15:20:42","slug":"ditaduras-do-cone-sul-celebram-50-anos-da-operacao-condor-sob-novas-investigacoes-e-identificacoes-forenses","status":"publish","type":"post","link":"https:\/\/oexpressobr.com.br\/?p=3260","title":{"rendered":"DITADURAS DO Cone Sul celebram 50 anos da Opera\u00e7\u00e3o Condor sob novas investiga\u00e7\u00f5es e identifica\u00e7\u00f5es forenses"},"content":{"rendered":"\n<p class=\"wp-block-paragraph\">O que come\u00e7ou como uma &#8220;reuni\u00e3o de trabalho&#8221; secreta entre os dias 25 e 29 de novembro de 1975, na Academia de Guerra do Ex\u00e9rcito do Chile, consolidou-se como a mais sofisticada rede de terrorismo de Estado da Am\u00e9rica Latina. Meio s\u00e9culo ap\u00f3s o encontro liderado por Manuel Contreras Sep\u00falveda, chefe da pol\u00edcia secreta chilena (DINA), a Opera\u00e7\u00e3o Condor volta ao centro do debate p\u00fablico com novas descobertas forenses e campanhas de mem\u00f3ria que tentam preencher as lacunas deixadas por d\u00e9cadas de sil\u00eancio.<\/p>\n\n\n\n<h3 class=\"wp-block-heading\">\u200bO &#8220;Ninho do P\u00e1ssaro&#8221;: A origem do pacto<\/h3>\n\n\n\n<p class=\"wp-block-paragraph\">\u200bOrganizada pessoalmente por Contreras \u2014 bra\u00e7o direito do ditador Augusto Pinochet \u2014, a confer\u00eancia em Santiago reuniu c\u00fapulas de intelig\u00eancia da Argentina, Bol\u00edvia, Chile, Paraguai e Uruguai (com a ades\u00e3o posterior do Brasil e de outros pa\u00edses). O objetivo era claro: formalizar uma guerra transnacional contra a &#8220;subvers\u00e3o&#8221;.<\/p>\n\n\n\n<p class=\"wp-block-paragraph\">\u200bDocumentos desclassificados recentemente e analisados por historiadores refor\u00e7am que o Brasil, embora inicialmente tenha mantido uma postura de &#8220;observador cauteloso&#8221; para preservar sua soberania, foi pe\u00e7a fundamental no suporte log\u00edstico e na troca de informa\u00e7\u00f5es que permitiram o sequestro de opositores em solo estrangeiro.<\/p>\n\n\n\n<h3 class=\"wp-block-heading\">\u200bNovidades: Identifica\u00e7\u00e3o de v\u00edtimas e avan\u00e7os judiciais (2024-2025)<\/h3>\n\n\n\n<p class=\"wp-block-paragraph\">\u200bA passagem dos 50 anos da opera\u00e7\u00e3o, celebrada em f\u00f3runs internacionais em 2024 e 2025, trouxe avan\u00e7os significativos para as fam\u00edlias dos desaparecidos:<\/p>\n\n\n\n<ul class=\"wp-block-list\">\n<li>\u200b<strong>O Caso Ten\u00f3rio Jr.:<\/strong> Em setembro de 2024, a Equipe Argentina de Antropologia Forense (EAAF) utilizou novas t\u00e9cnicas de an\u00e1lise de impress\u00f5es digitais para confirmar detalhes sobre o paradeiro do pianista brasileiro Francisco Ten\u00f3rio J\u00fanior, desaparecido em Buenos Aires em 1976. O caso \u00e9 um dos s\u00edmbolos da letalidade do Condor contra civis sem milit\u00e2ncia armada.<\/li>\n\n\n\n<li>\u200b<strong>Certid\u00f5es de \u00d3bito Retificadas:<\/strong> No Brasil, em dezembro de 2025, o Minist\u00e9rio dos Direitos Humanos e da Cidadania (MDHC) entregou novas certid\u00f5es de \u00f3bito a familiares de v\u00edtimas da ditadura. Os documentos agora registram oficialmente a responsabilidade do Estado e a natureza pol\u00edtica das mortes, um passo crucial para a repara\u00e7\u00e3o hist\u00f3rica.<\/li>\n\n\n\n<li>\u200b<strong>O &#8220;Arquivo do Terror&#8221; no Paraguai:<\/strong> Pesquisas recentes em documentos encontrados no Paraguai revelaram que a colabora\u00e7\u00e3o entre as ditaduras era ainda mais intensa antes mesmo da reuni\u00e3o oficial de 1975, com Manuel Contreras j\u00e1 operando uma rede de &#8220;favores repressivos&#8221; com o regime de Alfredo Stroessner.<\/li>\n<\/ul>\n\n\n\n<h3 class=\"wp-block-heading\">\u200bO legado de Manuel Contreras<\/h3>\n\n\n\n<p class=\"wp-block-paragraph\">\u200bManuel Contreras Sep\u00falveda, o arquiteto do plano, morreu em 2015 cumprindo penas que somavam mais de 500 anos de pris\u00e3o. No entanto, o &#8220;sistema&#8221; que ele ajudou a criar \u2014 dividido em tr\u00eas fases: troca de informa\u00e7\u00f5es, opera\u00e7\u00f5es t\u00e1ticas e assassinatos seletivos em pa\u00edses terceiros (como o de Orlando Letelier em Washington) \u2014 continua a ser objeto de julgamentos em tribunais internacionais, como os processos em curso na It\u00e1lia contra ex-militares uruguaios e chilenos.<\/p>\n\n\n\n<h3 class=\"wp-block-heading\">\u200b&#8221;Nunca Mais&#8221; regional<\/h3>\n\n\n\n<p class=\"wp-block-paragraph\">\u200bEm semin\u00e1rios realizados em Santiago e Bras\u00edlia no final de 2025, representantes dos pa\u00edses do Cone Sul lan\u00e7aram a campanha <strong>\u201cNunca mais haver\u00e1 uma Opera\u00e7\u00e3o Condor em nossa regi\u00e3o\u201d<\/strong>. A iniciativa busca transformar antigos centros de tortura em espa\u00e7os de mem\u00f3ria e garantir que os arquivos militares remanescentes sejam abertos, combatendo o negacionismo hist\u00f3rico que ainda cerca o tema.<\/p>\n\n\n\n<p class=\"wp-block-paragraph\">\u200bCinquenta anos depois, a &#8220;guerra secreta&#8221; de Contreras n\u00e3o \u00e9 mais segredo, mas a busca por corpos e pela justi\u00e7a completa permanece como uma ferida aberta na democracia sul-americana.<\/p>\n","protected":false},"excerpt":{"rendered":"<p>O que come\u00e7ou como uma &#8220;reuni\u00e3o de trabalho&#8221; secreta entre os dias 25 e 29 de novembro de 1975, na Academia de Guerra do Ex\u00e9rcito [&#8230;]<\/p>\n","protected":false},"author":1,"featured_media":3261,"comment_status":"open","ping_status":"open","sticky":false,"template":"","format":"standard","meta":{"_crdt_document":"","_jetpack_memberships_contains_paid_content":false,"footnotes":"","jetpack_publicize_message":"","jetpack_publicize_feature_enabled":true,"jetpack_social_post_already_shared":true,"jetpack_social_options":{"image_generator_settings":{"template":"highway","default_image_id":0,"font":"","enabled":false},"version":2}},"categories":[15],"tags":[],"class_list":["post-3260","post","type-post","status-publish","format-standard","has-post-thumbnail","hentry","category-internacional"],"jetpack_publicize_connections":[],"jetpack_featured_media_url":"https:\/\/i0.wp.com\/oexpressobr.com.br\/wp-content\/uploads\/2026\/02\/f58be740-fafa-11f0-a422-4ba8a094a8fa.jpg.webp?fit=800%2C450&ssl=1","jetpack_likes_enabled":true,"jetpack_sharing_enabled":true,"_links":{"self":[{"href":"https:\/\/oexpressobr.com.br\/index.php?rest_route=\/wp\/v2\/posts\/3260","targetHints":{"allow":["GET"]}}],"collection":[{"href":"https:\/\/oexpressobr.com.br\/index.php?rest_route=\/wp\/v2\/posts"}],"about":[{"href":"https:\/\/oexpressobr.com.br\/index.php?rest_route=\/wp\/v2\/types\/post"}],"author":[{"embeddable":true,"href":"https:\/\/oexpressobr.com.br\/index.php?rest_route=\/wp\/v2\/users\/1"}],"replies":[{"embeddable":true,"href":"https:\/\/oexpressobr.com.br\/index.php?rest_route=%2Fwp%2Fv2%2Fcomments&post=3260"}],"version-history":[{"count":1,"href":"https:\/\/oexpressobr.com.br\/index.php?rest_route=\/wp\/v2\/posts\/3260\/revisions"}],"predecessor-version":[{"id":3262,"href":"https:\/\/oexpressobr.com.br\/index.php?rest_route=\/wp\/v2\/posts\/3260\/revisions\/3262"}],"wp:featuredmedia":[{"embeddable":true,"href":"https:\/\/oexpressobr.com.br\/index.php?rest_route=\/wp\/v2\/media\/3261"}],"wp:attachment":[{"href":"https:\/\/oexpressobr.com.br\/index.php?rest_route=%2Fwp%2Fv2%2Fmedia&parent=3260"}],"wp:term":[{"taxonomy":"category","embeddable":true,"href":"https:\/\/oexpressobr.com.br\/index.php?rest_route=%2Fwp%2Fv2%2Fcategories&post=3260"},{"taxonomy":"post_tag","embeddable":true,"href":"https:\/\/oexpressobr.com.br\/index.php?rest_route=%2Fwp%2Fv2%2Ftags&post=3260"}],"curies":[{"name":"wp","href":"https:\/\/api.w.org\/{rel}","templated":true}]}}