{"id":3263,"date":"2026-02-05T12:27:08","date_gmt":"2026-02-05T15:27:08","guid":{"rendered":"https:\/\/oexpressobr.com.br\/?p=3263"},"modified":"2026-02-05T12:27:10","modified_gmt":"2026-02-05T15:27:10","slug":"alunas-denunciam-assedio-em-escola-civico-militar-do-parana-e-alegam-negligencia-e-ofensas","status":"publish","type":"post","link":"https:\/\/oexpressobr.com.br\/?p=3263","title":{"rendered":"Alunas denunciam ass\u00e9dio em escola c\u00edvico-militar do Paran\u00e1 e alegam neglig\u00eancia e ofensas"},"content":{"rendered":"\n<p class=\"wp-block-paragraph\">O modelo de gest\u00e3o c\u00edvico-militar, uma das principais bandeiras educacionais do governo paranaense, enfrenta um momento de crise e severo escrut\u00ednio. Relatos de alunas com idades entre <strong>11 e 13 anos<\/strong>, matriculadas em uma unidade em <strong>Corn\u00e9lio Proc\u00f3pio<\/strong>, detalham um cen\u00e1rio de abusos f\u00edsicos e viol\u00eancia psicol\u00f3gica que teriam ocorrido ao longo de 2023.<\/p>\n\n\n\n<h3 class=\"wp-block-heading\">\u200bDetalhes das den\u00fancias e o &#8220;silenciamento&#8221;<\/h3>\n\n\n\n<p class=\"wp-block-paragraph\">\u200bDe acordo com depoimentos prestados \u00e0 Pol\u00edcia Civil e ao Minist\u00e9rio P\u00fablico, ao menos nove estudantes acusam um monitor militar de <strong>toques indevidos<\/strong> em seus corpos, incluindo o seio de uma das menores. O caso, que tramita sob sigilo de justi\u00e7a como investiga\u00e7\u00e3o de <strong>estupro de vulner\u00e1vel<\/strong>, ganha contornos ainda mais graves devido \u00e0 rea\u00e7\u00e3o institucional relatada pelas v\u00edtimas.<\/p>\n\n\n\n<p class=\"wp-block-paragraph\">\u200bAs alunas afirmam que, ao tentarem buscar aux\u00edlio, foram alvo de humilha\u00e7\u00f5es. Segundo os relatos, houve situa\u00e7\u00f5es em que as jovens foram <strong>comparadas a prostitutas<\/strong>, sob a justificativa de que seus comportamentos ou uniformes &#8220;incitariam&#8221; tais atitudes.<\/p>\n\n\n\n<h3 class=\"wp-block-heading\">\u200bO cen\u00e1rio atual das escolas c\u00edvico-militares no Paran\u00e1<\/h3>\n\n\n\n<p class=\"wp-block-paragraph\">\u200bO caso de Corn\u00e9lio Proc\u00f3pio n\u00e3o \u00e9 isolado em termos de pol\u00eamicas envolvendo o modelo. Recentemente, a expans\u00e3o do programa no Paran\u00e1 tem sido alvo de debates intensos:<\/p>\n\n\n\n<ul class=\"wp-block-list\">\n<li>\u200b<strong>Expans\u00e3o da rede:<\/strong> O estado consolidou-se como o maior entusiasta do modelo ap\u00f3s o encerramento do programa federal, contando hoje com centenas de col\u00e9gios neste formato.<\/li>\n\n\n\n<li>\u200b<strong>Decis\u00f5es judiciais:<\/strong> O Supremo Tribunal Federal (STF) tem sido provocado a decidir sobre a constitucionalidade da presen\u00e7a de militares na gest\u00e3o educacional, com decis\u00f5es recentes (como no caso de S\u00e3o Paulo) que acendem o alerta sobre os limites da atua\u00e7\u00e3o dos monitores.<\/li>\n\n\n\n<li>\u200b<strong>Seguran\u00e7a e disciplina:<\/strong> Enquanto defensores do modelo apontam melhoria na seguran\u00e7a e nos \u00edndices do Ideb, cr\u00edticos e entidades de direitos humanos argumentam que a hierarquia militar dentro da escola cria um ambiente de medo que dificulta a den\u00fancia de abusos.<\/li>\n<\/ul>\n\n\n\n<h3 class=\"wp-block-heading\">\u200bResposta das autoridades<\/h3>\n\n\n\n<p class=\"wp-block-paragraph\">\u200bA Secretaria de Estado da Educa\u00e7\u00e3o do Paran\u00e1 (SEED) e a Pol\u00edcia Militar geralmente reiteram que, ao serem notificados, afastam imediatamente os envolvidos para investiga\u00e7\u00e3o administrativa e criminal. No caso espec\u00edfico de Corn\u00e9lio Proc\u00f3pio, o processo segue no Judici\u00e1rio para determinar a responsabilidade do monitor e de eventuais gestores que tenham sido omissos.<\/p>\n\n\n\n<blockquote class=\"wp-block-quote is-layout-flow wp-block-quote-is-layout-flow\">\n<p class=\"wp-block-paragraph\">\u200b&#8221;A escola deveria ser o lugar mais seguro para uma crian\u00e7a. Quando o agente de autoridade se torna o agressor, o trauma \u00e9 duplicado pela quebra de confian\u00e7a institucional.&#8221; \u2014 <em>Avalia\u00e7\u00e3o comum entre especialistas em seguran\u00e7a p\u00fablica e educa\u00e7\u00e3o.<\/em><\/p>\n<\/blockquote>\n","protected":false},"excerpt":{"rendered":"<p>O modelo de gest\u00e3o c\u00edvico-militar, uma das principais bandeiras educacionais do governo paranaense, enfrenta um momento de crise e severo escrut\u00ednio. Relatos de alunas com [&#8230;]<\/p>\n","protected":false},"author":1,"featured_media":3264,"comment_status":"open","ping_status":"open","sticky":false,"template":"","format":"standard","meta":{"_crdt_document":"","_jetpack_memberships_contains_paid_content":false,"footnotes":"","jetpack_publicize_message":"","jetpack_publicize_feature_enabled":true,"jetpack_social_post_already_shared":true,"jetpack_social_options":{"image_generator_settings":{"template":"highway","default_image_id":0,"font":"","enabled":false},"version":2}},"categories":[6],"tags":[],"class_list":["post-3263","post","type-post","status-publish","format-standard","has-post-thumbnail","hentry","category-educacao"],"jetpack_publicize_connections":[],"jetpack_featured_media_url":"https:\/\/i0.wp.com\/oexpressobr.com.br\/wp-content\/uploads\/2026\/02\/39581a10-fd0e-11f0-9972-d3f265c101c6.png.webp?fit=800%2C458&ssl=1","jetpack_likes_enabled":true,"jetpack_sharing_enabled":true,"_links":{"self":[{"href":"https:\/\/oexpressobr.com.br\/index.php?rest_route=\/wp\/v2\/posts\/3263","targetHints":{"allow":["GET"]}}],"collection":[{"href":"https:\/\/oexpressobr.com.br\/index.php?rest_route=\/wp\/v2\/posts"}],"about":[{"href":"https:\/\/oexpressobr.com.br\/index.php?rest_route=\/wp\/v2\/types\/post"}],"author":[{"embeddable":true,"href":"https:\/\/oexpressobr.com.br\/index.php?rest_route=\/wp\/v2\/users\/1"}],"replies":[{"embeddable":true,"href":"https:\/\/oexpressobr.com.br\/index.php?rest_route=%2Fwp%2Fv2%2Fcomments&post=3263"}],"version-history":[{"count":1,"href":"https:\/\/oexpressobr.com.br\/index.php?rest_route=\/wp\/v2\/posts\/3263\/revisions"}],"predecessor-version":[{"id":3265,"href":"https:\/\/oexpressobr.com.br\/index.php?rest_route=\/wp\/v2\/posts\/3263\/revisions\/3265"}],"wp:featuredmedia":[{"embeddable":true,"href":"https:\/\/oexpressobr.com.br\/index.php?rest_route=\/wp\/v2\/media\/3264"}],"wp:attachment":[{"href":"https:\/\/oexpressobr.com.br\/index.php?rest_route=%2Fwp%2Fv2%2Fmedia&parent=3263"}],"wp:term":[{"taxonomy":"category","embeddable":true,"href":"https:\/\/oexpressobr.com.br\/index.php?rest_route=%2Fwp%2Fv2%2Fcategories&post=3263"},{"taxonomy":"post_tag","embeddable":true,"href":"https:\/\/oexpressobr.com.br\/index.php?rest_route=%2Fwp%2Fv2%2Ftags&post=3263"}],"curies":[{"name":"wp","href":"https:\/\/api.w.org\/{rel}","templated":true}]}}