{"id":3271,"date":"2026-02-05T12:38:29","date_gmt":"2026-02-05T15:38:29","guid":{"rendered":"https:\/\/oexpressobr.com.br\/?p=3271"},"modified":"2026-02-05T12:38:31","modified_gmt":"2026-02-05T15:38:31","slug":"afastado-da-presidencia-pelo-stf-bacellar-renova-licenca-na-alerj","status":"publish","type":"post","link":"https:\/\/oexpressobr.com.br\/?p=3271","title":{"rendered":"Afastado da presid\u00eancia pelo STF, Bacellar renova licen\u00e7a na Alerj"},"content":{"rendered":"\n<p class=\"wp-block-paragraph\"><strong>RIO DE JANEIRO<\/strong> \u2013 O deputado estadual Rodrigo Bacellar (Uni\u00e3o Brasil), afastado do comando da Assembleia Legislativa do Estado do Rio de Janeiro (Alerj) por determina\u00e7\u00e3o do Supremo Tribunal Federal (STF), protocolou um novo pedido de licen\u00e7a de suas fun\u00e7\u00f5es parlamentares. A solicita\u00e7\u00e3o, apresentada na \u00faltima ter\u00e7a-feira (3), estende seu afastamento at\u00e9 o dia 11 de fevereiro, sob a justificativa de tratar de &#8220;assuntos de car\u00e1ter particular&#8221;.<\/p>\n\n\n\n<p class=\"wp-block-paragraph\">\u200bCom a nova manobra, Bacellar \u2014 que n\u00e3o compareceu \u00e0 sess\u00e3o solene de abertura do ano legislativo de 2026 \u2014 deve retornar \u00e0 Casa somente ap\u00f3s o per\u00edodo de Carnaval. Enquanto o parlamentar permanece oficialmente licenciado do mandato, a presid\u00eancia da Alerj continua sendo exercida de forma interina pelo deputado Guilherme Delaroli (PL).<\/p>\n\n\n\n<h3 class=\"wp-block-heading\">\u200bO hist\u00f3rico do afastamento<\/h3>\n\n\n\n<p class=\"wp-block-paragraph\">\u200bO imbr\u00f3glio jur\u00eddico e pol\u00edtico de Rodrigo Bacellar teve in\u00edcio em 3 de dezembro de 2025, quando ele foi preso preventivamente pela Pol\u00edcia Federal durante a <strong>Opera\u00e7\u00e3o Unha e Carne<\/strong>. A investiga\u00e7\u00e3o aponta que o deputado teria vazado informa\u00e7\u00f5es sigilosas sobre uma opera\u00e7\u00e3o policial contra o ex-deputado Thiego Raimundo dos Santos Silva, o &#8220;TH Joias&#8221;, acusado de intermediar a venda de armas para o Comando Vermelho (CV).<\/p>\n\n\n\n<p class=\"wp-block-paragraph\">\u200bA pris\u00e3o foi determinada pelo ministro do STF Alexandre de Moraes, que baseou a decis\u00e3o em mensagens interceptadas que sugeriam obstru\u00e7\u00e3o de justi\u00e7a e v\u00ednculos com o crime organizado. Cinco dias ap\u00f3s a deten\u00e7\u00e3o, o plen\u00e1rio da Alerj, em vota\u00e7\u00e3o constitucional, decidiu pela soltura de Bacellar por 42 votos a 21. No entanto, o STF manteve o afastamento imediato de Bacellar do cargo de presidente da Assembleia e imp\u00f4s medidas cautelares, incluindo o uso de tornozeleira eletr\u00f4nica e a proibi\u00e7\u00e3o de contato com outros investigados.<\/p>\n\n\n\n<h3 class=\"wp-block-heading\">\u200bCen\u00e1rio pol\u00edtico e incertezas<\/h3>\n\n\n\n<p class=\"wp-block-paragraph\">\u200bA aus\u00eancia prolongada de Bacellar alimenta discuss\u00f5es nos bastidores sobre o futuro da governabilidade no Rio de Janeiro. Em 2025, ele havia sido reeleito presidente da Casa por unanimidade, mas sua situa\u00e7\u00e3o jur\u00eddica atual o impede de retomar o martelo.<\/p>\n\n\n\n<p class=\"wp-block-paragraph\">\u200bAtualmente, a Alerj foca em pautas como o projeto do ICMS Educacional, enquanto deputados articulam poss\u00edveis sucess\u00f5es. Caso o governador Cl\u00e1udio Castro (PL) renuncie para disputar as elei\u00e7\u00f5es de 2026, a vac\u00e2ncia na presid\u00eancia da Alerj \u2014 cargo que seria o primeiro na linha de sucess\u00e3o direta \u2014 cria um hiato pol\u00edtico que pode levar o estado a ser comandado interinamente pelo presidente do Tribunal de Justi\u00e7a (TJ-RJ).<\/p>\n\n\n\n<p class=\"wp-block-paragraph\">\u200bAt\u00e9 o momento, a defesa de Rodrigo Bacellar nega as acusa\u00e7\u00f5es de envolvimento com fac\u00e7\u00f5es criminosas e sustenta que n\u00e3o houve vazamento de dados sigilosos por parte do parlamentar.<\/p>\n","protected":false},"excerpt":{"rendered":"<p>RIO DE JANEIRO \u2013 O deputado estadual Rodrigo Bacellar (Uni\u00e3o Brasil), afastado do comando da Assembleia Legislativa do Estado do Rio de Janeiro (Alerj) por [&#8230;]<\/p>\n","protected":false},"author":1,"featured_media":3272,"comment_status":"open","ping_status":"open","sticky":false,"template":"","format":"standard","meta":{"_crdt_document":"","_jetpack_memberships_contains_paid_content":false,"footnotes":"","jetpack_publicize_message":"","jetpack_publicize_feature_enabled":true,"jetpack_social_post_already_shared":true,"jetpack_social_options":{"image_generator_settings":{"template":"highway","default_image_id":0,"font":"","enabled":false},"version":2}},"categories":[46],"tags":[],"class_list":["post-3271","post","type-post","status-publish","format-standard","has-post-thumbnail","hentry","category-cidades"],"jetpack_publicize_connections":[],"jetpack_featured_media_url":"https:\/\/i0.wp.com\/oexpressobr.com.br\/wp-content\/uploads\/2026\/02\/26112025_162803ordemdodia_26_11_2025_thiagolontra-27.webp?fit=1170%2C700&ssl=1","jetpack_likes_enabled":true,"jetpack_sharing_enabled":true,"_links":{"self":[{"href":"https:\/\/oexpressobr.com.br\/index.php?rest_route=\/wp\/v2\/posts\/3271","targetHints":{"allow":["GET"]}}],"collection":[{"href":"https:\/\/oexpressobr.com.br\/index.php?rest_route=\/wp\/v2\/posts"}],"about":[{"href":"https:\/\/oexpressobr.com.br\/index.php?rest_route=\/wp\/v2\/types\/post"}],"author":[{"embeddable":true,"href":"https:\/\/oexpressobr.com.br\/index.php?rest_route=\/wp\/v2\/users\/1"}],"replies":[{"embeddable":true,"href":"https:\/\/oexpressobr.com.br\/index.php?rest_route=%2Fwp%2Fv2%2Fcomments&post=3271"}],"version-history":[{"count":1,"href":"https:\/\/oexpressobr.com.br\/index.php?rest_route=\/wp\/v2\/posts\/3271\/revisions"}],"predecessor-version":[{"id":3273,"href":"https:\/\/oexpressobr.com.br\/index.php?rest_route=\/wp\/v2\/posts\/3271\/revisions\/3273"}],"wp:featuredmedia":[{"embeddable":true,"href":"https:\/\/oexpressobr.com.br\/index.php?rest_route=\/wp\/v2\/media\/3272"}],"wp:attachment":[{"href":"https:\/\/oexpressobr.com.br\/index.php?rest_route=%2Fwp%2Fv2%2Fmedia&parent=3271"}],"wp:term":[{"taxonomy":"category","embeddable":true,"href":"https:\/\/oexpressobr.com.br\/index.php?rest_route=%2Fwp%2Fv2%2Fcategories&post=3271"},{"taxonomy":"post_tag","embeddable":true,"href":"https:\/\/oexpressobr.com.br\/index.php?rest_route=%2Fwp%2Fv2%2Ftags&post=3271"}],"curies":[{"name":"wp","href":"https:\/\/api.w.org\/{rel}","templated":true}]}}