{"id":3279,"date":"2026-02-05T20:07:50","date_gmt":"2026-02-05T23:07:50","guid":{"rendered":"https:\/\/oexpressobr.com.br\/?p=3279"},"modified":"2026-02-05T20:07:51","modified_gmt":"2026-02-05T23:07:51","slug":"helicoptero-da-pm-do-parana-cai-durante-operacao-em-matelandia-apos-confronto-com-mortos","status":"publish","type":"post","link":"https:\/\/oexpressobr.com.br\/?p=3279","title":{"rendered":"HELIC\u00d3PTERO da PM do Paran\u00e1 cai durante opera\u00e7\u00e3o em Matel\u00e2ndia ap\u00f3s confronto com mortos"},"content":{"rendered":"\n<p class=\"wp-block-paragraph\">\u200bUma opera\u00e7\u00e3o da Pol\u00edcia Militar do Paran\u00e1 (PMPR) na tarde desta quinta-feira (5) terminou em um grave incidente a\u00e9reo e um intenso confronto armado no munic\u00edpio de Matel\u00e2ndia, regi\u00e3o oeste do estado. Um helic\u00f3ptero do Projeto Falc\u00e3o, pertencente ao Batalh\u00e3o de Pol\u00edcia Militar de Opera\u00e7\u00f5es A\u00e9reas (BPMOA), sofreu uma queda enquanto prestava apoio t\u00e1tico a equipes em solo. Apesar do impacto, todos os policiais a bordo sa\u00edram ilesos.<\/p>\n\n\n\n<p class=\"wp-block-paragraph\">\u200bA a\u00e7\u00e3o policial teve in\u00edcio ap\u00f3s um assalto a uma resid\u00eancia em Vera Cruz do Oeste. Os criminosos fugiram em dire\u00e7\u00e3o \u00e0 rodovia BR-277, o que mobilizou diversas equipes da Rotam e o patrulhamento a\u00e9reo. Durante a persegui\u00e7\u00e3o, os suspeitos abandonaram o ve\u00edculo e buscaram ref\u00fagio em uma \u00e1rea de mata densa, onde ocorreu o primeiro confronto.<\/p>\n\n\n\n<h3 class=\"wp-block-heading\">\u200bConfronto e Apreens\u00e3o Recorde<\/h3>\n\n\n\n<p class=\"wp-block-paragraph\">\u200bDe acordo com informa\u00e7\u00f5es oficiais da Secretaria de Seguran\u00e7a P\u00fablica e da Pol\u00edcia Militar, a troca de tiros resultou na morte de dois suspeitos no local. Nenhum policial em solo ficou ferido durante o combate. Ap\u00f3s o isolamento da \u00e1rea, os policiais localizaram aproximadamente tr\u00eas toneladas de materiais il\u00edcitos, incluindo grandes carregamentos de entorpecentes e produtos de contrabando, refor\u00e7ando a suspeita de que o grupo fazia parte de uma rede organizada que atua na fronteira.<\/p>\n\n\n\n<h3 class=\"wp-block-heading\">\u200bA Queda da Aeronave<\/h3>\n\n\n\n<p class=\"wp-block-paragraph\">\u200bO helic\u00f3ptero envolvido no acidente \u00e9 uma das unidades do &#8220;Projeto Falc\u00e3o&#8221;, conhecidas pela alta tecnologia embarcada para vigil\u00e2ncia e combate ao crime organizado. Segundo relatos preliminares, a aeronave colidiu com o solo em uma regi\u00e3o de dif\u00edcil acesso durante as manobras de cerco.<\/p>\n\n\n\n<p class=\"wp-block-paragraph\">\u200bEm nota, a PMPR informou que os tripulantes n\u00e3o precisaram de atendimento hospitalar urgente, sendo avaliados pelas pr\u00f3prias equipes de socorro da corpora\u00e7\u00e3o. O Secret\u00e1rio de Seguran\u00e7a P\u00fablica do Paran\u00e1, que cumpria agenda em Medianeira (cidade vizinha), deslocou-se imediatamente para o local para acompanhar os desdobramentos e a per\u00edcia.<\/p>\n\n\n\n<h3 class=\"wp-block-heading\">\u200bPr\u00f3ximos Passos<\/h3>\n\n\n\n<p class=\"wp-block-paragraph\">\u200bO Centro de Investiga\u00e7\u00e3o e Preven\u00e7\u00e3o de Acidentes Aeron\u00e1uticos (CENIPA) deve ser acionado para apurar as causas t\u00e9cnicas da queda. Paralelamente, a Pol\u00edcia Civil e a Pol\u00edcia Cient\u00edfica trabalham na identifica\u00e7\u00e3o dos mortos e na contabiliza\u00e7\u00e3o exata da carga apreendida. A opera\u00e7\u00e3o continua na regi\u00e3o com o objetivo de localizar outros poss\u00edveis envolvidos que teriam fugido pela mata.<\/p>\n","protected":false},"excerpt":{"rendered":"<p>\u200bUma opera\u00e7\u00e3o da Pol\u00edcia Militar do Paran\u00e1 (PMPR) na tarde desta quinta-feira (5) terminou em um grave incidente a\u00e9reo e um intenso confronto armado no [&#8230;]<\/p>\n","protected":false},"author":1,"featured_media":3280,"comment_status":"open","ping_status":"open","sticky":false,"template":"","format":"standard","meta":{"_crdt_document":"","_jetpack_memberships_contains_paid_content":false,"footnotes":"","jetpack_publicize_message":"","jetpack_publicize_feature_enabled":true,"jetpack_social_post_already_shared":true,"jetpack_social_options":{"image_generator_settings":{"template":"highway","default_image_id":0,"font":"","enabled":false},"version":2}},"categories":[9],"tags":[],"class_list":["post-3279","post","type-post","status-publish","format-standard","has-post-thumbnail","hentry","category-policia"],"jetpack_publicize_connections":[],"jetpack_featured_media_url":"https:\/\/i0.wp.com\/oexpressobr.com.br\/wp-content\/uploads\/2026\/02\/policie.jpeg?fit=946%2C1310&ssl=1","jetpack_likes_enabled":true,"jetpack_sharing_enabled":true,"_links":{"self":[{"href":"https:\/\/oexpressobr.com.br\/index.php?rest_route=\/wp\/v2\/posts\/3279","targetHints":{"allow":["GET"]}}],"collection":[{"href":"https:\/\/oexpressobr.com.br\/index.php?rest_route=\/wp\/v2\/posts"}],"about":[{"href":"https:\/\/oexpressobr.com.br\/index.php?rest_route=\/wp\/v2\/types\/post"}],"author":[{"embeddable":true,"href":"https:\/\/oexpressobr.com.br\/index.php?rest_route=\/wp\/v2\/users\/1"}],"replies":[{"embeddable":true,"href":"https:\/\/oexpressobr.com.br\/index.php?rest_route=%2Fwp%2Fv2%2Fcomments&post=3279"}],"version-history":[{"count":1,"href":"https:\/\/oexpressobr.com.br\/index.php?rest_route=\/wp\/v2\/posts\/3279\/revisions"}],"predecessor-version":[{"id":3281,"href":"https:\/\/oexpressobr.com.br\/index.php?rest_route=\/wp\/v2\/posts\/3279\/revisions\/3281"}],"wp:featuredmedia":[{"embeddable":true,"href":"https:\/\/oexpressobr.com.br\/index.php?rest_route=\/wp\/v2\/media\/3280"}],"wp:attachment":[{"href":"https:\/\/oexpressobr.com.br\/index.php?rest_route=%2Fwp%2Fv2%2Fmedia&parent=3279"}],"wp:term":[{"taxonomy":"category","embeddable":true,"href":"https:\/\/oexpressobr.com.br\/index.php?rest_route=%2Fwp%2Fv2%2Fcategories&post=3279"},{"taxonomy":"post_tag","embeddable":true,"href":"https:\/\/oexpressobr.com.br\/index.php?rest_route=%2Fwp%2Fv2%2Ftags&post=3279"}],"curies":[{"name":"wp","href":"https:\/\/api.w.org\/{rel}","templated":true}]}}