{"id":3284,"date":"2026-02-05T20:25:37","date_gmt":"2026-02-05T23:25:37","guid":{"rendered":"https:\/\/oexpressobr.com.br\/?p=3284"},"modified":"2026-02-05T20:25:38","modified_gmt":"2026-02-05T23:25:38","slug":"requiao-filho-acusa-ratinho-junior-e-base-aliada-de-teatro-politico-sobre-crise-do-pedagio-no-parana","status":"publish","type":"post","link":"https:\/\/oexpressobr.com.br\/?p=3284","title":{"rendered":"Requi\u00e3o Filho acusa Ratinho Junior e base aliada de &#8220;teatro pol\u00edtico&#8221; sobre crise do ped\u00e1gio no Paran\u00e1"},"content":{"rendered":"\n<p class=\"wp-block-paragraph\">Esta \u00e9 uma cobertura jornal\u00edstica baseada nas declara\u00e7\u00f5es recentes do deputado Requi\u00e3o Filho e no cen\u00e1rio atual das concess\u00f5es rodovi\u00e1rias no Paran\u00e1 em fevereiro de 2026.<br>Requi\u00e3o Filho acusa Ratinho Junior e base aliada de &#8220;teatro pol\u00edtico&#8221; sobre crise do ped\u00e1gio no Paran\u00e1<br>CURITIBA \u2013 O in\u00edcio dos trabalhos legislativos na Assembleia Legislativa do Paran\u00e1 (ALEP) em 2026 foi marcado por um embate direto sobre o custo de vida e a infraestrutura do estado. O deputado Requi\u00e3o Filho (PT) subiu \u00e0 tribuna para denunciar o que chama de &#8220;estelionato intelectual&#8221;, criticando deputados da base governista que agora atacam o modelo de ped\u00e1gio que eles mesmos ajudaram a viabilizar.<br>O &#8220;DNA&#8221; das concess\u00f5es sob holofote<br>A pol\u00eamica central gira em torno do aumento no n\u00famero de pra\u00e7as de cobran\u00e7a \u2014 que saltaram de 27 para 42 \u2014 e a implementa\u00e7\u00e3o dos p\u00f3rticos de sistema Free Flow (fluxo livre), que t\u00eam gerado uma enxurrada de multas e reclama\u00e7\u00f5es de moradores de zonas rurais e prefeitos do interior.<br>Segundo o parlamentar, a estrat\u00e9gia do Pal\u00e1cio Igua\u00e7u foi calculada:<\/p>\n\n\n\n<ul class=\"wp-block-list\">\n<li>Gesta\u00e7\u00e3o do modelo: O desenho das concess\u00f5es teria sido firmado entre o Governo Ratinho Junior e a gest\u00e3o federal anterior (Bolsonaro), com o aval do setor produtivo (G7).<\/li>\n\n\n\n<li>Timing pol\u00edtico: Requi\u00e3o Filho sustenta que a assinatura dos contratos foi postergada estrategicamente para n\u00e3o afetar o calend\u00e1rio eleitoral de 2024, empurrando a &#8220;fatura&#8221; para o momento atual.<\/li>\n\n\n\n<li>Transfer\u00eancia de culpa: O deputado rebate a narrativa da base aliada que tenta isolar a responsabilidade na Ag\u00eancia Nacional de Transportes Terrestres (ANTT) e no Governo Federal.<br><br>Impacto econ\u00f4mico e revolta no interior<br><br>O setor produtivo paranaense, que inicialmente apoiou o modelo de concess\u00f5es focado em obras, agora expressa preocupa\u00e7\u00e3o com a perda de competitividade. O custo do frete no estado sofreu um impacto cascata, afetando desde o escoamento da safra at\u00e9 o pre\u00e7o final dos alimentos nos supermercados de Curitiba e regi\u00e3o metropolitana.<br><br>Tabela: O cen\u00e1rio das concess\u00f5es (2021 vs. 2026)<br>Caracter\u00edstica Antigo Modelo (Anel de Integra\u00e7\u00e3o) Novo Modelo (Atual)<br>N\u00famero de Pra\u00e7as 27 pra\u00e7as f\u00edsicas 42 pontos de cobran\u00e7a (F\u00edsicos + Free Flow)<br>Modelo de Tarifa Leil\u00e3o por menor pre\u00e7o (com falhas) Modelo H\u00edbrido (Desconto + Outorga)<br>Tecnologia Cobran\u00e7a manual\/Tags em cabines Predom\u00ednio de sensores eletr\u00f4nicos<br>Responsabilidade Estado e Uni\u00e3o Uni\u00e3o (Delega\u00e7\u00e3o das Rodovias Estaduais) &#8220;\u00c9 muito f\u00e1cil ser governo na hora de cortar a fita e virar oposi\u00e7\u00e3o na hora que o boleto chega&#8221;, afirmou Requi\u00e3o Filho, refor\u00e7ando que os alertas feitos por ele em 2023 se concretizaram integralmente.Pr\u00f3ximos passos na ALEP<br>A oposi\u00e7\u00e3o agora articula a cria\u00e7\u00e3o de uma comiss\u00e3o para revisar os contratos e os impactos sociais da localiza\u00e7\u00e3o dos p\u00f3rticos Free Flow, que estariam &#8220;ilhando&#8221; comunidades rurais. Enquanto isso, o Governo do Estado mant\u00e9m a defesa de que o modelo garantir\u00e1 investimentos bilion\u00e1rios em duplica\u00e7\u00f5es nos pr\u00f3ximos anos, pedindo &#8220;paci\u00eancia&#8221; \u00e0 popula\u00e7\u00e3o.<br>Gostaria que eu fizesse um levantamento t\u00e9cnico detalhado sobre as localiza\u00e7\u00f5es exatas das novas pra\u00e7as de ped\u00e1gio ou uma an\u00e1lise do impacto no pre\u00e7o da saca de soja para transporte?<\/li>\n<\/ul>\n","protected":false},"excerpt":{"rendered":"<p>Esta \u00e9 uma cobertura jornal\u00edstica baseada nas declara\u00e7\u00f5es recentes do deputado Requi\u00e3o Filho e no cen\u00e1rio atual das concess\u00f5es rodovi\u00e1rias no Paran\u00e1 em fevereiro de [&#8230;]<\/p>\n","protected":false},"author":1,"featured_media":3285,"comment_status":"open","ping_status":"open","sticky":false,"template":"","format":"standard","meta":{"_crdt_document":"","_jetpack_memberships_contains_paid_content":false,"footnotes":"","jetpack_publicize_message":"","jetpack_publicize_feature_enabled":true,"jetpack_social_post_already_shared":true,"jetpack_social_options":{"image_generator_settings":{"template":"highway","default_image_id":0,"font":"","enabled":false},"version":2}},"categories":[5],"tags":[],"class_list":["post-3284","post","type-post","status-publish","format-standard","has-post-thumbnail","hentry","category-parana"],"jetpack_publicize_connections":[],"jetpack_featured_media_url":"https:\/\/i0.wp.com\/oexpressobr.com.br\/wp-content\/uploads\/2026\/02\/7ca08c_7643cf0a1860466f861e74f04daa66f4mv2.jpeg?fit=1280%2C852&ssl=1","jetpack_likes_enabled":true,"jetpack_sharing_enabled":true,"_links":{"self":[{"href":"https:\/\/oexpressobr.com.br\/index.php?rest_route=\/wp\/v2\/posts\/3284","targetHints":{"allow":["GET"]}}],"collection":[{"href":"https:\/\/oexpressobr.com.br\/index.php?rest_route=\/wp\/v2\/posts"}],"about":[{"href":"https:\/\/oexpressobr.com.br\/index.php?rest_route=\/wp\/v2\/types\/post"}],"author":[{"embeddable":true,"href":"https:\/\/oexpressobr.com.br\/index.php?rest_route=\/wp\/v2\/users\/1"}],"replies":[{"embeddable":true,"href":"https:\/\/oexpressobr.com.br\/index.php?rest_route=%2Fwp%2Fv2%2Fcomments&post=3284"}],"version-history":[{"count":1,"href":"https:\/\/oexpressobr.com.br\/index.php?rest_route=\/wp\/v2\/posts\/3284\/revisions"}],"predecessor-version":[{"id":3286,"href":"https:\/\/oexpressobr.com.br\/index.php?rest_route=\/wp\/v2\/posts\/3284\/revisions\/3286"}],"wp:featuredmedia":[{"embeddable":true,"href":"https:\/\/oexpressobr.com.br\/index.php?rest_route=\/wp\/v2\/media\/3285"}],"wp:attachment":[{"href":"https:\/\/oexpressobr.com.br\/index.php?rest_route=%2Fwp%2Fv2%2Fmedia&parent=3284"}],"wp:term":[{"taxonomy":"category","embeddable":true,"href":"https:\/\/oexpressobr.com.br\/index.php?rest_route=%2Fwp%2Fv2%2Fcategories&post=3284"},{"taxonomy":"post_tag","embeddable":true,"href":"https:\/\/oexpressobr.com.br\/index.php?rest_route=%2Fwp%2Fv2%2Ftags&post=3284"}],"curies":[{"name":"wp","href":"https:\/\/api.w.org\/{rel}","templated":true}]}}