{"id":3287,"date":"2026-02-05T20:37:27","date_gmt":"2026-02-05T23:37:27","guid":{"rendered":"https:\/\/oexpressobr.com.br\/?p=3287"},"modified":"2026-02-05T20:37:28","modified_gmt":"2026-02-05T23:37:28","slug":"reincidencia-de-infracoes-pela-rede-massa-em-maringa-levanta-questionamentos-sobre-etica-e-cumprimento-da-lei","status":"publish","type":"post","link":"https:\/\/oexpressobr.com.br\/?p=3287","title":{"rendered":"REINCID\u00caNCIA DE INFRA\u00c7\u00d5ES pela Rede Massa em Maring\u00e1 levanta questionamentos sobre \u00e9tica e cumprimento da lei"},"content":{"rendered":"\n<p class=\"wp-block-paragraph\">O que poderia ser interpretado como um deslize ocasional consolidou-se, nesta quinta-feira (5), como uma conduta deliberada. Um ve\u00edculo da Rede Massa (afiliada do SBT) foi novamente flagrado em situa\u00e7\u00e3o de desrespeito \u00e0s leis de tr\u00e2nsito em Maring\u00e1, repetindo uma irregularidade que j\u00e1 havia sido documentada no mesmo local em 18 de dezembro de 2025.<\/p>\n\n\n\n<p class=\"wp-block-paragraph\">\u200bA reincid\u00eancia, registrada em plena luz do dia, ignora as normas b\u00e1sicas do C\u00f3digo de Tr\u00e2nsito Brasileiro (CTB) e reacende um debate \u00e9tico que vai al\u00e9m das multas: o papel do exemplo na comunica\u00e7\u00e3o social. O epis\u00f3dio ocorre em um momento em que a postura da emissora e de suas lideran\u00e7as \u00e9 colocada sob lupa pela opini\u00e3o p\u00fablica regional.<\/p>\n\n\n\n<h3 class=\"wp-block-heading\">\u200bO peso do exemplo e a fala do &#8220;patr\u00e3o&#8221;<\/h3>\n\n\n\n<p class=\"wp-block-paragraph\">\u200bA cr\u00edtica central, que ecoa em publica\u00e7\u00f5es locais como <em>O Di\u00e1rio de Maring\u00e1<\/em>, estabelece uma conex\u00e3o direta entre o comportamento dos funcion\u00e1rios nas ruas e as declara\u00e7\u00f5es p\u00fablicas das lideran\u00e7as do grupo. Recentemente, repercutiu a fala de Ratinho (Carlos Roberto Massa), propriet\u00e1rio da rede, que em transmiss\u00e3o nacional teceu coment\u00e1rios pol\u00eamicos sobre a sonega\u00e7\u00e3o de impostos.<\/p>\n\n\n\n<p class=\"wp-block-paragraph\">\u200bO questionamento que surge nas redes sociais e entre especialistas em seguran\u00e7a vi\u00e1ria \u00e9 pedag\u00f3gico: se a figura m\u00e1xima da empresa minimiza a import\u00e2ncia do cumprimento de obriga\u00e7\u00f5es fiscais perante o pa\u00eds, haveria o mesmo descompromisso interno com outras esferas da lei, como a legisla\u00e7\u00e3o de tr\u00e2nsito?<\/p>\n\n\n\n<h3 class=\"wp-block-heading\">\u200bReincid\u00eancia e espa\u00e7o p\u00fablico<\/h3>\n\n\n\n<p class=\"wp-block-paragraph\">\u200bO flagrante de hoje (05\/02\/2026) mostra o uso irregular da faixa de canaliza\u00e7\u00e3o para estacionamento, uma manobra que compromete a fluidez e a seguran\u00e7a do tr\u00e1fego. Ao repetir a infra\u00e7\u00e3o exatamente no mesmo ponto onde foi notificada h\u00e1 menos de dois meses, a equipe da emissora afasta a tese de &#8220;equ\u00edvoco pontual&#8221; e refor\u00e7a a percep\u00e7\u00e3o de uma conduta consciente e reiterada.<\/p>\n\n\n\n<p class=\"wp-block-paragraph\">\u200bEspecialistas em tr\u00e2nsito alertam que o uso indevido do espa\u00e7o p\u00fablico por ve\u00edculos de imprensa, muitas vezes sob a justificativa de &#8220;pressa pela not\u00edcia&#8221;, n\u00e3o possui amparo legal para violar o CTB, a menos que os ve\u00edculos estivessem em situa\u00e7\u00f5es de emerg\u00eancia devidamente sinalizadas e autorizadas, o que n\u00e3o parece ser o caso.<\/p>\n\n\n\n<h3 class=\"wp-block-heading\">\u200bPr\u00f3ximos passos<\/h3>\n\n\n\n<p class=\"wp-block-paragraph\">\u200bAt\u00e9 o fechamento desta mat\u00e9ria, a prefeitura de Maring\u00e1, por meio da Secretaria de Mobilidade Urbana (Semob), n\u00e3o havia confirmado se uma nova autua\u00e7\u00e3o foi lavrada. A Rede Massa tamb\u00e9m n\u00e3o emitiu comunicado oficial sobre a conduta de seus motoristas ou sobre as cr\u00edticas que associam o comportamento das equipes \u00e0s falas de seu propriet\u00e1rio.<\/p>\n\n\n\n<p class=\"wp-block-paragraph\">\u200bO epis\u00f3dio permanece como um lembrete de que, para quem det\u00e9m o poder da informa\u00e7\u00e3o e cobra retid\u00e3o de autoridades em seus telejornais, o maior patrim\u00f4nio deve ser a coer\u00eancia entre o que se fala nos microfones e o que se pratica ao volante.<\/p>\n","protected":false},"excerpt":{"rendered":"<p>O que poderia ser interpretado como um deslize ocasional consolidou-se, nesta quinta-feira (5), como uma conduta deliberada. Um ve\u00edculo da Rede Massa (afiliada do SBT) [&#8230;]<\/p>\n","protected":false},"author":1,"featured_media":3288,"comment_status":"open","ping_status":"open","sticky":false,"template":"","format":"standard","meta":{"_crdt_document":"","_jetpack_memberships_contains_paid_content":false,"footnotes":"","jetpack_publicize_message":"","jetpack_publicize_feature_enabled":true,"jetpack_social_post_already_shared":true,"jetpack_social_options":{"image_generator_settings":{"template":"highway","default_image_id":0,"font":"","enabled":false},"version":2}},"categories":[4],"tags":[],"class_list":["post-3287","post","type-post","status-publish","format-standard","has-post-thumbnail","hentry","category-maringa"],"jetpack_publicize_connections":[],"jetpack_featured_media_url":"https:\/\/i0.wp.com\/oexpressobr.com.br\/wp-content\/uploads\/2026\/02\/Tiao-1-1.jpeg?fit=1280%2C720&ssl=1","jetpack_likes_enabled":true,"jetpack_sharing_enabled":true,"_links":{"self":[{"href":"https:\/\/oexpressobr.com.br\/index.php?rest_route=\/wp\/v2\/posts\/3287","targetHints":{"allow":["GET"]}}],"collection":[{"href":"https:\/\/oexpressobr.com.br\/index.php?rest_route=\/wp\/v2\/posts"}],"about":[{"href":"https:\/\/oexpressobr.com.br\/index.php?rest_route=\/wp\/v2\/types\/post"}],"author":[{"embeddable":true,"href":"https:\/\/oexpressobr.com.br\/index.php?rest_route=\/wp\/v2\/users\/1"}],"replies":[{"embeddable":true,"href":"https:\/\/oexpressobr.com.br\/index.php?rest_route=%2Fwp%2Fv2%2Fcomments&post=3287"}],"version-history":[{"count":1,"href":"https:\/\/oexpressobr.com.br\/index.php?rest_route=\/wp\/v2\/posts\/3287\/revisions"}],"predecessor-version":[{"id":3289,"href":"https:\/\/oexpressobr.com.br\/index.php?rest_route=\/wp\/v2\/posts\/3287\/revisions\/3289"}],"wp:featuredmedia":[{"embeddable":true,"href":"https:\/\/oexpressobr.com.br\/index.php?rest_route=\/wp\/v2\/media\/3288"}],"wp:attachment":[{"href":"https:\/\/oexpressobr.com.br\/index.php?rest_route=%2Fwp%2Fv2%2Fmedia&parent=3287"}],"wp:term":[{"taxonomy":"category","embeddable":true,"href":"https:\/\/oexpressobr.com.br\/index.php?rest_route=%2Fwp%2Fv2%2Fcategories&post=3287"},{"taxonomy":"post_tag","embeddable":true,"href":"https:\/\/oexpressobr.com.br\/index.php?rest_route=%2Fwp%2Fv2%2Ftags&post=3287"}],"curies":[{"name":"wp","href":"https:\/\/api.w.org\/{rel}","templated":true}]}}