{"id":3292,"date":"2026-02-05T20:44:49","date_gmt":"2026-02-05T23:44:49","guid":{"rendered":"https:\/\/oexpressobr.com.br\/?p=3292"},"modified":"2026-02-05T20:44:50","modified_gmt":"2026-02-05T23:44:50","slug":"requiao-filho-cumpre-agenda-em-cascavel-no-proximo-dia-12-para-debater-o-cenario-politico-paranaense","status":"publish","type":"post","link":"https:\/\/oexpressobr.com.br\/?p=3292","title":{"rendered":"Requi\u00e3o Filho cumpre agenda em Cascavel no pr\u00f3ximo dia 12 para debater o cen\u00e1rio pol\u00edtico paranaense"},"content":{"rendered":"\n<p class=\"wp-block-paragraph\">O cen\u00e1rio pol\u00edtico do Oeste paranaense ganha novos contornos na pr\u00f3xima semana. O deputado estadual <strong>Requi\u00e3o Filho (PDT)<\/strong> confirmou agenda em Cascavel para o dia <strong>12 de fevereiro<\/strong>, onde participar\u00e1 do encontro &#8220;O Paran\u00e1 em Movimento&#8221;. O evento, que acontece \u00e0s 19h no bairro Cascavel Velho, marca um esfor\u00e7o de mobiliza\u00e7\u00e3o do partido para discutir os rumos do estado e fortalecer as bases regionais.<\/p>\n\n\n\n<h3 class=\"wp-block-heading\">\u200bDi\u00e1logo e estrat\u00e9gia partid\u00e1ria<\/h3>\n\n\n\n<p class=\"wp-block-paragraph\">\u200bO encontro ocorre em um momento estrat\u00e9gico. Desde sua migra\u00e7\u00e3o para o PDT, Requi\u00e3o Filho tem intensificado as viagens pelo interior, buscando consolidar uma alternativa de oposi\u00e7\u00e3o ao atual governo estadual. Em Cascavel, a expectativa \u00e9 que o parlamentar aborde temas sens\u00edveis \u00e0 regi\u00e3o, como o <strong>ped\u00e1gio<\/strong>, a <strong>infraestrutura log\u00edstica<\/strong> e o <strong>apoio ao agroneg\u00f3cio familiar<\/strong>.<\/p>\n\n\n\n<p class=\"wp-block-paragraph\">\u200bO evento \u00e9 aberto ao p\u00fablico e servir\u00e1 como term\u00f4metro para as pretens\u00f5es do grupo pol\u00edtico visando os pr\u00f3ximos ciclos eleitorais. Lideran\u00e7as locais e simpatizantes devem se reunir na Rua Portugal para ouvir as propostas e apresentar demandas diretas do munic\u00edpio.<\/p>\n\n\n\n<h3 class=\"wp-block-heading\">\u200bDetalhes do Evento<\/h3>\n\n\n\n<ul class=\"wp-block-list\">\n<li>\u200b<strong>Convidado:<\/strong> Deputado Requi\u00e3o Filho (PDT)<\/li>\n\n\n\n<li>\u200b<strong>Data:<\/strong> 12 de fevereiro de 2026 (quinta-feira)<\/li>\n\n\n\n<li>\u200b<strong>Hor\u00e1rio:<\/strong> 19h<\/li>\n\n\n\n<li>\u200b<strong>Local:<\/strong> Rua Portugal, 1672 \u2013 Cascavel Velho, Cascavel (PR)<\/li>\n<\/ul>\n","protected":false},"excerpt":{"rendered":"<p>O cen\u00e1rio pol\u00edtico do Oeste paranaense ganha novos contornos na pr\u00f3xima semana. O deputado estadual Requi\u00e3o Filho (PDT) confirmou agenda em Cascavel para o dia [&#8230;]<\/p>\n","protected":false},"author":1,"featured_media":3293,"comment_status":"open","ping_status":"open","sticky":false,"template":"","format":"standard","meta":{"_crdt_document":"","_jetpack_memberships_contains_paid_content":false,"footnotes":"","jetpack_publicize_message":"","jetpack_publicize_feature_enabled":true,"jetpack_social_post_already_shared":true,"jetpack_social_options":{"image_generator_settings":{"template":"highway","default_image_id":0,"font":"","enabled":false},"version":2}},"categories":[46],"tags":[],"class_list":["post-3292","post","type-post","status-publish","format-standard","has-post-thumbnail","hentry","category-cidades"],"jetpack_publicize_connections":[],"jetpack_featured_media_url":"https:\/\/i0.wp.com\/oexpressobr.com.br\/wp-content\/uploads\/2026\/02\/IMG-20260205-WA0237.jpg?fit=1080%2C1080&ssl=1","jetpack_likes_enabled":true,"jetpack_sharing_enabled":true,"_links":{"self":[{"href":"https:\/\/oexpressobr.com.br\/index.php?rest_route=\/wp\/v2\/posts\/3292","targetHints":{"allow":["GET"]}}],"collection":[{"href":"https:\/\/oexpressobr.com.br\/index.php?rest_route=\/wp\/v2\/posts"}],"about":[{"href":"https:\/\/oexpressobr.com.br\/index.php?rest_route=\/wp\/v2\/types\/post"}],"author":[{"embeddable":true,"href":"https:\/\/oexpressobr.com.br\/index.php?rest_route=\/wp\/v2\/users\/1"}],"replies":[{"embeddable":true,"href":"https:\/\/oexpressobr.com.br\/index.php?rest_route=%2Fwp%2Fv2%2Fcomments&post=3292"}],"version-history":[{"count":1,"href":"https:\/\/oexpressobr.com.br\/index.php?rest_route=\/wp\/v2\/posts\/3292\/revisions"}],"predecessor-version":[{"id":3294,"href":"https:\/\/oexpressobr.com.br\/index.php?rest_route=\/wp\/v2\/posts\/3292\/revisions\/3294"}],"wp:featuredmedia":[{"embeddable":true,"href":"https:\/\/oexpressobr.com.br\/index.php?rest_route=\/wp\/v2\/media\/3293"}],"wp:attachment":[{"href":"https:\/\/oexpressobr.com.br\/index.php?rest_route=%2Fwp%2Fv2%2Fmedia&parent=3292"}],"wp:term":[{"taxonomy":"category","embeddable":true,"href":"https:\/\/oexpressobr.com.br\/index.php?rest_route=%2Fwp%2Fv2%2Fcategories&post=3292"},{"taxonomy":"post_tag","embeddable":true,"href":"https:\/\/oexpressobr.com.br\/index.php?rest_route=%2Fwp%2Fv2%2Ftags&post=3292"}],"curies":[{"name":"wp","href":"https:\/\/api.w.org\/{rel}","templated":true}]}}