{"id":3295,"date":"2026-02-05T20:56:24","date_gmt":"2026-02-05T23:56:24","guid":{"rendered":"https:\/\/oexpressobr.com.br\/?p=3295"},"modified":"2026-02-05T20:56:26","modified_gmt":"2026-02-05T23:56:26","slug":"justica-determina-soltura-de-igor-ryan-apos-prisao-por-erro-em-reconhecimento-em-ponta-grossa","status":"publish","type":"post","link":"https:\/\/oexpressobr.com.br\/?p=3295","title":{"rendered":"Justi\u00e7a determina soltura de Igor Ryan ap\u00f3s pris\u00e3o por erro em reconhecimento em Ponta Grossa"},"content":{"rendered":"\n<p class=\"wp-block-paragraph\">A Pol\u00edcia Civil do Paran\u00e1 confirmou a soltura de <strong>Igor Ryan Camargo Batista<\/strong>, de 19 anos, ap\u00f3s ficar comprovado que o jovem foi preso por engano sob a acusa\u00e7\u00e3o de um latroc\u00ednio ocorrido no \u00faltimo domingo (1\u00ba), em Ponta Grossa. O caso, que gerou forte como\u00e7\u00e3o e revolta entre familiares, acende um alerta sobre as falhas em pris\u00f5es baseadas exclusivamente em reconhecimentos fotogr\u00e1ficos r\u00e1pidos.<\/p>\n\n\n\n<h3 class=\"wp-block-heading\">\u200bO Erro na Identifica\u00e7\u00e3o<\/h3>\n\n\n\n<p class=\"wp-block-paragraph\">\u200bIgor foi detido poucas horas ap\u00f3s o crime que vitimou um homem nos Campos Gerais. Segundo as investiga\u00e7\u00f5es iniciais, ele teria sido apontado como um dos autores por testemunhas. No entanto, o desenrolar do inqu\u00e9rito revelou que o jovem <strong>n\u00e3o possu\u00eda qualquer envolvimento com o delito<\/strong>.<\/p>\n\n\n\n<blockquote class=\"wp-block-quote is-layout-flow wp-block-quote-is-layout-flow\">\n<p class=\"wp-block-paragraph\">\u200b&#8221;Ele estava no lugar errado, na hora errada, e foi v\u00edtima de uma falha processual grav\u00edssima&#8221;, afirmou a defesa do jovem durante o pedido de liberdade.<\/p>\n<\/blockquote>\n\n\n\n<h3 class=\"wp-block-heading\">\u200bAs \u00daltimas Novidades do Caso<\/h3>\n\n\n\n<p class=\"wp-block-paragraph\">\u200bDe acordo com atualiza\u00e7\u00f5es das autoridades locais e da Secretaria de Seguran\u00e7a P\u00fablica (Sesp):<\/p>\n\n\n\n<ul class=\"wp-block-list\">\n<li>\u200b<strong>Provas de Inoc\u00eancia:<\/strong> Imagens de c\u00e2meras de seguran\u00e7a e depoimentos colhidos ao longo da semana confirmaram que Igor estava em outro local no momento exato do crime.<\/li>\n\n\n\n<li>\u200b<strong>Soltura Imediata:<\/strong> Ap\u00f3s o Minist\u00e9rio P\u00fablico e a Pol\u00edcia Civil reconhecerem a falta de ind\u00edcios, a justi\u00e7a expediu o alvar\u00e1 de soltura, e o jovem j\u00e1 se encontra em liberdade.<\/li>\n\n\n\n<li>\u200b<strong>Continuidade da Investiga\u00e7\u00e3o:<\/strong> A pol\u00edcia agora concentra esfor\u00e7os na identifica\u00e7\u00e3o dos verdadeiros suspeitos, que continuam foragidos.<\/li>\n<\/ul>\n\n\n\n<h3 class=\"wp-block-heading\">\u200bImpacto e Reflex\u00e3o<\/h3>\n\n\n\n<p class=\"wp-block-paragraph\">\u200bO epis\u00f3dio levanta um debate necess\u00e1rio sobre o <strong>sistema de reconhecimento criminal<\/strong> no Brasil. Especialistas apontam que a pressa em dar uma resposta \u00e0 sociedade em crimes violentos pode induzir testemunhas ao erro, resultando em injusti\u00e7as contra cidad\u00e3os sem antecedentes criminais, como foi o caso de Igor.<\/p>\n","protected":false},"excerpt":{"rendered":"<p>A Pol\u00edcia Civil do Paran\u00e1 confirmou a soltura de Igor Ryan Camargo Batista, de 19 anos, ap\u00f3s ficar comprovado que o jovem foi preso por [&#8230;]<\/p>\n","protected":false},"author":1,"featured_media":3296,"comment_status":"open","ping_status":"open","sticky":false,"template":"","format":"standard","meta":{"_crdt_document":"","_jetpack_memberships_contains_paid_content":false,"footnotes":"","jetpack_publicize_message":"","jetpack_publicize_feature_enabled":true,"jetpack_social_post_already_shared":true,"jetpack_social_options":{"image_generator_settings":{"template":"highway","default_image_id":0,"font":"","enabled":false},"version":2}},"categories":[9],"tags":[],"class_list":["post-3295","post","type-post","status-publish","format-standard","has-post-thumbnail","hentry","category-policia"],"jetpack_publicize_connections":[],"jetpack_featured_media_url":"https:\/\/i0.wp.com\/oexpressobr.com.br\/wp-content\/uploads\/2026\/02\/httpsportalnorte.com_.brwp-adminpost.phppost-292629-action-edit-2026-02-05t170815.542.jpg?fit=984%2C656&ssl=1","jetpack_likes_enabled":true,"jetpack_sharing_enabled":true,"_links":{"self":[{"href":"https:\/\/oexpressobr.com.br\/index.php?rest_route=\/wp\/v2\/posts\/3295","targetHints":{"allow":["GET"]}}],"collection":[{"href":"https:\/\/oexpressobr.com.br\/index.php?rest_route=\/wp\/v2\/posts"}],"about":[{"href":"https:\/\/oexpressobr.com.br\/index.php?rest_route=\/wp\/v2\/types\/post"}],"author":[{"embeddable":true,"href":"https:\/\/oexpressobr.com.br\/index.php?rest_route=\/wp\/v2\/users\/1"}],"replies":[{"embeddable":true,"href":"https:\/\/oexpressobr.com.br\/index.php?rest_route=%2Fwp%2Fv2%2Fcomments&post=3295"}],"version-history":[{"count":1,"href":"https:\/\/oexpressobr.com.br\/index.php?rest_route=\/wp\/v2\/posts\/3295\/revisions"}],"predecessor-version":[{"id":3297,"href":"https:\/\/oexpressobr.com.br\/index.php?rest_route=\/wp\/v2\/posts\/3295\/revisions\/3297"}],"wp:featuredmedia":[{"embeddable":true,"href":"https:\/\/oexpressobr.com.br\/index.php?rest_route=\/wp\/v2\/media\/3296"}],"wp:attachment":[{"href":"https:\/\/oexpressobr.com.br\/index.php?rest_route=%2Fwp%2Fv2%2Fmedia&parent=3295"}],"wp:term":[{"taxonomy":"category","embeddable":true,"href":"https:\/\/oexpressobr.com.br\/index.php?rest_route=%2Fwp%2Fv2%2Fcategories&post=3295"},{"taxonomy":"post_tag","embeddable":true,"href":"https:\/\/oexpressobr.com.br\/index.php?rest_route=%2Fwp%2Fv2%2Ftags&post=3295"}],"curies":[{"name":"wp","href":"https:\/\/api.w.org\/{rel}","templated":true}]}}