{"id":3299,"date":"2026-02-05T21:03:58","date_gmt":"2026-02-06T00:03:58","guid":{"rendered":"https:\/\/oexpressobr.com.br\/?p=3299"},"modified":"2026-02-05T21:03:59","modified_gmt":"2026-02-06T00:03:59","slug":"lula-diz-ter-cobrado-explicacoes-de-filho-citado-em-cpmi-se-tiver-algo-vai-pagar","status":"publish","type":"post","link":"https:\/\/oexpressobr.com.br\/?p=3299","title":{"rendered":"Lula diz ter cobrado explica\u00e7\u00f5es de filho citado em CPMI: &#8220;Se tiver algo, vai pagar&#8221;"},"content":{"rendered":"\n<p class=\"wp-block-paragraph\">Em uma declara\u00e7\u00e3o marcada pelo tom de austeridade familiar e pol\u00edtica, o presidente <strong>Luiz In\u00e1cio Lula da Silva<\/strong> revelou detalhes de uma conversa que teve com seu filho, <strong>F\u00e1bio Lu\u00eds Lula da Silva<\/strong>, o &#8220;Lulinha&#8221;, cujo nome surgiu em depoimentos e investiga\u00e7\u00f5es da <strong>CPMI do INSS<\/strong>. Durante entrevista realizada nesta quinta-feira (5), o mandat\u00e1rio afirmou que n\u00e3o haver\u00e1 prote\u00e7\u00e3o especial caso irregularidades sejam comprovadas.<\/p>\n\n\n\n<blockquote class=\"wp-block-quote is-layout-flow wp-block-quote-is-layout-flow\">\n<p class=\"wp-block-paragraph\">\u200b&#8221;Olhei no olho dele e falei: &#8216;S\u00f3 voc\u00ea sabe a verdade. Se voc\u00ea tiver alguma coisa, vai pagar o pre\u00e7o. Se n\u00e3o tiver, se defenda'&#8221;, afirmou Lula, refor\u00e7ando que trata o tema com &#8220;muita seriedade&#8221;.<\/p>\n<\/blockquote>\n\n\n\n<h3 class=\"wp-block-heading\">\u200bO foco das investiga\u00e7\u00f5es<\/h3>\n\n\n\n<p class=\"wp-block-paragraph\">\u200bA <strong>CPMI do INSS<\/strong>, que retomou seus trabalhos nesta semana ap\u00f3s o recesso parlamentar, apura um esquema bilion\u00e1rio de descontos indevidos em aposentadorias. O nome de Lulinha passou a orbitar o colegiado ap\u00f3s a <strong>Opera\u00e7\u00e3o Sem Desconto<\/strong>, da Pol\u00edcia Federal, levantar suspeitas de um suposto lobby em favor do empres\u00e1rio <strong>Ant\u00f4nio Carlos Camilo Antunes<\/strong>, conhecido como &#8220;Careca do INSS&#8221;.<\/p>\n\n\n\n<p class=\"wp-block-paragraph\">\u200bInvestigadores apuram se houve &#8220;sociedade oculta&#8221; ou influ\u00eancia pol\u00edtica para facilitar a atua\u00e7\u00e3o de empresas que realizavam descontos sem autoriza\u00e7\u00e3o dos segurados. At\u00e9 o momento, a defesa de F\u00e1bio Lu\u00eds nega qualquer envolvimento e classifica as cita\u00e7\u00f5es como &#8220;ila\u00e7\u00f5es sem base f\u00e1tica&#8221;.<\/p>\n\n\n\n<h3 class=\"wp-block-heading\">\u200bDesdobramentos na CPMI<\/h3>\n\n\n\n<p class=\"wp-block-paragraph\">\u200bApesar da press\u00e3o da oposi\u00e7\u00e3o para convocar o filho do presidente, a base governista no Congresso tem conseguido, at\u00e9 o momento, barrar os requerimentos de convoca\u00e7\u00e3o e de quebra de sigilo banc\u00e1rio. No entanto, o clima na comiss\u00e3o permanece tenso com os novos depoimentos previstos para este m\u00eas.<\/p>\n\n\n\n<p class=\"wp-block-paragraph\">\u200b<strong>Os n\u00fameros da investiga\u00e7\u00e3o at\u00e9 agora:<\/strong><\/p>\n\n\n\n<ul class=\"wp-block-list\">\n<li>\u200b<strong>R$ 1,2 bilh\u00e3o:<\/strong> Volume estimado de movimenta\u00e7\u00f5es financeiras incompat\u00edveis.<\/li>\n\n\n\n<li>\u200b<strong>108 empresas:<\/strong> Identificadas como suspeitas de integrar o esquema de fraudes.<\/li>\n\n\n\n<li>\u200b<strong>48 quebras de sigilo:<\/strong> J\u00e1 aprovadas pela comiss\u00e3o para outros envolvidos.<\/li>\n<\/ul>\n\n\n\n<h3 class=\"wp-block-heading\">\u200bPr\u00f3ximos passos<\/h3>\n\n\n\n<p class=\"wp-block-paragraph\">\u200bO presidente da CPMI, senador <strong>Carlos Viana (Podemos-MG)<\/strong>, sinalizou que o relat\u00f3rio preliminar deve ser apresentado ainda em fevereiro. A comiss\u00e3o busca agora entender o fluxo de caixa que supostamente irrigava empresas de fachada e se havia coniv\u00eancia de altos escal\u00f5es do setor p\u00fablico.<\/p>\n\n\n\n<p class=\"wp-block-paragraph\">\u200bLula, por sua vez, tenta blindar o governo do desgaste pol\u00edtico, reiterando que a pr\u00f3pria gest\u00e3o foi quem deu in\u00edcio \u00e0s apura\u00e7\u00f5es por meio da <strong>Controladoria-Geral da Uni\u00e3o (CGU)<\/strong>. &#8220;A decis\u00e3o de apurar foi do governo. Quem estiver envolvido, vai pagar o pre\u00e7o&#8221;, concluiu.<\/p>\n","protected":false},"excerpt":{"rendered":"<p>Em uma declara\u00e7\u00e3o marcada pelo tom de austeridade familiar e pol\u00edtica, o presidente Luiz In\u00e1cio Lula da Silva revelou detalhes de uma conversa que teve [&#8230;]<\/p>\n","protected":false},"author":1,"featured_media":3300,"comment_status":"open","ping_status":"open","sticky":false,"template":"","format":"standard","meta":{"_crdt_document":"","_jetpack_memberships_contains_paid_content":false,"footnotes":"","jetpack_publicize_message":"","jetpack_publicize_feature_enabled":true,"jetpack_social_post_already_shared":true,"jetpack_social_options":{"image_generator_settings":{"template":"highway","default_image_id":0,"font":"","enabled":false},"version":2}},"categories":[3],"tags":[],"class_list":["post-3299","post","type-post","status-publish","format-standard","has-post-thumbnail","hentry","category-brasil"],"jetpack_publicize_connections":[],"jetpack_featured_media_url":"https:\/\/i0.wp.com\/oexpressobr.com.br\/wp-content\/uploads\/2026\/02\/IMG-20260205-WA0259.jpg?fit=1600%2C1066&ssl=1","jetpack_likes_enabled":true,"jetpack_sharing_enabled":true,"_links":{"self":[{"href":"https:\/\/oexpressobr.com.br\/index.php?rest_route=\/wp\/v2\/posts\/3299","targetHints":{"allow":["GET"]}}],"collection":[{"href":"https:\/\/oexpressobr.com.br\/index.php?rest_route=\/wp\/v2\/posts"}],"about":[{"href":"https:\/\/oexpressobr.com.br\/index.php?rest_route=\/wp\/v2\/types\/post"}],"author":[{"embeddable":true,"href":"https:\/\/oexpressobr.com.br\/index.php?rest_route=\/wp\/v2\/users\/1"}],"replies":[{"embeddable":true,"href":"https:\/\/oexpressobr.com.br\/index.php?rest_route=%2Fwp%2Fv2%2Fcomments&post=3299"}],"version-history":[{"count":1,"href":"https:\/\/oexpressobr.com.br\/index.php?rest_route=\/wp\/v2\/posts\/3299\/revisions"}],"predecessor-version":[{"id":3301,"href":"https:\/\/oexpressobr.com.br\/index.php?rest_route=\/wp\/v2\/posts\/3299\/revisions\/3301"}],"wp:featuredmedia":[{"embeddable":true,"href":"https:\/\/oexpressobr.com.br\/index.php?rest_route=\/wp\/v2\/media\/3300"}],"wp:attachment":[{"href":"https:\/\/oexpressobr.com.br\/index.php?rest_route=%2Fwp%2Fv2%2Fmedia&parent=3299"}],"wp:term":[{"taxonomy":"category","embeddable":true,"href":"https:\/\/oexpressobr.com.br\/index.php?rest_route=%2Fwp%2Fv2%2Fcategories&post=3299"},{"taxonomy":"post_tag","embeddable":true,"href":"https:\/\/oexpressobr.com.br\/index.php?rest_route=%2Fwp%2Fv2%2Ftags&post=3299"}],"curies":[{"name":"wp","href":"https:\/\/api.w.org\/{rel}","templated":true}]}}