{"id":3302,"date":"2026-02-05T21:09:11","date_gmt":"2026-02-06T00:09:11","guid":{"rendered":"https:\/\/oexpressobr.com.br\/?p=3302"},"modified":"2026-02-05T21:09:12","modified_gmt":"2026-02-06T00:09:12","slug":"flavio-dino-ordena-que-tres-poderes-suspendam-penduricalhos-e-respeitem-teto-constitucional","status":"publish","type":"post","link":"https:\/\/oexpressobr.com.br\/?p=3302","title":{"rendered":"Fl\u00e1vio Dino ordena que Tr\u00eas Poderes suspendam &#8220;penduricalhos&#8221; e respeitem teto constitucional"},"content":{"rendered":"\n<p class=\"wp-block-paragraph\">Em uma decis\u00e3o de impacto imediato para a administra\u00e7\u00e3o p\u00fablica brasileira, o ministro <strong>Fl\u00e1vio Dino<\/strong>, do Supremo Tribunal Federal (STF), determinou nesta quinta-feira, 5 de fevereiro de 2026, que o <strong>Executivo, o Legislativo e o Judici\u00e1rio<\/strong> revisem e suspendam o pagamento de benef\u00edcios conhecidos como &#8220;penduricalhos&#8221; que extrapolam o teto remunerat\u00f3rio do servi\u00e7o p\u00fablico.<\/p>\n\n\n\n<p class=\"wp-block-paragraph\">\u200bA medida cautelar estabelece um prazo de <strong>60 dias<\/strong> para que \u00f3rg\u00e3os federais, estaduais e municipais identifiquem e interrompam verbas indenizat\u00f3rias que n\u00e3o possuam base legal estrita ou que funcionem como &#8220;supersal\u00e1rios&#8221; disfar\u00e7ados.<\/p>\n\n\n\n<h3 class=\"wp-block-heading\">\u200bO fim do &#8220;Imp\u00e9rio dos Penduricalhos&#8221;<\/h3>\n\n\n\n<p class=\"wp-block-paragraph\">\u200bNa decis\u00e3o, Dino foi enf\u00e1tico ao criticar o que chamou de &#8220;fen\u00f4meno da multiplica\u00e7\u00e3o an\u00f4mala&#8221; de benef\u00edcios. O ministro destacou casos de verbas que recebem nomenclaturas informais ir\u00f4nicas, como o <strong>&#8220;aux\u00edlio-peru&#8221;<\/strong> ou <strong>&#8220;aux\u00edlio-panetone&#8221;<\/strong>, afirmando que tais pr\u00e1ticas afrontam o decoro das fun\u00e7\u00f5es p\u00fablicas e a moralidade administrativa.<\/p>\n\n\n\n<blockquote class=\"wp-block-quote is-layout-flow wp-block-quote-is-layout-flow\">\n<p class=\"wp-block-paragraph\">\u200b&#8221;Trata-se de uma extraordin\u00e1ria profus\u00e3o de supostas verbas de car\u00e1ter indenizat\u00f3rio, ultrapassando em muito o que a doutrina estabelece sobre o que \u00e9 uma indeniza\u00e7\u00e3o. Eram, na realidade, vantagens remunerat\u00f3rias dissimuladas&#8221;, afirmou o ministro.<\/p>\n<\/blockquote>\n\n\n\n<h3 class=\"wp-block-heading\">\u200bPrincipais pontos da decis\u00e3o<\/h3>\n\n\n\n<ul class=\"wp-block-list\">\n<li>\u200b<strong>Prazo de 60 dias:<\/strong> Todos os entes da federa\u00e7\u00e3o devem revisar suas folhas de pagamento e suspender o que n\u00e3o estiver previsto em lei nacional.<\/li>\n\n\n\n<li>\u200b<strong>Teto Constitucional:<\/strong> O limite m\u00e1ximo de remunera\u00e7\u00e3o deve ser rigorosamente o sal\u00e1rio de ministro do STF, atualmente fixado em <strong>R$ 46.366,19<\/strong>.<\/li>\n\n\n\n<li>\u200b<strong>Exemplos citados:<\/strong> Foram listados benef\u00edcios como aux\u00edlio-locomo\u00e7\u00e3o sem comprova\u00e7\u00e3o de deslocamento, licen\u00e7as-pr\u00eamio convertidas em dinheiro de forma injustificada e gratifica\u00e7\u00f5es por &#8220;ac\u00famulo de processos&#8221;.<\/li>\n\n\n\n<li>\u200b<strong>Cobran\u00e7a ao Congresso:<\/strong> Dino determinou que o <strong>Congresso Nacional<\/strong> edite, em regime de urg\u00eancia, uma lei nacional para regulamentar quais verbas podem ser consideradas, de fato, indenizat\u00f3rias e, portanto, exclu\u00eddas do teto.<\/li>\n<\/ul>\n\n\n\n<h3 class=\"wp-block-heading\">\u200bPr\u00f3ximos passos no Judici\u00e1rio<\/h3>\n\n\n\n<p class=\"wp-block-paragraph\">\u200bA decis\u00e3o liminar foi proferida no \u00e2mbito da Reclama\u00e7\u00e3o (RCL) 88.319. Embora j\u00e1 esteja em vigor, a determina\u00e7\u00e3o de Fl\u00e1vio Dino ser\u00e1 submetida ao referendo do plen\u00e1rio do STF. O julgamento para que os demais ministros confirmem ou n\u00e3o a suspens\u00e3o j\u00e1 foi agendado para o dia <strong>25 de fevereiro de 2026<\/strong>.<\/p>\n\n\n\n<p class=\"wp-block-paragraph\">\u200bA medida \u00e9 vista como um al\u00edvio para as contas p\u00fablicas, especialmente em um momento de press\u00e3o sobre o or\u00e7amento federal, e busca encerrar a &#8220;corrida de gratifica\u00e7\u00f5es&#8221; entre diferentes categorias do funcionalismo.<\/p>\n","protected":false},"excerpt":{"rendered":"<p>Em uma decis\u00e3o de impacto imediato para a administra\u00e7\u00e3o p\u00fablica brasileira, o ministro Fl\u00e1vio Dino, do Supremo Tribunal Federal (STF), determinou nesta quinta-feira, 5 de [&#8230;]<\/p>\n","protected":false},"author":1,"featured_media":3303,"comment_status":"open","ping_status":"open","sticky":false,"template":"","format":"standard","meta":{"_crdt_document":"","_jetpack_memberships_contains_paid_content":false,"footnotes":"","jetpack_publicize_message":"","jetpack_publicize_feature_enabled":true,"jetpack_social_post_already_shared":true,"jetpack_social_options":{"image_generator_settings":{"template":"highway","default_image_id":0,"font":"","enabled":false},"version":2}},"categories":[8],"tags":[],"class_list":["post-3302","post","type-post","status-publish","format-standard","has-post-thumbnail","hentry","category-judiciario"],"jetpack_publicize_connections":[],"jetpack_featured_media_url":"https:\/\/i0.wp.com\/oexpressobr.com.br\/wp-content\/uploads\/2026\/02\/IMG-20260205-WA0263.jpg?fit=1600%2C1067&ssl=1","jetpack_likes_enabled":true,"jetpack_sharing_enabled":true,"_links":{"self":[{"href":"https:\/\/oexpressobr.com.br\/index.php?rest_route=\/wp\/v2\/posts\/3302","targetHints":{"allow":["GET"]}}],"collection":[{"href":"https:\/\/oexpressobr.com.br\/index.php?rest_route=\/wp\/v2\/posts"}],"about":[{"href":"https:\/\/oexpressobr.com.br\/index.php?rest_route=\/wp\/v2\/types\/post"}],"author":[{"embeddable":true,"href":"https:\/\/oexpressobr.com.br\/index.php?rest_route=\/wp\/v2\/users\/1"}],"replies":[{"embeddable":true,"href":"https:\/\/oexpressobr.com.br\/index.php?rest_route=%2Fwp%2Fv2%2Fcomments&post=3302"}],"version-history":[{"count":1,"href":"https:\/\/oexpressobr.com.br\/index.php?rest_route=\/wp\/v2\/posts\/3302\/revisions"}],"predecessor-version":[{"id":3304,"href":"https:\/\/oexpressobr.com.br\/index.php?rest_route=\/wp\/v2\/posts\/3302\/revisions\/3304"}],"wp:featuredmedia":[{"embeddable":true,"href":"https:\/\/oexpressobr.com.br\/index.php?rest_route=\/wp\/v2\/media\/3303"}],"wp:attachment":[{"href":"https:\/\/oexpressobr.com.br\/index.php?rest_route=%2Fwp%2Fv2%2Fmedia&parent=3302"}],"wp:term":[{"taxonomy":"category","embeddable":true,"href":"https:\/\/oexpressobr.com.br\/index.php?rest_route=%2Fwp%2Fv2%2Fcategories&post=3302"},{"taxonomy":"post_tag","embeddable":true,"href":"https:\/\/oexpressobr.com.br\/index.php?rest_route=%2Fwp%2Fv2%2Ftags&post=3302"}],"curies":[{"name":"wp","href":"https:\/\/api.w.org\/{rel}","templated":true}]}}