{"id":3310,"date":"2026-02-05T21:21:11","date_gmt":"2026-02-06T00:21:11","guid":{"rendered":"https:\/\/oexpressobr.com.br\/?p=3310"},"modified":"2026-02-05T21:21:12","modified_gmt":"2026-02-06T00:21:12","slug":"carros-fantasmas-assustam-moradores-mas-especialistas-explicam-falhas-tecnologicas-e-mecanicas-que-causam-o-fenomeno","status":"publish","type":"post","link":"https:\/\/oexpressobr.com.br\/?p=3310","title":{"rendered":"CARROS &#8220;FANTASMAS&#8221; assustam moradores, mas especialistas explicam falhas tecnol\u00f3gicas e mec\u00e2nicas que causam o fen\u00f4meno"},"content":{"rendered":"\n<p class=\"wp-block-paragraph\">Um v\u00eddeo que circula nas redes sociais e ganhou destaque nos portais de not\u00edcias nesta semana registrou um momento de p\u00e2nico para uma moradora de Goi\u00e2nia. As imagens de seguran\u00e7a mostram o ve\u00edculo da fam\u00edlia, que estava estacionado na garagem, iniciando um movimento espont\u00e2neo, o que levou a propriet\u00e1ria a acreditar, inicialmente, em uma atividade paranormal ou tentativa de furto.<\/p>\n\n\n\n<h3 class=\"wp-block-heading\">\u200bO Incidente<\/h3>\n\n\n\n<p class=\"wp-block-paragraph\">\u200bO caso ocorreu durante a noite, quando a moradora ouviu barulhos vindos da garagem. Ao verificar as c\u00e2meras, ela avistou o carro se deslocando lentamente, mesmo sem ningu\u00e9m ao volante e com o motor desligado. O susto foi imediato, mas a explica\u00e7\u00e3o para o &#8220;carro fantasma&#8221; \u00e9 estritamente mec\u00e2nica e serve de alerta para outros motoristas.<\/p>\n\n\n\n<h3 class=\"wp-block-heading\">\u200bPor que o carro se moveu?<\/h3>\n\n\n\n<p class=\"wp-block-paragraph\">\u200bDe acordo com peritos mec\u00e2nicos e as \u00faltimas atualiza\u00e7\u00f5es sobre casos similares, existem tr\u00eas causas principais que explicam esse fen\u00f4meno:<\/p>\n\n\n\n<ol class=\"wp-block-list\">\n<li>\u200b<strong>Dilata\u00e7\u00e3o e Contra\u00e7\u00e3o T\u00e9rmica:<\/strong> Em ve\u00edculos com freio de m\u00e3o manual, se o sistema for puxado com o carro ainda muito quente (ap\u00f3s longo uso), as pe\u00e7as met\u00e1licas e as lonas de freio podem sofrer uma leve contra\u00e7\u00e3o ao esfriar. Isso reduz a press\u00e3o de frenagem, permitindo que o carro ven\u00e7a a in\u00e9rcia, especialmente em declives leves.<\/li>\n\n\n\n<li>\u200b<strong>Falha no Ajuste do Cabo:<\/strong> O desgaste natural do cabo do freio de m\u00e3o faz com que ele perca a tens\u00e3o. Muitas vezes, o motorista sente que &#8220;puxou&#8221; a alavanca, mas ela n\u00e3o atingiu o torque necess\u00e1rio para travar as rodas traseiras com seguran\u00e7a.<\/li>\n\n\n\n<li>\u200b<strong>Vibra\u00e7\u00f5es Externas:<\/strong> Em alguns casos relatados recentemente, vibra\u00e7\u00f5es causadas pela passagem de ve\u00edculos pesados na rua ou obras pr\u00f3ximas podem ser o &#8220;empurr\u00e3ozinho&#8221; final para um carro que j\u00e1 estava com o freio no limite da ader\u00eancia.<\/li>\n<\/ol>\n\n\n\n<h3 class=\"wp-block-heading\">\u200bRecomenda\u00e7\u00f5es de Seguran\u00e7a<\/h3>\n\n\n\n<p class=\"wp-block-paragraph\">\u200bPara evitar que o seu ve\u00edculo protagonize um v\u00eddeo de &#8220;mist\u00e9rio&#8221; na internet (ou cause um acidente real), especialistas recomendam:<\/p>\n\n\n\n<ul class=\"wp-block-list\">\n<li>\u200b<strong>Engate a marcha:<\/strong> Al\u00e9m de puxar o freio de m\u00e3o, deixe o carro engatado em primeira marcha (se estiver virado para cima) ou r\u00e9 (se estiver virado para baixo).<\/li>\n\n\n\n<li>\u200b<strong>Manuten\u00e7\u00e3o Preventiva:<\/strong> Verifique o estado das lonas e a regulagem do cabo do freio a cada 10.000 km.<\/li>\n\n\n\n<li>\u200b<strong>Posi\u00e7\u00e3o das Rodas:<\/strong> Em ladeiras, vire as rodas em dire\u00e7\u00e3o \u00e0 cal\u00e7ada (meio-fio). Assim, se o sistema falhar, o pneu servir\u00e1 de trava contra o obst\u00e1culo f\u00edsico.<\/li>\n<\/ul>\n","protected":false},"excerpt":{"rendered":"<p>Um v\u00eddeo que circula nas redes sociais e ganhou destaque nos portais de not\u00edcias nesta semana registrou um momento de p\u00e2nico para uma moradora de [&#8230;]<\/p>\n","protected":false},"author":1,"featured_media":3311,"comment_status":"open","ping_status":"open","sticky":false,"template":"","format":"standard","meta":{"_crdt_document":"","_jetpack_memberships_contains_paid_content":false,"footnotes":"","jetpack_publicize_message":"","jetpack_publicize_feature_enabled":true,"jetpack_social_post_already_shared":true,"jetpack_social_options":{"image_generator_settings":{"template":"highway","default_image_id":0,"font":"","enabled":false},"version":2}},"categories":[33],"tags":[],"class_list":["post-3310","post","type-post","status-publish","format-standard","has-post-thumbnail","hentry","category-curiosidade"],"jetpack_publicize_connections":[],"jetpack_featured_media_url":"https:\/\/i0.wp.com\/oexpressobr.com.br\/wp-content\/uploads\/2026\/02\/IMG-20260205-WA0261.jpg?fit=1600%2C900&ssl=1","jetpack_likes_enabled":true,"jetpack_sharing_enabled":true,"_links":{"self":[{"href":"https:\/\/oexpressobr.com.br\/index.php?rest_route=\/wp\/v2\/posts\/3310","targetHints":{"allow":["GET"]}}],"collection":[{"href":"https:\/\/oexpressobr.com.br\/index.php?rest_route=\/wp\/v2\/posts"}],"about":[{"href":"https:\/\/oexpressobr.com.br\/index.php?rest_route=\/wp\/v2\/types\/post"}],"author":[{"embeddable":true,"href":"https:\/\/oexpressobr.com.br\/index.php?rest_route=\/wp\/v2\/users\/1"}],"replies":[{"embeddable":true,"href":"https:\/\/oexpressobr.com.br\/index.php?rest_route=%2Fwp%2Fv2%2Fcomments&post=3310"}],"version-history":[{"count":1,"href":"https:\/\/oexpressobr.com.br\/index.php?rest_route=\/wp\/v2\/posts\/3310\/revisions"}],"predecessor-version":[{"id":3312,"href":"https:\/\/oexpressobr.com.br\/index.php?rest_route=\/wp\/v2\/posts\/3310\/revisions\/3312"}],"wp:featuredmedia":[{"embeddable":true,"href":"https:\/\/oexpressobr.com.br\/index.php?rest_route=\/wp\/v2\/media\/3311"}],"wp:attachment":[{"href":"https:\/\/oexpressobr.com.br\/index.php?rest_route=%2Fwp%2Fv2%2Fmedia&parent=3310"}],"wp:term":[{"taxonomy":"category","embeddable":true,"href":"https:\/\/oexpressobr.com.br\/index.php?rest_route=%2Fwp%2Fv2%2Fcategories&post=3310"},{"taxonomy":"post_tag","embeddable":true,"href":"https:\/\/oexpressobr.com.br\/index.php?rest_route=%2Fwp%2Fv2%2Ftags&post=3310"}],"curies":[{"name":"wp","href":"https:\/\/api.w.org\/{rel}","templated":true}]}}