{"id":3321,"date":"2026-02-05T21:35:25","date_gmt":"2026-02-06T00:35:25","guid":{"rendered":"https:\/\/oexpressobr.com.br\/?p=3321"},"modified":"2026-02-05T21:35:27","modified_gmt":"2026-02-06T00:35:27","slug":"william-bonner-assume-reportagem-no-novo-globo-reporter-com-participacao-de-joao-gomes","status":"publish","type":"post","link":"https:\/\/oexpressobr.com.br\/?p=3321","title":{"rendered":"William Bonner assume reportagem no novo Globo Rep\u00f3rter com participa\u00e7\u00e3o de Jo\u00e3o Gomes"},"content":{"rendered":"\n<p class=\"wp-block-paragraph\">\u200bO jornalismo da TV Globo iniciou 2026 com uma reformula\u00e7\u00e3o hist\u00f3rica. Em evento realizado nesta quinta-feira (5), a emissora confirmou que <strong>William Bonner<\/strong>, ap\u00f3s sua ic\u00f4nica sa\u00edda da bancada do <em>Jornal Nacional<\/em> no final do ano passado, estreia em 20 de fevereiro como o novo rosto do <strong>Globo Rep\u00f3rter<\/strong> ao lado de <strong>Sandra Annenberg<\/strong>.<\/p>\n\n\n\n<p class=\"wp-block-paragraph\">\u200bA grande surpresa, no entanto, \u00e9 que Bonner n\u00e3o ficar\u00e1 restrito ao est\u00fadio. O jornalista voltar\u00e1 \u00e0s origens como <strong>rep\u00f3rter de campo<\/strong>, conduzindo pautas especiais sugeridas por ele mesmo. Um dos destaques j\u00e1 anunciados \u00e9 um programa especial com o cantor <strong>Jo\u00e3o Gomes<\/strong>, previsto para ir ao ar em mar\u00e7o, onde a trajet\u00f3ria do fen\u00f4meno do piseiro ser\u00e1 explorada sob o novo olhar documental da atra\u00e7\u00e3o.<\/p>\n\n\n\n<h3 class=\"wp-block-heading\">\u200bInova\u00e7\u00f5es e o fim do teleprompter<\/h3>\n\n\n\n<p class=\"wp-block-paragraph\">\u200bA nova fase do <em>Globo Rep\u00f3rter<\/em> promete abandonar a rigidez. A diretora M\u00f4nica Maria Barbosa revelou que a dupla de apresentadores ir\u00e1 dispensar o uso do <em>teleprompter<\/em> (aparelho de leitura de textos), priorizando uma apresenta\u00e7\u00e3o <strong>informal, conversada e leve<\/strong>.<\/p>\n\n\n\n<blockquote class=\"wp-block-quote is-layout-flow wp-block-quote-is-layout-flow\">\n<p class=\"wp-block-paragraph\">\u200b&#8221;\u00c9 algo novo para a gente. Poder conversar com o colega antes de apresentar o programa \u00e9 muito mais divertido&#8221;, afirmou Bonner durante o an\u00fancio.<\/p>\n<\/blockquote>\n\n\n\n<h3 class=\"wp-block-heading\">\u200bOutras novidades na grade de 2026<\/h3>\n\n\n\n<p class=\"wp-block-paragraph\">\u200bA emissora tamb\u00e9m detalhou mudan\u00e7as estrat\u00e9gicas em outros setores do jornalismo:<\/p>\n\n\n\n<ul class=\"wp-block-list\">\n<li>\u200b<strong>Elei\u00e7\u00f5es 2026:<\/strong> As sabatinas presidenciais ganham um programa pr\u00f3prio ap\u00f3s o <em>Jornal Nacional<\/em>, suspendendo a exibi\u00e7\u00e3o da novela das nove nesses dias. <strong>Renata Vasconcellos<\/strong> e <strong>C\u00e9sar Tralli<\/strong> comandam o primeiro turno, enquanto <strong>Renata Lo Prete<\/strong> assume um eventual segundo turno.<\/li>\n\n\n\n<li>\u200b<strong>Fant\u00e1stico:<\/strong> Estreia de quadros como &#8220;Essa tal de&#8230; adolesc\u00eancia&#8221;, com Poliana Abritta, e cr\u00f4nicas sobre sa\u00fade mental com o influenciador <strong>Felca<\/strong>.<\/li>\n\n\n\n<li>\u200b<strong>GloboNews e g1:<\/strong> Inaugura\u00e7\u00e3o de novos est\u00fadios tecnol\u00f3gicos na antiga reda\u00e7\u00e3o do JN e foco em document\u00e1rios investigativos, como o projeto &#8220;Anatomia do Post&#8221;, sobre o v\u00edcio em redes sociais.<\/li>\n<\/ul>\n","protected":false},"excerpt":{"rendered":"<p>\u200bO jornalismo da TV Globo iniciou 2026 com uma reformula\u00e7\u00e3o hist\u00f3rica. Em evento realizado nesta quinta-feira (5), a emissora confirmou que William Bonner, ap\u00f3s sua [&#8230;]<\/p>\n","protected":false},"author":1,"featured_media":3322,"comment_status":"open","ping_status":"open","sticky":false,"template":"","format":"standard","meta":{"_crdt_document":"","_jetpack_memberships_contains_paid_content":false,"footnotes":"","jetpack_publicize_message":"","jetpack_publicize_feature_enabled":true,"jetpack_social_post_already_shared":true,"jetpack_social_options":{"image_generator_settings":{"template":"highway","default_image_id":0,"font":"","enabled":false},"version":2}},"categories":[31],"tags":[],"class_list":["post-3321","post","type-post","status-publish","format-standard","has-post-thumbnail","hentry","category-entretenimento"],"jetpack_publicize_connections":[],"jetpack_featured_media_url":"https:\/\/i0.wp.com\/oexpressobr.com.br\/wp-content\/uploads\/2026\/02\/IMG-20260205-WA0267.jpg?fit=1600%2C1064&ssl=1","jetpack_likes_enabled":true,"jetpack_sharing_enabled":true,"_links":{"self":[{"href":"https:\/\/oexpressobr.com.br\/index.php?rest_route=\/wp\/v2\/posts\/3321","targetHints":{"allow":["GET"]}}],"collection":[{"href":"https:\/\/oexpressobr.com.br\/index.php?rest_route=\/wp\/v2\/posts"}],"about":[{"href":"https:\/\/oexpressobr.com.br\/index.php?rest_route=\/wp\/v2\/types\/post"}],"author":[{"embeddable":true,"href":"https:\/\/oexpressobr.com.br\/index.php?rest_route=\/wp\/v2\/users\/1"}],"replies":[{"embeddable":true,"href":"https:\/\/oexpressobr.com.br\/index.php?rest_route=%2Fwp%2Fv2%2Fcomments&post=3321"}],"version-history":[{"count":1,"href":"https:\/\/oexpressobr.com.br\/index.php?rest_route=\/wp\/v2\/posts\/3321\/revisions"}],"predecessor-version":[{"id":3323,"href":"https:\/\/oexpressobr.com.br\/index.php?rest_route=\/wp\/v2\/posts\/3321\/revisions\/3323"}],"wp:featuredmedia":[{"embeddable":true,"href":"https:\/\/oexpressobr.com.br\/index.php?rest_route=\/wp\/v2\/media\/3322"}],"wp:attachment":[{"href":"https:\/\/oexpressobr.com.br\/index.php?rest_route=%2Fwp%2Fv2%2Fmedia&parent=3321"}],"wp:term":[{"taxonomy":"category","embeddable":true,"href":"https:\/\/oexpressobr.com.br\/index.php?rest_route=%2Fwp%2Fv2%2Fcategories&post=3321"},{"taxonomy":"post_tag","embeddable":true,"href":"https:\/\/oexpressobr.com.br\/index.php?rest_route=%2Fwp%2Fv2%2Ftags&post=3321"}],"curies":[{"name":"wp","href":"https:\/\/api.w.org\/{rel}","templated":true}]}}