{"id":3326,"date":"2026-02-05T21:40:34","date_gmt":"2026-02-06T00:40:34","guid":{"rendered":"https:\/\/oexpressobr.com.br\/?p=3326"},"modified":"2026-02-05T21:40:36","modified_gmt":"2026-02-06T00:40:36","slug":"camara-de-bh-e-blocos-de-rua-divergem-sobre-projeto-que-restringe-criancas-no-carnaval","status":"publish","type":"post","link":"https:\/\/oexpressobr.com.br\/?p=3326","title":{"rendered":"C\u00e2mara de BH e blocos de rua divergem sobre projeto que restringe crian\u00e7as no Carnaval"},"content":{"rendered":"\n<p class=\"wp-block-paragraph\">\u200bA proximidade do <strong>Carnaval 2026<\/strong> trouxe de volta um debate acalorado sobre os limites da festa e a prote\u00e7\u00e3o \u00e0 inf\u00e2ncia. Na \u00faltima ter\u00e7a-feira (3), a <strong>C\u00e2mara Municipal de Belo Horizonte (CMBH)<\/strong> aprovou em primeiro turno o <strong>Projeto de Lei 11\/2025<\/strong>, que visa proibir a presen\u00e7a de menores de idade em eventos considerados &#8220;impr\u00f3prios&#8221;, incluindo blocos de rua e paradas LGBTQIAPN+ que apresentem conte\u00fados de teor sexual ou nudez.<\/p>\n\n\n\n<p class=\"wp-block-paragraph\">\u200bA proposta, de autoria do vereador <strong>Pablo Almeida (PL)<\/strong> e outros parlamentares da ala conservadora, recebeu <strong>24 votos favor\u00e1veis<\/strong> e <strong>13 contr\u00e1rios<\/strong>. O texto prev\u00ea que os organizadores devem fixar classifica\u00e7\u00e3o indicativa e, em caso de descumprimento, podem enfrentar multas de R$ 1.000 e suspens\u00e3o de licen\u00e7as para eventos futuros.<\/p>\n\n\n\n<h3 class=\"wp-block-heading\">\u200bArgumentos em conflito: Prote\u00e7\u00e3o ou Censura?<\/h3>\n\n\n\n<p class=\"wp-block-paragraph\">\u200bOs defensores da medida argumentam que o ambiente do Carnaval de rua, em certos pontos, exp\u00f5e crian\u00e7as a situa\u00e7\u00f5es inadequadas que podem gerar danos psicol\u00f3gicos. &#8220;A exposi\u00e7\u00e3o a conte\u00fados impr\u00f3prios pode gerar danos irrepar\u00e1veis&#8221;, justificaram os autores no texto do projeto.<\/p>\n\n\n\n<p class=\"wp-block-paragraph\">\u200bPor outro lado, a proposta enfrenta uma resist\u00eancia ferrenha de representantes culturais e \u00f3rg\u00e3os jur\u00eddicos:<\/p>\n\n\n\n<ul class=\"wp-block-list\">\n<li>\u200b<strong>Criminaliza\u00e7\u00e3o da Cultura:<\/strong> Dirigentes de blocos e movimentos sociais classificam a medida como uma &#8220;tentativa de censura&#8221; e um ataque direto \u00e0 tradi\u00e7\u00e3o brasileira.<\/li>\n\n\n\n<li>\u200b<strong>Inconstitucionalidade:<\/strong> A <strong>Defensoria P\u00fablica de Minas Gerais (DPMG)<\/strong> j\u00e1 manifestou que o projeto viola o <strong>Estatuto da Crian\u00e7a e do Adolescente (ECA)<\/strong> e a pr\u00f3pria Constitui\u00e7\u00e3o Federal, que garantem o direito \u00e0 livre circula\u00e7\u00e3o e participa\u00e7\u00e3o em festas p\u00fablicas. O \u00f3rg\u00e3o prometeu ajuizar uma a\u00e7\u00e3o caso a proposta avance.<\/li>\n\n\n\n<li>\u200b<strong>Acusa\u00e7\u00f5es de Racismo:<\/strong> A vereadora <strong>Iza Louren\u00e7a (PSOL)<\/strong> criticou a men\u00e7\u00e3o espec\u00edfica a blocos afro no corpo do projeto, classificando a reda\u00e7\u00e3o como &#8220;racismo escancarado&#8221;.<\/li>\n<\/ul>\n\n\n\n<h3 class=\"wp-block-heading\">\u200bRegras vigentes em outras regi\u00f5es<\/h3>\n\n\n\n<p class=\"wp-block-paragraph\">\u200bEnquanto Belo Horizonte debate a nova lei, o Judici\u00e1rio em outros estados j\u00e1 estabeleceu portarias para o Carnaval 2026 focadas na seguran\u00e7a:<\/p>\n\n\n\n<ul class=\"wp-block-list\">\n<li>\u200b<strong>Maranh\u00e3o e Amazonas:<\/strong> Juizados da Inf\u00e2ncia exigem alvar\u00e1s para crian\u00e7as desfilarem e imp\u00f5em limites de hor\u00e1rio (geralmente at\u00e9 meia-noite para menores de 6 anos).<\/li>\n\n\n\n<li>\u200b<strong>Rio de Janeiro:<\/strong> Portarias do TJ-RJ refor\u00e7am a proibi\u00e7\u00e3o de menores em posi\u00e7\u00f5es de risco em carros aleg\u00f3ricos e a obrigatoriedade de crach\u00e1s de identifica\u00e7\u00e3o.<\/li>\n<\/ul>\n\n\n\n<h3 class=\"wp-block-heading\">\u200bPr\u00f3ximos passos<\/h3>\n\n\n\n<p class=\"wp-block-paragraph\">\u200bO PL 11\/2025 ainda precisa passar por comiss\u00f5es e por uma <strong>vota\u00e7\u00e3o em segundo turno<\/strong> na CMBH antes de seguir para san\u00e7\u00e3o ou veto do prefeito <strong>\u00c1lvaro Dami\u00e3o (Uni\u00e3o Brasil)<\/strong>. Dado o calend\u00e1rio, \u00e9 pouco prov\u00e1vel que a restri\u00e7\u00e3o entre em vigor antes do feriado deste ano, mas a pol\u00eamica promete pautar o comportamento dos foli\u00f5es e a fiscaliza\u00e7\u00e3o dos blocos.<\/p>\n","protected":false},"excerpt":{"rendered":"<p>\u200bA proximidade do Carnaval 2026 trouxe de volta um debate acalorado sobre os limites da festa e a prote\u00e7\u00e3o \u00e0 inf\u00e2ncia. Na \u00faltima ter\u00e7a-feira (3), [&#8230;]<\/p>\n","protected":false},"author":1,"featured_media":3327,"comment_status":"open","ping_status":"open","sticky":false,"template":"","format":"standard","meta":{"_crdt_document":"","_jetpack_memberships_contains_paid_content":false,"footnotes":"","jetpack_publicize_message":"","jetpack_publicize_feature_enabled":true,"jetpack_social_post_already_shared":true,"jetpack_social_options":{"image_generator_settings":{"template":"highway","default_image_id":0,"font":"","enabled":false},"version":2}},"categories":[31],"tags":[],"class_list":["post-3326","post","type-post","status-publish","format-standard","has-post-thumbnail","hentry","category-entretenimento"],"jetpack_publicize_connections":[],"jetpack_featured_media_url":"https:\/\/i0.wp.com\/oexpressobr.com.br\/wp-content\/uploads\/2026\/02\/IMG-20260205-WA0266.jpg?fit=1009%2C589&ssl=1","jetpack_likes_enabled":true,"jetpack_sharing_enabled":true,"_links":{"self":[{"href":"https:\/\/oexpressobr.com.br\/index.php?rest_route=\/wp\/v2\/posts\/3326","targetHints":{"allow":["GET"]}}],"collection":[{"href":"https:\/\/oexpressobr.com.br\/index.php?rest_route=\/wp\/v2\/posts"}],"about":[{"href":"https:\/\/oexpressobr.com.br\/index.php?rest_route=\/wp\/v2\/types\/post"}],"author":[{"embeddable":true,"href":"https:\/\/oexpressobr.com.br\/index.php?rest_route=\/wp\/v2\/users\/1"}],"replies":[{"embeddable":true,"href":"https:\/\/oexpressobr.com.br\/index.php?rest_route=%2Fwp%2Fv2%2Fcomments&post=3326"}],"version-history":[{"count":1,"href":"https:\/\/oexpressobr.com.br\/index.php?rest_route=\/wp\/v2\/posts\/3326\/revisions"}],"predecessor-version":[{"id":3328,"href":"https:\/\/oexpressobr.com.br\/index.php?rest_route=\/wp\/v2\/posts\/3326\/revisions\/3328"}],"wp:featuredmedia":[{"embeddable":true,"href":"https:\/\/oexpressobr.com.br\/index.php?rest_route=\/wp\/v2\/media\/3327"}],"wp:attachment":[{"href":"https:\/\/oexpressobr.com.br\/index.php?rest_route=%2Fwp%2Fv2%2Fmedia&parent=3326"}],"wp:term":[{"taxonomy":"category","embeddable":true,"href":"https:\/\/oexpressobr.com.br\/index.php?rest_route=%2Fwp%2Fv2%2Fcategories&post=3326"},{"taxonomy":"post_tag","embeddable":true,"href":"https:\/\/oexpressobr.com.br\/index.php?rest_route=%2Fwp%2Fv2%2Ftags&post=3326"}],"curies":[{"name":"wp","href":"https:\/\/api.w.org\/{rel}","templated":true}]}}