{"id":3331,"date":"2026-02-05T21:46:41","date_gmt":"2026-02-06T00:46:41","guid":{"rendered":"https:\/\/oexpressobr.com.br\/?p=3331"},"modified":"2026-02-05T21:46:42","modified_gmt":"2026-02-06T00:46:42","slug":"prisao-de-empresario-brasileiro-mobiliza-comunidade-e-politicos-em-massachusetts","status":"publish","type":"post","link":"https:\/\/oexpressobr.com.br\/?p=3331","title":{"rendered":"Pris\u00e3o de empres\u00e1rio brasileiro mobiliza comunidade e pol\u00edticos em Massachusetts"},"content":{"rendered":"\n<p class=\"wp-block-paragraph\">\u200bA pacata cidade de Stow, em Massachusetts, tornou-se o centro de um fervoroso debate sobre imigra\u00e7\u00e3o ap\u00f3s a deten\u00e7\u00e3o de <strong>Maximiano Fernandes<\/strong>, de 41 anos. O brasileiro, propriet\u00e1rio da popular cafeteria <strong>Stow Coffee Shop<\/strong>, foi detido na \u00faltima semana por agentes do ICE (<em>Immigration and Customs Enforcement<\/em>) devido \u00e0 expira\u00e7\u00e3o de seu visto de perman\u00eancia no pa\u00eds.<\/p>\n\n\n\n<p class=\"wp-block-paragraph\">\u200bA pris\u00e3o de &#8220;Max&#8221;, como \u00e9 carinhosamente conhecido, n\u00e3o passou despercebida. Em poucos dias, o caso escalou de uma quest\u00e3o administrativa para um movimento comunit\u00e1rio de apoio, ganhando o respaldo de figuras pol\u00edticas influentes da regi\u00e3o, incluindo o senador estadual <strong>Jamie Eldridge<\/strong>.<\/p>\n\n\n\n<h3 class=\"wp-block-heading\">\u200bOs Detalhes do Caso<\/h3>\n\n\n\n<p class=\"wp-block-paragraph\">\u200bMaximiano vivia e trabalhava nos Estados Unidos h\u00e1 anos, estabelecendo-se como um empreendedor local respeitado. Segundo informa\u00e7\u00f5es preliminares, a abordagem do ICE ocorreu de forma inesperada, baseada no status irregular de sua documenta\u00e7\u00e3o.<\/p>\n\n\n\n<p class=\"wp-block-paragraph\">\u200b<strong>Principais pontos de mobiliza\u00e7\u00e3o:<\/strong><\/p>\n\n\n\n<ul class=\"wp-block-list\">\n<li>\u200b<strong>Apoio Pol\u00edtico:<\/strong> O senador Jamie Eldridge tem sido uma das vozes mais ativas, classificando a deten\u00e7\u00e3o como um preju\u00edzo para a economia local e para a coes\u00e3o da cidade.<\/li>\n\n\n\n<li>\u200b<strong>Comunidade Local:<\/strong> Moradores de Stow iniciaram campanhas em redes sociais e peti\u00e7\u00f5es para impedir a deporta\u00e7\u00e3o de Fernandes, destacando seu papel como &#8220;pilar da comunidade&#8221;.<\/li>\n\n\n\n<li>\u200b<strong>Impacto Econ\u00f4mico:<\/strong> O fechamento tempor\u00e1rio da cafeteria \u2014 ou a incerteza sobre seu futuro \u2014 gerou como\u00e7\u00e3o entre os clientes habituais que viam no estabelecimento um ponto de encontro vital.<\/li>\n<\/ul>\n\n\n\n<h3 class=\"wp-block-heading\">\u200bO Cen\u00e1rio da Imigra\u00e7\u00e3o nos EUA<\/h3>\n\n\n\n<p class=\"wp-block-paragraph\">\u200bO caso de Maximiano reflete o endurecimento das pol\u00edticas de fiscaliza\u00e7\u00e3o do ICE, que tem focado n\u00e3o apenas em indiv\u00edduos com antecedentes criminais, mas tamb\u00e9m em imigrantes integrados \u00e0 sociedade civil que possuem irregularidades de visto.<\/p>\n\n\n\n<blockquote class=\"wp-block-quote is-layout-flow wp-block-quote-is-layout-flow\">\n<p class=\"wp-block-paragraph\">\u200b&#8221;Ele \u00e9 um vizinho, um amigo e um empres\u00e1rio que contribui para o nosso estado. Ver algu\u00e9m ser levado dessa forma abala a sensa\u00e7\u00e3o de seguran\u00e7a de toda a comunidade&#8221;, afirmou um residente em postagem de apoio.<\/p>\n<\/blockquote>\n\n\n\n<h3 class=\"wp-block-heading\">\u200bPr\u00f3ximos Passos<\/h3>\n\n\n\n<p class=\"wp-block-paragraph\">\u200bA defesa jur\u00eddica de Maximiano agora corre contra o tempo para tentar um recurso que permita sua perman\u00eancia no pa\u00eds sob fian\u00e7a ou por meio de uma revis\u00e3o de seu processo imigrat\u00f3rio. Enquanto isso, a cafeteria permanece como um s\u00edmbolo da resist\u00eancia local contra as deporta\u00e7\u00f5es de residentes sem hist\u00f3rico criminal.<\/p>\n","protected":false},"excerpt":{"rendered":"<p>\u200bA pacata cidade de Stow, em Massachusetts, tornou-se o centro de um fervoroso debate sobre imigra\u00e7\u00e3o ap\u00f3s a deten\u00e7\u00e3o de Maximiano Fernandes, de 41 anos. [&#8230;]<\/p>\n","protected":false},"author":1,"featured_media":3332,"comment_status":"open","ping_status":"open","sticky":false,"template":"","format":"standard","meta":{"_crdt_document":"","_jetpack_memberships_contains_paid_content":false,"footnotes":"","jetpack_publicize_message":"","jetpack_publicize_feature_enabled":true,"jetpack_social_post_already_shared":true,"jetpack_social_options":{"image_generator_settings":{"template":"highway","default_image_id":0,"font":"","enabled":false},"version":2}},"categories":[15],"tags":[],"class_list":["post-3331","post","type-post","status-publish","format-standard","has-post-thumbnail","hentry","category-internacional"],"jetpack_publicize_connections":[],"jetpack_featured_media_url":"https:\/\/i0.wp.com\/oexpressobr.com.br\/wp-content\/uploads\/2026\/02\/IMG-20260205-WA0273.jpg?fit=897%2C505&ssl=1","jetpack_likes_enabled":true,"jetpack_sharing_enabled":true,"_links":{"self":[{"href":"https:\/\/oexpressobr.com.br\/index.php?rest_route=\/wp\/v2\/posts\/3331","targetHints":{"allow":["GET"]}}],"collection":[{"href":"https:\/\/oexpressobr.com.br\/index.php?rest_route=\/wp\/v2\/posts"}],"about":[{"href":"https:\/\/oexpressobr.com.br\/index.php?rest_route=\/wp\/v2\/types\/post"}],"author":[{"embeddable":true,"href":"https:\/\/oexpressobr.com.br\/index.php?rest_route=\/wp\/v2\/users\/1"}],"replies":[{"embeddable":true,"href":"https:\/\/oexpressobr.com.br\/index.php?rest_route=%2Fwp%2Fv2%2Fcomments&post=3331"}],"version-history":[{"count":1,"href":"https:\/\/oexpressobr.com.br\/index.php?rest_route=\/wp\/v2\/posts\/3331\/revisions"}],"predecessor-version":[{"id":3333,"href":"https:\/\/oexpressobr.com.br\/index.php?rest_route=\/wp\/v2\/posts\/3331\/revisions\/3333"}],"wp:featuredmedia":[{"embeddable":true,"href":"https:\/\/oexpressobr.com.br\/index.php?rest_route=\/wp\/v2\/media\/3332"}],"wp:attachment":[{"href":"https:\/\/oexpressobr.com.br\/index.php?rest_route=%2Fwp%2Fv2%2Fmedia&parent=3331"}],"wp:term":[{"taxonomy":"category","embeddable":true,"href":"https:\/\/oexpressobr.com.br\/index.php?rest_route=%2Fwp%2Fv2%2Fcategories&post=3331"},{"taxonomy":"post_tag","embeddable":true,"href":"https:\/\/oexpressobr.com.br\/index.php?rest_route=%2Fwp%2Fv2%2Ftags&post=3331"}],"curies":[{"name":"wp","href":"https:\/\/api.w.org\/{rel}","templated":true}]}}