{"id":3334,"date":"2026-02-05T21:51:19","date_gmt":"2026-02-06T00:51:19","guid":{"rendered":"https:\/\/oexpressobr.com.br\/?p=3334"},"modified":"2026-02-05T22:04:06","modified_gmt":"2026-02-06T01:04:06","slug":"justica-do-rio-torna-re-e-decreta-prisao-preventiva-de-advogada-argentina-por-racismo-em-ipanema","status":"publish","type":"post","link":"https:\/\/oexpressobr.com.br\/?p=3334","title":{"rendered":"Justi\u00e7a do Rio torna r\u00e9 e decreta pris\u00e3o preventiva de advogada argentina por racismo em Ipanema"},"content":{"rendered":"\n<p class=\"wp-block-paragraph\">A Justi\u00e7a do Rio de Janeiro aceitou, nesta quinta-feira (5), a den\u00fancia do Minist\u00e9rio P\u00fablico e tornou r\u00e9 a advogada e influenciadora argentina <strong>Agostina P\u00e1ez<\/strong>, de 29 anos. Al\u00e9m de responder pelo crime de <strong>inj\u00faria racial<\/strong>, a turista teve sua <strong>pris\u00e3o preventiva decretada<\/strong> pela 37\u00aa Vara Criminal da Capital. O caso, que ganhou repercuss\u00e3o internacional, ocorreu em um bar na Rua Vin\u00edcius de Moraes, em Ipanema, no \u00faltimo dia 14 de janeiro.<\/p>\n\n\n\n<h3 class=\"wp-block-heading\">\u200bO conflito e as agress\u00f5es<\/h3>\n\n\n\n<p class=\"wp-block-paragraph\">\u200bDe acordo com a den\u00fancia do MPRJ, a confus\u00e3o teve in\u00edcio ap\u00f3s um desentendimento sobre os valores da conta. Agostina teria chamado um dos funcion\u00e1rios de &#8220;negro&#8221; de forma pejorativa. Mesmo ap\u00f3s ser alertada de que tal conduta \u00e9 crime no Brasil, a advogada dirigiu-se ao caixa e chamou outra funcion\u00e1ria de <strong>&#8220;mono&#8221;<\/strong> (macaco, em espanhol), acompanhando a ofensa com gestos que imitavam o animal.<\/p>\n\n\n\n<p class=\"wp-block-paragraph\">\u200bAs agress\u00f5es continuaram do lado de fora do estabelecimento. Imagens de c\u00e2meras de seguran\u00e7a e registros feitos por testemunhas mostram a turista fazendo sons e gestos de primata para outros tr\u00eas funcion\u00e1rios na cal\u00e7ada.<\/p>\n\n\n\n<h3 class=\"wp-block-heading\">\u200bDecis\u00f5es Judiciais e Medidas Cautelares<\/h3>\n\n\n\n<p class=\"wp-block-paragraph\">\u200bAntes da decreta\u00e7\u00e3o da pris\u00e3o preventiva, Agostina j\u00e1 estava sob monitoramento eletr\u00f4nico e proibida de deixar o pa\u00eds.<\/p>\n\n\n\n<ul class=\"wp-block-list\">\n<li>\u200b<strong>Reten\u00e7\u00e3o de documentos:<\/strong> O passaporte e o DNI (Documento Nacional de Identidade) da argentina foram apreendidos.<\/li>\n\n\n\n<li>\u200b<strong>Tornozeleira eletr\u00f4nica:<\/strong> A r\u00e9 foi obrigada a instalar o equipamento de monitoramento.<\/li>\n\n\n\n<li>\u200b<strong>Rejei\u00e7\u00e3o da defesa:<\/strong> A Justi\u00e7a descartou o argumento da defesa de que os gestos seriam &#8220;brincadeiras&#8221; entre amigas, destacando que uma das acompanhantes tentou, sem sucesso, conter Agostina, o que comprova a consci\u00eancia do ato il\u00edcito.<\/li>\n<\/ul>\n","protected":false},"excerpt":{"rendered":"<p>A Justi\u00e7a do Rio de Janeiro aceitou, nesta quinta-feira (5), a den\u00fancia do Minist\u00e9rio P\u00fablico e tornou r\u00e9 a advogada e influenciadora argentina Agostina P\u00e1ez, [&#8230;]<\/p>\n","protected":false},"author":1,"featured_media":3335,"comment_status":"open","ping_status":"open","sticky":false,"template":"","format":"standard","meta":{"_crdt_document":"","_jetpack_memberships_contains_paid_content":false,"footnotes":"","jetpack_publicize_message":"","jetpack_publicize_feature_enabled":true,"jetpack_social_post_already_shared":true,"jetpack_social_options":{"image_generator_settings":{"template":"highway","default_image_id":0,"font":"","enabled":false},"version":2}},"categories":[8],"tags":[],"class_list":["post-3334","post","type-post","status-publish","format-standard","has-post-thumbnail","hentry","category-judiciario"],"jetpack_publicize_connections":[],"jetpack_featured_media_url":"https:\/\/i0.wp.com\/oexpressobr.com.br\/wp-content\/uploads\/2026\/02\/IMG-20260205-WA0276.jpg?fit=506%2C476&ssl=1","jetpack_likes_enabled":true,"jetpack_sharing_enabled":true,"_links":{"self":[{"href":"https:\/\/oexpressobr.com.br\/index.php?rest_route=\/wp\/v2\/posts\/3334","targetHints":{"allow":["GET"]}}],"collection":[{"href":"https:\/\/oexpressobr.com.br\/index.php?rest_route=\/wp\/v2\/posts"}],"about":[{"href":"https:\/\/oexpressobr.com.br\/index.php?rest_route=\/wp\/v2\/types\/post"}],"author":[{"embeddable":true,"href":"https:\/\/oexpressobr.com.br\/index.php?rest_route=\/wp\/v2\/users\/1"}],"replies":[{"embeddable":true,"href":"https:\/\/oexpressobr.com.br\/index.php?rest_route=%2Fwp%2Fv2%2Fcomments&post=3334"}],"version-history":[{"count":1,"href":"https:\/\/oexpressobr.com.br\/index.php?rest_route=\/wp\/v2\/posts\/3334\/revisions"}],"predecessor-version":[{"id":3336,"href":"https:\/\/oexpressobr.com.br\/index.php?rest_route=\/wp\/v2\/posts\/3334\/revisions\/3336"}],"wp:featuredmedia":[{"embeddable":true,"href":"https:\/\/oexpressobr.com.br\/index.php?rest_route=\/wp\/v2\/media\/3335"}],"wp:attachment":[{"href":"https:\/\/oexpressobr.com.br\/index.php?rest_route=%2Fwp%2Fv2%2Fmedia&parent=3334"}],"wp:term":[{"taxonomy":"category","embeddable":true,"href":"https:\/\/oexpressobr.com.br\/index.php?rest_route=%2Fwp%2Fv2%2Fcategories&post=3334"},{"taxonomy":"post_tag","embeddable":true,"href":"https:\/\/oexpressobr.com.br\/index.php?rest_route=%2Fwp%2Fv2%2Ftags&post=3334"}],"curies":[{"name":"wp","href":"https:\/\/api.w.org\/{rel}","templated":true}]}}