{"id":3342,"date":"2026-02-07T10:47:15","date_gmt":"2026-02-07T13:47:15","guid":{"rendered":"https:\/\/oexpressobr.com.br\/?p=3342"},"modified":"2026-02-07T10:47:16","modified_gmt":"2026-02-07T13:47:16","slug":"gestao-de-enio-verri-na-itaipu-binacional-amplia-repasses-para-organizacoes-sociais-sob-criticas-de-uso-eleitoral","status":"publish","type":"post","link":"https:\/\/oexpressobr.com.br\/?p=3342","title":{"rendered":"Gest\u00e3o de Enio Verri na Itaipu Binacional amplia repasses para organiza\u00e7\u00f5es sociais sob cr\u00edticas de uso eleitoral"},"content":{"rendered":"\n<p class=\"wp-block-paragraph\">O lan\u00e7amento de um novo edital de <strong>R$ 100 milh\u00f5es<\/strong> pela <strong>Itaipu Binacional<\/strong> em janeiro de 2026, focado em organiza\u00e7\u00f5es da sociedade civil, intensificou o debate sobre a finalidade dos recursos da usina e o impacto pol\u00edtico dessas a\u00e7\u00f5es em um ano de elei\u00e7\u00f5es gerais. Sob a gest\u00e3o de <strong>Enio Verri<\/strong>, ex-deputado federal pelo PT, a binacional consolidou uma estrat\u00e9gia de pulveriza\u00e7\u00e3o de investimentos que j\u00e1 atinge 434 munic\u00edpios no Paran\u00e1 e Mato Grosso do Sul, gerando questionamentos de opositores sobre a constru\u00e7\u00e3o de uma &#8220;m\u00e1quina de palanques&#8221; regionais.<\/p>\n\n\n\n<h3 class=\"wp-block-heading\">O novo edital e a capilaridade regional<\/h3>\n\n\n\n<p class=\"wp-block-paragraph\">O <strong>Edital n\u00ba 01\/2026<\/strong>, detalhado em janeiro deste ano, destina recursos a projetos voltados a popula\u00e7\u00f5es vulner\u00e1veis, como catadores de recicl\u00e1veis, mulheres, comunidades ind\u00edgenas e agricultores familiares. Com a gest\u00e3o financeira operada pela <strong>Caixa Econ\u00f4mica Federal<\/strong>, a iniciativa \u00e9 o novo pilar do programa <strong>Itaipu Mais que Energia<\/strong>.<\/p>\n\n\n\n<p class=\"wp-block-paragraph\">Embora a diretoria da usina defenda que os investimentos s\u00e3o t\u00e9cnicos e visam a seguran\u00e7a h\u00eddrica \u2014 ao evitar o assoreamento do reservat\u00f3rio por meio de a\u00e7\u00f5es ambientais nos munic\u00edpios \u2014, cr\u00edticos apontam que a distribui\u00e7\u00e3o agressiva de verbas cria uma rede de depend\u00eancia pol\u00edtica.<\/p>\n\n\n\n<ul class=\"wp-block-list\">\n<li><strong>Alcance:<\/strong> A \u00e1rea de atua\u00e7\u00e3o foi ampliada de 54 para <strong>434 munic\u00edpios<\/strong>.<\/li>\n\n\n\n<li><strong>Recursos:<\/strong> Somente em 2025, o programa movimentou cerca de <strong>R$ 931,5 milh\u00f5es<\/strong>.<\/li>\n\n\n\n<li><strong>Fiscaliza\u00e7\u00e3o:<\/strong> Por ser uma entidade binacional, a Itaipu n\u00e3o se submete \u00e0 fiscaliza\u00e7\u00e3o direta do <strong>Tribunal de Contas da Uni\u00e3o (TCU)<\/strong>, o que, segundo especialistas, reduz os freios institucionais sobre o uso do or\u00e7amento.<\/li>\n<\/ul>\n\n\n\n<h3 class=\"wp-block-heading\">O contexto pol\u00edtico e as elei\u00e7\u00f5es de 2026<\/h3>\n\n\n\n<p class=\"wp-block-paragraph\">A perman\u00eancia de Enio Verri no cargo foi confirmada pelo pr\u00f3prio diretor-geral no final de janeiro. Apesar de cotado para disputar o Governo do Paran\u00e1 ou o Senado, Verri afirmou que atender\u00e1 a um pedido do presidente <strong>Luiz In\u00e1cio Lula da Silva<\/strong> para seguir \u00e0 frente da usina, descartando candidatura pr\u00f3pria.<\/p>\n\n\n\n<p class=\"wp-block-paragraph\">No entanto, analistas pol\u00edticos destacam que o papel de Itaipu vai al\u00e9m da gera\u00e7\u00e3o de energia:<\/p>\n\n\n\n<ol start=\"1\" class=\"wp-block-list\">\n<li><strong>Fortalecimento de Aliados:<\/strong> Os repasses diretos a prefeituras e entidades sociais fortalecem a imagem do governo federal em estados onde o PT enfrenta resist\u00eancia eleitoral.<\/li>\n\n\n\n<li><strong>Tarifa de Energia:<\/strong> A oposi\u00e7\u00e3o critica o fato de que, ap\u00f3s a quita\u00e7\u00e3o da d\u00edvida hist\u00f3rica da constru\u00e7\u00e3o da usina em 2023, o al\u00edvio financeiro n\u00e3o se traduziu em uma redu\u00e7\u00e3o dr\u00e1stica nas contas de luz para o consumidor, sendo redirecionado para projetos sociais de &#8220;visibilidade pol\u00edtica&#8221;.<\/li>\n\n\n\n<li><strong>Proposta de CPI:<\/strong> No Congresso, movimenta\u00e7\u00f5es recentes tentam emplacar uma CPI para investigar os repasses da usina, citando gastos fora da miss\u00e3o institucional, como patroc\u00ednios a festivais e conv\u00eanios vinculados \u00e0 COP30.<\/li>\n<\/ol>\n\n\n\n<h3 class=\"wp-block-heading\">O outro lado: Desenvolvimento e sustentabilidade<\/h3>\n\n\n\n<p class=\"wp-block-paragraph\">Em audi\u00eancias p\u00fablicas na Assembleia Legislativa do Paran\u00e1 (Alep), Enio Verri tem defendido a transpar\u00eancia dos atos e o cumprimento da miss\u00e3o social estabelecida desde 2005. Segundo a gest\u00e3o, os investimentos em saneamento, estradas rurais e energia renov\u00e1vel s\u00e3o &#8220;absolutamente fiscaliz\u00e1veis&#8221; e fundamentais para a preserva\u00e7\u00e3o do reservat\u00f3rio, garantindo a longevidade da usina.<\/p>\n\n\n\n<p class=\"wp-block-paragraph\">Recentemente, a Itaipu tamb\u00e9m anunciou investimentos de <strong>R$ 1,5 bilh\u00e3o<\/strong> para promover a modicidade tarif\u00e1ria em 2026, tentando equilibrar as cr\u00edticas sobre o custo da energia com sua agenda de investimentos socioambientais.<\/p>\n","protected":false},"excerpt":{"rendered":"<p>O lan\u00e7amento de um novo edital de R$ 100 milh\u00f5es pela Itaipu Binacional em janeiro de 2026, focado em organiza\u00e7\u00f5es da sociedade civil, intensificou o [&#8230;]<\/p>\n","protected":false},"author":1,"featured_media":3343,"comment_status":"open","ping_status":"open","sticky":false,"template":"","format":"standard","meta":{"_crdt_document":"","_jetpack_memberships_contains_paid_content":false,"footnotes":"","jetpack_publicize_message":"","jetpack_publicize_feature_enabled":true,"jetpack_social_post_already_shared":true,"jetpack_social_options":{"image_generator_settings":{"template":"highway","default_image_id":0,"font":"","enabled":false},"version":2}},"categories":[7],"tags":[],"class_list":["post-3342","post","type-post","status-publish","format-standard","has-post-thumbnail","hentry","category-politica"],"jetpack_publicize_connections":[],"jetpack_featured_media_url":"https:\/\/i0.wp.com\/oexpressobr.com.br\/wp-content\/uploads\/2026\/02\/54437161940_90b7af0bf5_o.webp?fit=1600%2C800&ssl=1","jetpack_likes_enabled":true,"jetpack_sharing_enabled":true,"_links":{"self":[{"href":"https:\/\/oexpressobr.com.br\/index.php?rest_route=\/wp\/v2\/posts\/3342","targetHints":{"allow":["GET"]}}],"collection":[{"href":"https:\/\/oexpressobr.com.br\/index.php?rest_route=\/wp\/v2\/posts"}],"about":[{"href":"https:\/\/oexpressobr.com.br\/index.php?rest_route=\/wp\/v2\/types\/post"}],"author":[{"embeddable":true,"href":"https:\/\/oexpressobr.com.br\/index.php?rest_route=\/wp\/v2\/users\/1"}],"replies":[{"embeddable":true,"href":"https:\/\/oexpressobr.com.br\/index.php?rest_route=%2Fwp%2Fv2%2Fcomments&post=3342"}],"version-history":[{"count":1,"href":"https:\/\/oexpressobr.com.br\/index.php?rest_route=\/wp\/v2\/posts\/3342\/revisions"}],"predecessor-version":[{"id":3344,"href":"https:\/\/oexpressobr.com.br\/index.php?rest_route=\/wp\/v2\/posts\/3342\/revisions\/3344"}],"wp:featuredmedia":[{"embeddable":true,"href":"https:\/\/oexpressobr.com.br\/index.php?rest_route=\/wp\/v2\/media\/3343"}],"wp:attachment":[{"href":"https:\/\/oexpressobr.com.br\/index.php?rest_route=%2Fwp%2Fv2%2Fmedia&parent=3342"}],"wp:term":[{"taxonomy":"category","embeddable":true,"href":"https:\/\/oexpressobr.com.br\/index.php?rest_route=%2Fwp%2Fv2%2Fcategories&post=3342"},{"taxonomy":"post_tag","embeddable":true,"href":"https:\/\/oexpressobr.com.br\/index.php?rest_route=%2Fwp%2Fv2%2Ftags&post=3342"}],"curies":[{"name":"wp","href":"https:\/\/api.w.org\/{rel}","templated":true}]}}