{"id":3346,"date":"2026-02-07T11:12:36","date_gmt":"2026-02-07T14:12:36","guid":{"rendered":"https:\/\/oexpressobr.com.br\/?p=3346"},"modified":"2026-02-07T11:12:37","modified_gmt":"2026-02-07T14:12:37","slug":"renovacao-em-pauta-o-avanco-de-novos-nomes-e-a-pressao-por-projetos-sociais-para-2026","status":"publish","type":"post","link":"https:\/\/oexpressobr.com.br\/?p=3346","title":{"rendered":"Renova\u00e7\u00e3o em pauta: o avan\u00e7o de novos nomes e a press\u00e3o por projetos sociais para 2026"},"content":{"rendered":"\n<p class=\"wp-block-paragraph\">Com a proximidade do pleito de 2026, o cen\u00e1rio pol\u00edtico brasileiro come\u00e7a a desenhar um movimento de satura\u00e7\u00e3o em rela\u00e7\u00e3o a figuras tradicionais e &#8220;milion\u00e1rios da pol\u00edtica&#8221;. Enquanto os bastidores do Congresso Nacional e das Assembleias Legislativas ainda s\u00e3o dominados por nomes de longa data, cresce a demanda por uma <strong>renova\u00e7\u00e3o aut\u00eantica<\/strong>, focada em seguran\u00e7a p\u00fablica, igualdade social e propostas que saiam do papel para atingir as camadas mais vulner\u00e1veis da popula\u00e7\u00e3o.<\/p>\n\n\n\n<h3 class=\"wp-block-heading\">\u200bO desafio da renova\u00e7\u00e3o nas urnas<\/h3>\n\n\n\n<p class=\"wp-block-paragraph\">\u200bHistoricamente, o \u00edndice de renova\u00e7\u00e3o no Legislativo brasileiro oscila entre momentos de ruptura e continuidade. Em 2018, a C\u00e2mara dos Deputados atingiu sua maior renova\u00e7\u00e3o em duas d\u00e9cadas, chegando a <strong>52%<\/strong>. No entanto, em 2022, esse n\u00famero caiu para cerca de <strong>40%<\/strong>, evidenciando a for\u00e7a das m\u00e1quinas partid\u00e1rias e dos candidatos com grandes recursos financeiros.<\/p>\n\n\n\n<p class=\"wp-block-paragraph\">\u200bPara 2026, o clamor popular foca em dois pilares:<\/p>\n\n\n\n<ul class=\"wp-block-list\">\n<li>\u200b<strong>A sa\u00edda de &#8220;figur\u00f5es&#8221;:<\/strong> Cr\u00edticas ao distanciamento de parlamentares que, apesar de patrim\u00f4nios milion\u00e1rios, carecem de projetos com impacto direto na vida do cidad\u00e3o.<\/li>\n\n\n\n<li>\u200b<strong>O &#8220;sangue novo&#8221; da seguran\u00e7a:<\/strong> Candidatos oriundos das for\u00e7as policiais continuam sendo uma aposta forte de renova\u00e7\u00e3o, especialmente em estados onde a percep\u00e7\u00e3o de inseguran\u00e7a \u00e9 alta.<\/li>\n<\/ul>\n\n\n\n<h3 class=\"wp-block-heading\">\u200bNovidades e movimentos para o pr\u00f3ximo pleito<\/h3>\n\n\n\n<p class=\"wp-block-paragraph\">\u200bAs regras para 2026 j\u00e1 est\u00e3o sendo desenhadas pelo Tribunal Superior Eleitoral (TSE). De acordo com atualiza\u00e7\u00f5es recentes de fevereiro de 2026, o sistema de registro de pesquisas j\u00e1 est\u00e1 ativo e o prazo para regulariza\u00e7\u00e3o do t\u00edtulo de eleitor se encerra em maio deste ano.<\/p>\n\n\n\n<p class=\"wp-block-paragraph\">\u200bAl\u00e9m disso, escolas de forma\u00e7\u00e3o pol\u00edtica, como o <strong>RenovaBR<\/strong>, j\u00e1 abriram inscri\u00e7\u00f5es para preparar novos l\u00edderes, visando profissionalizar candidaturas que n\u00e3o dependam exclusivamente de heran\u00e7as pol\u00edticas ou grandes fortunas. No campo social, a discuss\u00e3o central para 2026 deve girar em torno da <strong>tributa\u00e7\u00e3o sobre altas rendas<\/strong> e da amplia\u00e7\u00e3o de projetos de igualdade social, temas que devem ser o divisor de \u00e1guas entre a &#8220;velha&#8221; e a &#8220;nova&#8221; pol\u00edtica.<\/p>\n\n\n\n<h3 class=\"wp-block-heading\">\u200bF\u00e9 e esperan\u00e7a na pol\u00edtica<\/h3>\n\n\n\n<p class=\"wp-block-paragraph\">\u200bPara muitos eleitores, a renova\u00e7\u00e3o n\u00e3o \u00e9 apenas t\u00e9cnica, mas moral. O desejo por pol\u00edticos &#8220;s\u00e9rios e tementes a Deus&#8221; reflete a busca por uma \u00e9tica que pacifique o pa\u00eds. A expectativa \u00e9 que 2026 n\u00e3o seja apenas uma troca de nomes, mas uma mudan\u00e7a de postura, onde o projeto de pa\u00eds prevale\u00e7a sobre os interesses individuais de quem j\u00e1 est\u00e1 no poder h\u00e1 d\u00e9cadas.<\/p>\n","protected":false},"excerpt":{"rendered":"<p>Com a proximidade do pleito de 2026, o cen\u00e1rio pol\u00edtico brasileiro come\u00e7a a desenhar um movimento de satura\u00e7\u00e3o em rela\u00e7\u00e3o a figuras tradicionais e &#8220;milion\u00e1rios [&#8230;]<\/p>\n","protected":false},"author":1,"featured_media":3347,"comment_status":"open","ping_status":"open","sticky":false,"template":"","format":"standard","meta":{"_crdt_document":"","_jetpack_memberships_contains_paid_content":false,"footnotes":"","jetpack_publicize_message":"","jetpack_publicize_feature_enabled":true,"jetpack_social_post_already_shared":true,"jetpack_social_options":{"image_generator_settings":{"template":"highway","default_image_id":0,"font":"","enabled":false},"version":2}},"categories":[3],"tags":[],"class_list":["post-3346","post","type-post","status-publish","format-standard","has-post-thumbnail","hentry","category-brasil"],"jetpack_publicize_connections":[],"jetpack_featured_media_url":"https:\/\/i0.wp.com\/oexpressobr.com.br\/wp-content\/uploads\/2026\/02\/images27.jpg?fit=552%2C362&ssl=1","jetpack_likes_enabled":true,"jetpack_sharing_enabled":true,"_links":{"self":[{"href":"https:\/\/oexpressobr.com.br\/index.php?rest_route=\/wp\/v2\/posts\/3346","targetHints":{"allow":["GET"]}}],"collection":[{"href":"https:\/\/oexpressobr.com.br\/index.php?rest_route=\/wp\/v2\/posts"}],"about":[{"href":"https:\/\/oexpressobr.com.br\/index.php?rest_route=\/wp\/v2\/types\/post"}],"author":[{"embeddable":true,"href":"https:\/\/oexpressobr.com.br\/index.php?rest_route=\/wp\/v2\/users\/1"}],"replies":[{"embeddable":true,"href":"https:\/\/oexpressobr.com.br\/index.php?rest_route=%2Fwp%2Fv2%2Fcomments&post=3346"}],"version-history":[{"count":1,"href":"https:\/\/oexpressobr.com.br\/index.php?rest_route=\/wp\/v2\/posts\/3346\/revisions"}],"predecessor-version":[{"id":3348,"href":"https:\/\/oexpressobr.com.br\/index.php?rest_route=\/wp\/v2\/posts\/3346\/revisions\/3348"}],"wp:featuredmedia":[{"embeddable":true,"href":"https:\/\/oexpressobr.com.br\/index.php?rest_route=\/wp\/v2\/media\/3347"}],"wp:attachment":[{"href":"https:\/\/oexpressobr.com.br\/index.php?rest_route=%2Fwp%2Fv2%2Fmedia&parent=3346"}],"wp:term":[{"taxonomy":"category","embeddable":true,"href":"https:\/\/oexpressobr.com.br\/index.php?rest_route=%2Fwp%2Fv2%2Fcategories&post=3346"},{"taxonomy":"post_tag","embeddable":true,"href":"https:\/\/oexpressobr.com.br\/index.php?rest_route=%2Fwp%2Fv2%2Ftags&post=3346"}],"curies":[{"name":"wp","href":"https:\/\/api.w.org\/{rel}","templated":true}]}}