{"id":3349,"date":"2026-02-07T11:20:21","date_gmt":"2026-02-07T14:20:21","guid":{"rendered":"https:\/\/oexpressobr.com.br\/?p=3349"},"modified":"2026-02-07T11:20:23","modified_gmt":"2026-02-07T14:20:23","slug":"requiao-filho-e-rede-sustentabilidade-articulam-frente-para-reduzir-tarifas-de-luz-e-agua-no-parana","status":"publish","type":"post","link":"https:\/\/oexpressobr.com.br\/?p=3349","title":{"rendered":"REQUI\u00c3O Filho e Rede Sustentabilidade articulam frente para reduzir tarifas de luz e \u00e1gua no Paran\u00e1"},"content":{"rendered":"\n<p class=\"wp-block-paragraph\">A corrida para o Pal\u00e1cio Igua\u00e7u em 2026 ganha novos contornos com a intensifica\u00e7\u00e3o das articula\u00e7\u00f5es entre o deputado estadual <strong>Requi\u00e3o Filho (PDT)<\/strong> e a <strong>Rede Sustentabilidade<\/strong>. O movimento, que j\u00e1 ecoa em grupos de mobiliza\u00e7\u00e3o digital, foca em uma das pautas mais sens\u00edveis ao bolso do paranaense: o alto custo de vida, impulsionado pelas tarifas da <strong>Copel<\/strong> e da <strong>Sanepar<\/strong>.<\/p>\n\n\n\n<p class=\"wp-block-paragraph\">\u200bA estrat\u00e9gia da coaliz\u00e3o \u00e9 resgatar e atualizar o modelo de gest\u00e3o que prioriza o consumidor final em detrimento da distribui\u00e7\u00e3o recorde de dividendos a acionistas privados. A proposta central da alian\u00e7a, que busca atrair outros partidos do campo progressista, \u00e9 a revis\u00e3o imediata da pol\u00edtica de pre\u00e7os dessas estatais (ou ex-estatais, no caso da Copel), visando a implementa\u00e7\u00e3o de uma estrutura tarif\u00e1ria mais justa.<\/p>\n\n\n\n<h3 class=\"wp-block-heading\">\u200bO Foco nas Tarifas: \u00c1gua e Luz<\/h3>\n\n\n\n<p class=\"wp-block-paragraph\">\u200bPara os articuladores da Rede e do grupo pol\u00edtico de Requi\u00e3o Filho, o Paran\u00e1 vive um paradoxo: enquanto as empresas registram lucros bilion\u00e1rios, a popula\u00e7\u00e3o enfrenta reajustes sucessivos.<\/p>\n\n\n\n<ul class=\"wp-block-list\">\n<li>\u200b<strong>Copel:<\/strong> Cr\u00edtico ferrenho da privatiza\u00e7\u00e3o da companhia, Requi\u00e3o Filho defende que o Estado recupere o protagonismo na defini\u00e7\u00e3o de pre\u00e7os, evitando que a l\u00f3gica do lucro m\u00e1ximo de curto prazo encare\u00e7a a fatia de energia para resid\u00eancias e pequenos neg\u00f3cios.<\/li>\n\n\n\n<li>\u200b<strong>Sanepar:<\/strong> A pauta inclui a amplia\u00e7\u00e3o da <strong>Tarifa Social<\/strong> e o questionamento do plano de investimentos que, segundo a oposi\u00e7\u00e3o, muitas vezes acaba repassado integralmente ao consumidor sem a devida contrapartida em redu\u00e7\u00e3o de custos operacionais.<\/li>\n<\/ul>\n\n\n\n<h3 class=\"wp-block-heading\">\u200bArticula\u00e7\u00e3o Pol\u00edtica e 2026<\/h3>\n\n\n\n<p class=\"wp-block-paragraph\">\u200bOs bastidores apontam que a Rede Sustentabilidade v\u00ea no nome de Requi\u00e3o Filho \u2014 que recentemente se filiou ao <strong>PDT<\/strong> ap\u00f3s deixar o PT \u2014 o perfil ideal para liderar uma frente ampla. O objetivo \u00e9 criar uma alternativa \u00e0 atual gest\u00e3o e a nomes que representam a continuidade do modelo econ\u00f4mico vigente no estado.<\/p>\n\n\n\n<blockquote class=\"wp-block-quote is-layout-flow wp-block-quote-is-layout-flow\">\n<p class=\"wp-block-paragraph\">\u200b&#8221;A ideia \u00e9 discutir um Paran\u00e1 real. N\u00e3o um Paran\u00e1 de propaganda, mas um estado onde o cidad\u00e3o consiga pagar suas contas e as empresas p\u00fablicas sirvam ao bem comum&#8221;, afirmou o parlamentar em recentes discuss\u00f5es sobre seu projeto para 2026.<\/p>\n<\/blockquote>\n\n\n\n<h3 class=\"wp-block-heading\">\u200bMobiliza\u00e7\u00e3o Digital<\/h3>\n\n\n\n<p class=\"wp-block-paragraph\">\u200bA mensagem de &#8220;esperan\u00e7a em baixar o custo de vida&#8221; tem ganhado tra\u00e7\u00e3o r\u00e1pida via WhatsApp e redes sociais. Volunt\u00e1rios e militantes da Rede t\u00eam disseminado materiais que comparam os pre\u00e7os atuais com proje\u00e7\u00f5es de uma gest\u00e3o focada na modicidade tarif\u00e1ria. Esse movimento org\u00e2nico \u00e9 visto por analistas como um term\u00f4metro importante para a viabilidade da candidatura, conectando a pol\u00edtica institucional diretamente \u00e0 necessidade b\u00e1sica da popula\u00e7\u00e3o.<\/p>\n\n\n\n<h3 class=\"wp-block-heading\">\u200bPr\u00f3ximos Passos<\/h3>\n\n\n\n<p class=\"wp-block-paragraph\">\u200bA tend\u00eancia \u00e9 que, nos pr\u00f3ximos meses, o bloco realize semin\u00e1rios regionais no Paran\u00e1 para detalhar o plano de governo, com foco especial em sustentabilidade energ\u00e9tica e saneamento b\u00e1sico acess\u00edvel.<\/p>\n","protected":false},"excerpt":{"rendered":"<p>A corrida para o Pal\u00e1cio Igua\u00e7u em 2026 ganha novos contornos com a intensifica\u00e7\u00e3o das articula\u00e7\u00f5es entre o deputado estadual Requi\u00e3o Filho (PDT) e a [&#8230;]<\/p>\n","protected":false},"author":1,"featured_media":3350,"comment_status":"open","ping_status":"open","sticky":false,"template":"","format":"standard","meta":{"_crdt_document":"","_jetpack_memberships_contains_paid_content":false,"footnotes":"","jetpack_publicize_message":"","jetpack_publicize_feature_enabled":true,"jetpack_social_post_already_shared":true,"jetpack_social_options":{"image_generator_settings":{"template":"highway","default_image_id":0,"font":"","enabled":false},"version":2}},"categories":[5],"tags":[],"class_list":["post-3349","post","type-post","status-publish","format-standard","has-post-thumbnail","hentry","category-parana"],"jetpack_publicize_connections":[],"jetpack_featured_media_url":"https:\/\/i0.wp.com\/oexpressobr.com.br\/wp-content\/uploads\/2026\/02\/whatsapp-image-2024-06-18-at-14.29.19.jpeg?fit=1200%2C801&ssl=1","jetpack_likes_enabled":true,"jetpack_sharing_enabled":true,"_links":{"self":[{"href":"https:\/\/oexpressobr.com.br\/index.php?rest_route=\/wp\/v2\/posts\/3349","targetHints":{"allow":["GET"]}}],"collection":[{"href":"https:\/\/oexpressobr.com.br\/index.php?rest_route=\/wp\/v2\/posts"}],"about":[{"href":"https:\/\/oexpressobr.com.br\/index.php?rest_route=\/wp\/v2\/types\/post"}],"author":[{"embeddable":true,"href":"https:\/\/oexpressobr.com.br\/index.php?rest_route=\/wp\/v2\/users\/1"}],"replies":[{"embeddable":true,"href":"https:\/\/oexpressobr.com.br\/index.php?rest_route=%2Fwp%2Fv2%2Fcomments&post=3349"}],"version-history":[{"count":1,"href":"https:\/\/oexpressobr.com.br\/index.php?rest_route=\/wp\/v2\/posts\/3349\/revisions"}],"predecessor-version":[{"id":3351,"href":"https:\/\/oexpressobr.com.br\/index.php?rest_route=\/wp\/v2\/posts\/3349\/revisions\/3351"}],"wp:featuredmedia":[{"embeddable":true,"href":"https:\/\/oexpressobr.com.br\/index.php?rest_route=\/wp\/v2\/media\/3350"}],"wp:attachment":[{"href":"https:\/\/oexpressobr.com.br\/index.php?rest_route=%2Fwp%2Fv2%2Fmedia&parent=3349"}],"wp:term":[{"taxonomy":"category","embeddable":true,"href":"https:\/\/oexpressobr.com.br\/index.php?rest_route=%2Fwp%2Fv2%2Fcategories&post=3349"},{"taxonomy":"post_tag","embeddable":true,"href":"https:\/\/oexpressobr.com.br\/index.php?rest_route=%2Fwp%2Fv2%2Ftags&post=3349"}],"curies":[{"name":"wp","href":"https:\/\/api.w.org\/{rel}","templated":true}]}}