{"id":3352,"date":"2026-02-07T11:28:39","date_gmt":"2026-02-07T14:28:39","guid":{"rendered":"https:\/\/oexpressobr.com.br\/?p=3352"},"modified":"2026-02-07T11:28:40","modified_gmt":"2026-02-07T14:28:40","slug":"mppr-investiga-supostas-fraudes-em-contratos-de-servicos-mecanicos-e-pecas-em-campina-da-lagoa","status":"publish","type":"post","link":"https:\/\/oexpressobr.com.br\/?p=3352","title":{"rendered":"MPPR INVESTIGA supostas fraudes em contratos de servi\u00e7os mec\u00e2nicos e pe\u00e7as em Campina da Lagoa"},"content":{"rendered":"\n<p class=\"wp-block-paragraph\">\u200b<strong>CAMPINA DA LAGOA<\/strong> \u2013 O Minist\u00e9rio P\u00fablico do Estado do Paran\u00e1 (MPPR), por meio da Promotoria de Justi\u00e7a da Comarca de Campina da Lagoa, instaurou um Inqu\u00e9rito Civil para apurar graves den\u00fancias de irregularidades em contratos administrativos do munic\u00edpio. O foco da investiga\u00e7\u00e3o s\u00e3o supostas fraudes em processos licitat\u00f3rios e na execu\u00e7\u00e3o de contratos voltados \u00e0 presta\u00e7\u00e3o de servi\u00e7os mec\u00e2nicos e fornecimento de pe\u00e7as para a frota municipal.<\/p>\n\n\n\n<p class=\"wp-block-paragraph\">\u200bA investiga\u00e7\u00e3o, conduzida pela promotora Dr.\u00aa Barbara Garla Stegmann, teve in\u00edcio ap\u00f3s o recebimento de uma Not\u00edcia de Fato que detalhava ind\u00edcios de favorecimento e poss\u00edveis sobrepre\u00e7os nos servi\u00e7os prestados. Segundo informa\u00e7\u00f5es preliminares, a apura\u00e7\u00e3o busca identificar se houve direcionamento de licita\u00e7\u00f5es para empresas espec\u00edficas e se as pe\u00e7as faturadas foram efetivamente entregues e instaladas nos ve\u00edculos oficiais.<\/p>\n\n\n\n<p class=\"wp-block-paragraph\">\u200b<strong>Desdobramentos e Contexto Local<\/strong><\/p>\n\n\n\n<p class=\"wp-block-paragraph\">Esta n\u00e3o \u00e9 a \u00fanica frente de investiga\u00e7\u00e3o sobre a gest\u00e3o do patrim\u00f4nio p\u00fablico na cidade. Recentemente, em novembro de 2025, o MPPR tamb\u00e9m oficializou o Inqu\u00e9rito Civil n\u00ba 0021.25.000311-4 para investigar suspeitas de nepotismo e favorecimento em contratos de fornecimento de concreto, envolvendo familiares de ex-secret\u00e1rios municipais.<\/p>\n\n\n\n<p class=\"wp-block-paragraph\">\u200bNo caso dos servi\u00e7os mec\u00e2nicos, o Minist\u00e9rio P\u00fablico determinou o levantamento de notas fiscais, ordens de servi\u00e7o e cronogramas de manuten\u00e7\u00e3o dos \u00faltimos anos. O objetivo \u00e9 cruzar os dados para verificar se o volume de manuten\u00e7\u00f5es registradas condiz com o uso real da frota de secretarias como Sa\u00fade, Obras e Educa\u00e7\u00e3o.<\/p>\n\n\n\n<p class=\"wp-block-paragraph\">\u200b<strong>Implica\u00e7\u00f5es Legais<\/strong><\/p>\n\n\n\n<p class=\"wp-block-paragraph\">Caso as irregularidades sejam comprovadas, os envolvidos podem responder por atos de improbidade administrativa, que incluem san\u00e7\u00f5es como o ressarcimento integral do dano ao er\u00e1rio, perda da fun\u00e7\u00e3o p\u00fablica e suspens\u00e3o dos direitos pol\u00edticos. Na esfera criminal, as condutas podem ser tipificadas como fraude \u00e0 licita\u00e7\u00e3o e peculato.<\/p>\n\n\n\n<p class=\"wp-block-paragraph\">\u200bA atual administra\u00e7\u00e3o municipal tem sido oficiada a prestar esclarecimentos e fornecer c\u00f3pias integrais dos procedimentos licitat\u00f3rios sob suspeita. O espa\u00e7o segue aberto para a manifesta\u00e7\u00e3o dos citados e da defesa dos respons\u00e1veis pelas empresas investigadas.<\/p>\n\n\n\n<p class=\"wp-block-paragraph\">\u200bA popula\u00e7\u00e3o de Campina da Lagoa aguarda o desfecho das apura\u00e7\u00f5es, que refor\u00e7am o cerco das autoridades contra o uso indevido de recursos p\u00fablicos na regi\u00e3o oeste do estado.<\/p>\n","protected":false},"excerpt":{"rendered":"<p>\u200bCAMPINA DA LAGOA \u2013 O Minist\u00e9rio P\u00fablico do Estado do Paran\u00e1 (MPPR), por meio da Promotoria de Justi\u00e7a da Comarca de Campina da Lagoa, instaurou [&#8230;]<\/p>\n","protected":false},"author":1,"featured_media":3353,"comment_status":"open","ping_status":"open","sticky":false,"template":"","format":"standard","meta":{"_crdt_document":"","_jetpack_memberships_contains_paid_content":false,"footnotes":"","jetpack_publicize_message":"","jetpack_publicize_feature_enabled":true,"jetpack_social_post_already_shared":true,"jetpack_social_options":{"image_generator_settings":{"template":"highway","default_image_id":0,"font":"","enabled":false},"version":2}},"categories":[16],"tags":[],"class_list":["post-3352","post","type-post","status-publish","format-standard","has-post-thumbnail","hentry","category-denuncia"],"jetpack_publicize_connections":[],"jetpack_featured_media_url":"https:\/\/i0.wp.com\/oexpressobr.com.br\/wp-content\/uploads\/2026\/02\/Campina_da_Lagoa_PR.jpg.webp?fit=656%2C418&ssl=1","jetpack_likes_enabled":true,"jetpack_sharing_enabled":true,"_links":{"self":[{"href":"https:\/\/oexpressobr.com.br\/index.php?rest_route=\/wp\/v2\/posts\/3352","targetHints":{"allow":["GET"]}}],"collection":[{"href":"https:\/\/oexpressobr.com.br\/index.php?rest_route=\/wp\/v2\/posts"}],"about":[{"href":"https:\/\/oexpressobr.com.br\/index.php?rest_route=\/wp\/v2\/types\/post"}],"author":[{"embeddable":true,"href":"https:\/\/oexpressobr.com.br\/index.php?rest_route=\/wp\/v2\/users\/1"}],"replies":[{"embeddable":true,"href":"https:\/\/oexpressobr.com.br\/index.php?rest_route=%2Fwp%2Fv2%2Fcomments&post=3352"}],"version-history":[{"count":1,"href":"https:\/\/oexpressobr.com.br\/index.php?rest_route=\/wp\/v2\/posts\/3352\/revisions"}],"predecessor-version":[{"id":3354,"href":"https:\/\/oexpressobr.com.br\/index.php?rest_route=\/wp\/v2\/posts\/3352\/revisions\/3354"}],"wp:featuredmedia":[{"embeddable":true,"href":"https:\/\/oexpressobr.com.br\/index.php?rest_route=\/wp\/v2\/media\/3353"}],"wp:attachment":[{"href":"https:\/\/oexpressobr.com.br\/index.php?rest_route=%2Fwp%2Fv2%2Fmedia&parent=3352"}],"wp:term":[{"taxonomy":"category","embeddable":true,"href":"https:\/\/oexpressobr.com.br\/index.php?rest_route=%2Fwp%2Fv2%2Fcategories&post=3352"},{"taxonomy":"post_tag","embeddable":true,"href":"https:\/\/oexpressobr.com.br\/index.php?rest_route=%2Fwp%2Fv2%2Ftags&post=3352"}],"curies":[{"name":"wp","href":"https:\/\/api.w.org\/{rel}","templated":true}]}}