{"id":3355,"date":"2026-02-07T11:38:45","date_gmt":"2026-02-07T14:38:45","guid":{"rendered":"https:\/\/oexpressobr.com.br\/?p=3355"},"modified":"2026-02-07T11:38:46","modified_gmt":"2026-02-07T14:38:46","slug":"policia-investiga-suposta-tentativa-de-sequestro-de-adolescente-em-morretes-e-reforca-vigilancia","status":"publish","type":"post","link":"https:\/\/oexpressobr.com.br\/?p=3355","title":{"rendered":"Pol\u00edcia investiga suposta tentativa de sequestro de adolescente em Morretes e refor\u00e7a vigil\u00e2ncia"},"content":{"rendered":"\n<p class=\"wp-block-paragraph\"><strong>Morretes, PR<\/strong> \u2013 Um caso que gerou grande preocupa\u00e7\u00e3o entre moradores e familiares ganhou repercuss\u00e3o recente em Morretes, no litoral do Paran\u00e1. O incidente envolve um adolescente de 12 anos que teria sido alvo de uma abordagem suspeita, levantando o alerta para uma poss\u00edvel tentativa de sequestro na regi\u00e3o.<\/p>\n\n\n\n<p class=\"wp-block-paragraph\">\u200bDe acordo com relatos preliminares que circularam em redes sociais e grupos de mensagens locais, o jovem teria sido abordado por indiv\u00edduos em um ve\u00edculo enquanto transitava por uma via p\u00fablica. A r\u00e1pida rea\u00e7\u00e3o do adolescente e o aux\u00edlio de populares teriam sido cruciais para evitar que a situa\u00e7\u00e3o se agravasse.<\/p>\n\n\n\n<h3 class=\"wp-block-heading\">\u200bAtua\u00e7\u00e3o da Pol\u00edcia Civil e investiga\u00e7\u00f5es<\/h3>\n\n\n\n<p class=\"wp-block-paragraph\">\u200bA Pol\u00edcia Civil do Paran\u00e1 (PCPR), que mant\u00e9m uma presen\u00e7a ativa na regi\u00e3o com opera\u00e7\u00f5es recentes, est\u00e1 apurando os fatos. Em situa\u00e7\u00f5es an\u00e1logas registradas no estado, a pol\u00edcia utiliza imagens de c\u00e2meras de monitoramento e depoimentos de testemunhas para identificar os ve\u00edculos e suspeitos envolvidos.<\/p>\n\n\n\n<p class=\"wp-block-paragraph\">\u200bEmbora alguns casos de &#8220;suposto sequestro&#8221; acabem sendo descartados ap\u00f3s a investiga\u00e7\u00e3o apontar para mal-entendidos ou outras naturezas de ocorr\u00eancia, a orienta\u00e7\u00e3o das autoridades \u00e9 de que qualquer abordagem suspeita seja reportada imediatamente via 190 (Pol\u00edcia Militar) ou 197 (Pol\u00edcia Civil).<\/p>\n\n\n\n<h3 class=\"wp-block-heading\">\u200bContexto de seguran\u00e7a na regi\u00e3o<\/h3>\n\n\n\n<p class=\"wp-block-paragraph\">\u200bA seguran\u00e7a em Morretes tem sido pauta constante das for\u00e7as policiais. Nas \u00faltimas semanas de 2025 e in\u00edcio de 2026, a PCPR realizou diversas pris\u00f5es no munic\u00edpio relacionadas a crimes contra vulner\u00e1veis e extors\u00e3o mediante sequestro, demonstrando um monitoramento rigoroso na \u00e1rea litor\u00e2nea.<\/p>\n\n\n\n<ul class=\"wp-block-list\">\n<li>\u200b<strong>Preven\u00e7\u00e3o:<\/strong> Escolas e associa\u00e7\u00f5es de moradores t\u00eam refor\u00e7ado orienta\u00e7\u00f5es para que crian\u00e7as e adolescentes evitem caminhar sozinhos em hor\u00e1rios de pouco movimento e fiquem atentos a ve\u00edculos desconhecidos.<\/li>\n\n\n\n<li>\u200b<strong>Investiga\u00e7\u00e3o em curso:<\/strong> O boletim de ocorr\u00eancia serve como base para que a delegacia local verifique se h\u00e1 um padr\u00e3o de atua\u00e7\u00e3o criminosa ou se trata-se de um caso isolado.<\/li>\n<\/ul>\n\n\n\n<p class=\"wp-block-paragraph\">\u200bAs autoridades locais pedem que a popula\u00e7\u00e3o evite o compartilhamento de informa\u00e7\u00f5es n\u00e3o confirmadas para n\u00e3o gerar p\u00e2nico generalizado, mas ressaltam a import\u00e2ncia de manter a vigil\u00e2ncia redobrada. Qualquer informa\u00e7\u00e3o que ajude na identifica\u00e7\u00e3o dos envolvidos pode ser repassada de forma an\u00f4nima pelo Disque-Den\u00fancia 181.<\/p>\n","protected":false},"excerpt":{"rendered":"<p>Morretes, PR \u2013 Um caso que gerou grande preocupa\u00e7\u00e3o entre moradores e familiares ganhou repercuss\u00e3o recente em Morretes, no litoral do Paran\u00e1. O incidente envolve [&#8230;]<\/p>\n","protected":false},"author":1,"featured_media":3356,"comment_status":"open","ping_status":"open","sticky":false,"template":"","format":"standard","meta":{"_crdt_document":"","_jetpack_memberships_contains_paid_content":false,"footnotes":"","jetpack_publicize_message":"","jetpack_publicize_feature_enabled":true,"jetpack_social_post_already_shared":true,"jetpack_social_options":{"image_generator_settings":{"template":"highway","default_image_id":0,"font":"","enabled":false},"version":2}},"categories":[9],"tags":[],"class_list":["post-3355","post","type-post","status-publish","format-standard","has-post-thumbnail","hentry","category-policia"],"jetpack_publicize_connections":[],"jetpack_featured_media_url":"https:\/\/i0.wp.com\/oexpressobr.com.br\/wp-content\/uploads\/2026\/02\/FB_IMG_1770474934790.jpg?fit=998%2C571&ssl=1","jetpack_likes_enabled":true,"jetpack_sharing_enabled":true,"_links":{"self":[{"href":"https:\/\/oexpressobr.com.br\/index.php?rest_route=\/wp\/v2\/posts\/3355","targetHints":{"allow":["GET"]}}],"collection":[{"href":"https:\/\/oexpressobr.com.br\/index.php?rest_route=\/wp\/v2\/posts"}],"about":[{"href":"https:\/\/oexpressobr.com.br\/index.php?rest_route=\/wp\/v2\/types\/post"}],"author":[{"embeddable":true,"href":"https:\/\/oexpressobr.com.br\/index.php?rest_route=\/wp\/v2\/users\/1"}],"replies":[{"embeddable":true,"href":"https:\/\/oexpressobr.com.br\/index.php?rest_route=%2Fwp%2Fv2%2Fcomments&post=3355"}],"version-history":[{"count":1,"href":"https:\/\/oexpressobr.com.br\/index.php?rest_route=\/wp\/v2\/posts\/3355\/revisions"}],"predecessor-version":[{"id":3357,"href":"https:\/\/oexpressobr.com.br\/index.php?rest_route=\/wp\/v2\/posts\/3355\/revisions\/3357"}],"wp:featuredmedia":[{"embeddable":true,"href":"https:\/\/oexpressobr.com.br\/index.php?rest_route=\/wp\/v2\/media\/3356"}],"wp:attachment":[{"href":"https:\/\/oexpressobr.com.br\/index.php?rest_route=%2Fwp%2Fv2%2Fmedia&parent=3355"}],"wp:term":[{"taxonomy":"category","embeddable":true,"href":"https:\/\/oexpressobr.com.br\/index.php?rest_route=%2Fwp%2Fv2%2Fcategories&post=3355"},{"taxonomy":"post_tag","embeddable":true,"href":"https:\/\/oexpressobr.com.br\/index.php?rest_route=%2Fwp%2Fv2%2Ftags&post=3355"}],"curies":[{"name":"wp","href":"https:\/\/api.w.org\/{rel}","templated":true}]}}